{"id":150108,"date":"2024-05-15T22:05:19","date_gmt":"2024-05-15T22:05:19","guid":{"rendered":"https:\/\/cordoba.gob.ar\/?p=57807"},"modified":"2024-05-15T22:05:19","modified_gmt":"2024-05-15T22:05:19","slug":"se-presentaron-108-proyectos-a-la-convocatoria-del-programa-ciudad-activa","status":"publish","type":"post","link":"http:\/\/cordobadirecto.com\/index.php\/2024\/05\/15\/se-presentaron-108-proyectos-a-la-convocatoria-del-programa-ciudad-activa\/","title":{"rendered":"Se presentaron 108 proyectos a la convocatoria del Programa Ciudad Activa"},"content":{"rendered":"<div><img src=\"http:\/\/cordobadirecto.com\/wp-content\/uploads\/2024\/05\/se-presentaron-108-proyectos-a-la-convocatoria-del-programa-ciudad-activa.jpg\" class=\"ff-og-image-inserted\"><\/div>\n<ul class=\"ak-ul\">\n<li><strong>Los proyectos ser\u00e1n sometidos a una primera evaluaci\u00f3n, donde elegir\u00e1n a los 40 que participar\u00e1n de nuevas capacitaciones.<\/strong><\/li>\n<li><strong>Los seleccionados ser\u00e1n financiados a trav\u00e9s del Fondo Solidario de la Tarjeta Activa, aportado por los comercios adheridos.<\/strong><\/li>\n<\/ul>\n<hr>\n<p>Luego de la invitaci\u00f3n llevada a cabo por la Municipalidad de C\u00f3rdoba para participar de una nueva edici\u00f3n del Programa Ciudad Activa, 108 organizaciones del tercer sector se inscribieron para ser parte.<\/p>\n<p>Este programa municipal, a cargo de la Secretar\u00eda de Pol\u00edticas Sociales y Desarrollo Humano, financia proyectos con impacto positivo en lo social, ambiental, y econ\u00f3mico, desarrollados por organizaciones del tercer sector.<\/p>\n<p>En esta tercera edici\u00f3n, sum\u00f3 a la convocatoria la Secretar\u00eda de Comunicaci\u00f3n y Cultura, con una segunda l\u00ednea vinculada a las Industrias Culturales, Creativas e Innovadoras.<\/p>\n<p>Todos los proyectos presentados accedieron a una capacitaci\u00f3n y a tutor\u00edas individuales a cargo de equipos t\u00e9cnicos de la Direcci\u00f3n General de Innovaci\u00f3n Social, de la Secretar\u00eda de Pol\u00edticas Sociales y Desarrollo Humano, quienes brindaron asesoramiento para una correcta presentaci\u00f3n de sus propuestas.<\/p>\n<p>En esta siguiente instancia, ser\u00e1n evaluados de acuerdo a los siguientes criterios de elegibilidad:<\/p>\n<p>En el caso de los proyectos sociales y\/o ambientales se tendr\u00e1 en cuenta la viabilidad t\u00e9cnica, el Impacto social y ambiental y su adecuaci\u00f3n presupuestaria.<\/p>\n<p>En cuanto a los proyectos culturales se contemplar\u00e1 la viabilidad t\u00e9cnica, impronta cordobesa y la adecuaci\u00f3n presupuestaria.<\/p>\n<p>Se seleccionar\u00e1n los 40 mejores, los que se anunciar\u00e1n el pr\u00f3ximo viernes 17 de mayo. Estos proyectos participar\u00e1n de nuevas capacitaciones los d\u00edas\u2060 20 y 22 de mayo, a los fines de concluir la formulaci\u00f3n de sus proyectos, los que deber\u00e1n ser presentados el 29 de corriente mes.<\/p>\n<p>Aquellos que queden seleccionados recibir\u00e1n el financiamiento necesario que provendr\u00e1 del Fondo Solidario de Tarjeta Activa, aportado por un porcentaje preestablecido de los comercios adheridos.<\/p>\n","protected":false},"excerpt":{"rendered":"<p>Los proyectos ser\u00e1n sometidos a una primera evaluaci\u00f3n, donde elegir\u00e1n a los 40 que participar\u00e1n de nuevas capacitaciones. Los seleccionados ser\u00e1n financiados a trav\u00e9s del Fondo Solidario de la Tarjeta Activa, aportado por los comercios adheridos. Luego de la invitaci\u00f3n llevada a cabo por la Municipalidad de C\u00f3rdoba para participar de una nueva edici\u00f3n del [&hellip;]<\/p>\n","protected":false},"author":1,"featured_media":150109,"comment_status":"closed","ping_status":"closed","sticky":false,"template":"","format":"standard","meta":[],"categories":[44],"tags":[],"_links":{"self":[{"href":"http:\/\/cordobadirecto.com\/index.php\/wp-json\/wp\/v2\/posts\/150108"}],"collection":[{"href":"http:\/\/cordobadirecto.com\/index.php\/wp-json\/wp\/v2\/posts"}],"about":[{"href":"http:\/\/cordobadirecto.com\/index.php\/wp-json\/wp\/v2\/types\/post"}],"author":[{"embeddable":true,"href":"http:\/\/cordobadirecto.com\/index.php\/wp-json\/wp\/v2\/users\/1"}],"replies":[{"embeddable":true,"href":"http:\/\/cordobadirecto.com\/index.php\/wp-json\/wp\/v2\/comments?post=150108"}],"version-history":[{"count":0,"href":"http:\/\/cordobadirecto.com\/index.php\/wp-json\/wp\/v2\/posts\/150108\/revisions"}],"wp:featuredmedia":[{"embeddable":true,"href":"http:\/\/cordobadirecto.com\/index.php\/wp-json\/wp\/v2\/media\/150109"}],"wp:attachment":[{"href":"http:\/\/cordobadirecto.com\/index.php\/wp-json\/wp\/v2\/media?parent=150108"}],"wp:term":[{"taxonomy":"category","embeddable":true,"href":"http:\/\/cordobadirecto.com\/index.php\/wp-json\/wp\/v2\/categories?post=150108"},{"taxonomy":"post_tag","embeddable":true,"href":"http:\/\/cordobadirecto.com\/index.php\/wp-json\/wp\/v2\/tags?post=150108"}],"curies":[{"name":"wp","href":"https:\/\/api.w.org\/{rel}","templated":true}]}}