{"id":150117,"date":"2024-05-16T17:22:30","date_gmt":"2024-05-16T17:22:30","guid":{"rendered":"https:\/\/cordoba.gob.ar\/?p=57798"},"modified":"2024-05-16T17:22:30","modified_gmt":"2024-05-16T17:22:30","slug":"estreno-exclusivo-en-el-cineclub-municipal-llega-las-cosas-indefinidas-de-la-directora-cordobesa-maria-aparicio","status":"publish","type":"post","link":"http:\/\/cordobadirecto.com\/index.php\/2024\/05\/16\/estreno-exclusivo-en-el-cineclub-municipal-llega-las-cosas-indefinidas-de-la-directora-cordobesa-maria-aparicio\/","title":{"rendered":"Estreno exclusivo en el Cineclub municipal: llega \u201cLas cosas indefinidas\u201d de la directora cordobesa Mar\u00eda Aparicio"},"content":{"rendered":"<div><img src=\"http:\/\/cordobadirecto.com\/wp-content\/uploads\/2024\/05\/estreno-exclusivo-en-el-cineclub-municipal-llega-las-cosas-indefinidas-de-la-directora-cordobesa-maria-aparicio.jpg\" class=\"ff-og-image-inserted\"><\/div>\n<p>Hoy a las 20.30, habr\u00e1 un encuentro de presentaci\u00f3n y charla junto a la directora.<\/p>\n<hr>\n<p data-pm-slice=\"1 1 []\">Desde este jueves16 y hasta el mi\u00e9rcoles 22 de mayo, en el Cineclub municipal va a estar en cartelera la tercera producci\u00f3n de Mar\u00eda Aparicio: \u201cLas cosas indefinidas\u201d, con la participaci\u00f3n de Eva Bianco y Ramiro Sonzini.<\/p>\n<p>En la funci\u00f3n de hoy a las 20.30, habr\u00e1 un encuentro de presentaci\u00f3n y charla junto a la directora.<\/p>\n<p>La pel\u00edcula indaga sobre el cine y la memoria, los formatos y sus transformaciones, el oficio de editar y la manipulaci\u00f3n de los materiales y los recuerdos. Una ficci\u00f3n que guarda dentro de s\u00ed m\u00faltiples secretos documentales.<\/p>\n<p>El guion recorre la historia de Eva, una mujer de 50 a\u00f1os que se dedica a editar pel\u00edculas. Junto a su asistente Rami se encuentran trabajando en un largometraje sobre personas con ceguera. Mientras tanto, Eva parece haber perdido entusiasmo por el cine. A esto se suma la reciente muerte de su amigo Juan, un director de cine cuyas pel\u00edculas ella editaba.<\/p>\n<p>\u201cLas cosas indefinidas\u201d es la tercera entrega de Aparicio, quien tambi\u00e9n dirigi\u00f3 \u201cLas Calles\u201d (2016) y \u201cSobre las nubes\u201d (2022), una de las pel\u00edculas argentinas m\u00e1s premiadas de los \u00faltimos a\u00f1os.<\/p>\n<p>Despu\u00e9s de su estreno en el FID Marseille y su paso por ic\u00f3nicos Festivales como el de Mar del Plata, Valdivia, Jeonju y Gij\u00f3n, \u201cLas Cosas Indefinidas\u201d se proyectar\u00e1 en Argentina durante el mes de mayo, en Buenos Aires en el MALBA CINE y en C\u00f3rdoba en nuestro querido Cineclub municipal.<\/p>\n<p>Es importante recordar que las entradas se adquieren en boleter\u00eda media hora antes de cada funci\u00f3n. No se hacen reservas ni pagos por adelantado. El valor de la entrada general a la Sala Mayor es de $3000, para abonados $300 y se puede pagar con efectivo o d\u00e9bito.<\/p>\n<p>Mir\u00e1 la programaci\u00f3n completa&nbsp;<a href=\"https:\/\/cineclubmunicipal.org.ar\/production\/las-cosas-indefinidas\/\">aqu\u00ed<\/a><\/p>\n<p><strong>Sobre Mar\u00eda Aparicio<\/strong><\/p>\n<p>Naci\u00f3 en 1992 en la ciudad de C\u00f3rdoba, Argentina, donde actualmente reside. \u201cLas Calles\u201d, en el 2016, es su primera pel\u00edcula como directora, seguida por \u201cSobre las nubes\u201d, en el 2022; y \u201cLas cosas indefinidas\u201d del a\u00f1o 2023. Las mismas fueron exhibidas en muestras y festivales internacionales tales como FIDMarseille, DocLisboa, Jeonju Film Festival, FilfestHamburg, BAFICI, Festival de cine de Mar del Plata, FICValdivia, La Habana, Mostra de San Pablo, entre otros.<\/p>\n<p>Obtuvo diversos reconocimientos entre los que se destaca el premio a \u201cMejor Direcci\u00f3n\u201d por \u201cLas Calles\u201d en el 18\u00b0 BAFICI; y los premios a \u201cMejor Pel\u00edcula\u201d por \u201cSobre las nubes\u201d en el 24\u00b0 Festival Internacional de cine de Jeonju (Corea del sur), 37\u00b0 Mar del Plata y 29\u00b0 FICValdivia (Chile).<\/p>\n","protected":false},"excerpt":{"rendered":"<p>Hoy a las 20.30, habr\u00e1 un encuentro de presentaci\u00f3n y charla junto a la directora. Desde este jueves16 y hasta el mi\u00e9rcoles 22 de mayo, en el Cineclub municipal va a estar en cartelera la tercera producci\u00f3n de Mar\u00eda Aparicio: \u201cLas cosas indefinidas\u201d, con la participaci\u00f3n de Eva Bianco y Ramiro Sonzini. En la funci\u00f3n [&hellip;]<\/p>\n","protected":false},"author":1,"featured_media":150118,"comment_status":"closed","ping_status":"closed","sticky":false,"template":"","format":"standard","meta":[],"categories":[44],"tags":[],"_links":{"self":[{"href":"http:\/\/cordobadirecto.com\/index.php\/wp-json\/wp\/v2\/posts\/150117"}],"collection":[{"href":"http:\/\/cordobadirecto.com\/index.php\/wp-json\/wp\/v2\/posts"}],"about":[{"href":"http:\/\/cordobadirecto.com\/index.php\/wp-json\/wp\/v2\/types\/post"}],"author":[{"embeddable":true,"href":"http:\/\/cordobadirecto.com\/index.php\/wp-json\/wp\/v2\/users\/1"}],"replies":[{"embeddable":true,"href":"http:\/\/cordobadirecto.com\/index.php\/wp-json\/wp\/v2\/comments?post=150117"}],"version-history":[{"count":0,"href":"http:\/\/cordobadirecto.com\/index.php\/wp-json\/wp\/v2\/posts\/150117\/revisions"}],"wp:featuredmedia":[{"embeddable":true,"href":"http:\/\/cordobadirecto.com\/index.php\/wp-json\/wp\/v2\/media\/150118"}],"wp:attachment":[{"href":"http:\/\/cordobadirecto.com\/index.php\/wp-json\/wp\/v2\/media?parent=150117"}],"wp:term":[{"taxonomy":"category","embeddable":true,"href":"http:\/\/cordobadirecto.com\/index.php\/wp-json\/wp\/v2\/categories?post=150117"},{"taxonomy":"post_tag","embeddable":true,"href":"http:\/\/cordobadirecto.com\/index.php\/wp-json\/wp\/v2\/tags?post=150117"}],"curies":[{"name":"wp","href":"https:\/\/api.w.org\/{rel}","templated":true}]}}