{"id":150124,"date":"2024-05-16T23:16:41","date_gmt":"2024-05-16T23:16:41","guid":{"rendered":"https:\/\/www.ole.com.ar\/autos\/indianapolis-dia-3-canapino_0_EQecXUgvjj.html"},"modified":"2024-05-16T23:16:41","modified_gmt":"2024-05-16T23:16:41","slug":"quien-es-el-nuevo-ex-capo-de-la-formula-1-que-llega-al-equipo-de-agustin-canapino-en-la-indycar","status":"publish","type":"post","link":"http:\/\/cordobadirecto.com\/index.php\/2024\/05\/16\/quien-es-el-nuevo-ex-capo-de-la-formula-1-que-llega-al-equipo-de-agustin-canapino-en-la-indycar\/","title":{"rendered":"\u00bfQui\u00e9n es el nuevo ex capo de la F\u00f3rmula 1 que llega al equipo de Agust\u00edn Canapino en la IndyCar?"},"content":{"rendered":"<p><time class=\"createDate\" datetime=\"2024-05-16T20:16:41-03:00\">16\/05\/2024 20:16hs.<\/time><time class=\"modificatedDate\" datetime=\"2024-05-16T20:18:32-03:00\"> Actualizado al 16\/05\/2024 20:18hs.<\/time><\/p>\n<div id=\"storyBody\">\n<div class=\"custom-text \" readability=\"38\">\n<p>La <strong>IndyCar <\/strong>contin\u00faa con su actividad a pesar de las lluvias en la regi\u00f3n de Indiana y este jueves complet\u00f3 el tercer d\u00eda de entrenamientos antes de las <strong>500 Millas de Indian\u00e1polis<\/strong>. Esta vez en una jornada que tuvo mucho m\u00e1s tiempo levantada la bandera verde que la amarilla y la roja, los pilotos salieron a girar en el m\u00edtico Indian\u00e1polis Motor Speedway con <strong>Agust\u00edn Canapino <\/strong>entre sus filas. El arrecife\u00f1o, que tuvo dos d\u00edas complicados en los primeros test, mejor\u00f3 su posici\u00f3n y se afianz\u00f3 de cara a la clasificaci\u00f3n del fin de semana.<\/p>\n<\/div>\n<div class=\"custom-text \" readability=\"38\">\n<p>Pero esa no es la mejor noticia para el equipo Juncos Hollinger Racing, sino la nueva incorporaci\u00f3n del equipo, David O\u2019Neill, <strong>ex director deportivo y director de la escuder\u00eda Haas F1 Team,<\/strong> como nuevo director del JHR.<\/p>\n<\/div>\n<div class=\"custom-text \" readability=\"36.542016806723\">\n<p>O&#8217;Neill se asociar\u00e1 con el actual director del equipo, David Morgan, para liderar el team en el que corren Canapino y el expiloto de la F-1, <a href=\"https:\/\/www.ole.com.ar\/tema\/grosjean.html\" title=\"Grosjean\" alt=\"Grosjean\" class=\"slug\">Romain Grosjean<\/a>. Al franc\u00e9s lo conoce bien porque comparti\u00f3 team con \u00e9l, justamente, en Haas. <\/p>\n<\/div>\n<div class=\"sc-e7b891c4-0 jPbnQF\"><img alt=\"Grosjean y O'Neill cuando compartieron el equipo Hass de F\u00f3rmula 1.\" src=\"http:\/\/cordobadirecto.com\/wp-content\/uploads\/2024\/05\/quien-es-el-nuevo-ex-capo-de-la-formula-1-que-llega-al-equipo-de-agustin-canapino-en-la-indycar.jpg\" width=\"720\" height=\"100\" decoding=\"async\" data-nimg=\"future\" loading=\"lazy\"><span class=\"epigraphe\">Grosjean y O&#8217;Neill cuando compartieron el equipo Hass de F\u00f3rmula 1.<\/span><\/div>\n<div class=\"custom-text \" readability=\"40\">\n<p>Despu\u00e9s de haber dedicado tiempo a conocer al equipo durante las \u00faltimas semanas, est\u00e1 claro que David O&#8217;Neill aportar\u00e1 ideas innovadoras no s\u00f3lo a JHR como equipo, sino a la IndyCar en su conjunto&#8221;, dijo Ricardo Juncos, el argentino fundador y copropietario de Juncos Hollinger Racing. \u201c<strong>Estamos encantados de tenerlo en el equipo y esperamos hacer las cosas un poco diferentes a cualquier otro equipo en este deporte.<\/strong> La incorporaci\u00f3n de su conocimiento y experiencia ayudar\u00e1 a JHR mientras nos preparamos para algunas iniciativas extraordinarias durante la temporada 2024\u201d, agreg\u00f3.<\/p>\n<\/div>\n<div type=\"embed\" class=\"sc-3f46f5ae-0 djVTgz\">\n<div class=\"sc-3f46f5ae-1 fTjZec videoText\" id=\"contentTitleembedZYOgJ6ho\" type=\"embed\"><svg fill=\"#ffffff\"><symbol id=\"play\" viewBox=\"0 0 512 512\"><path d=\"M512 256C512 397.4 397.4 512 256 512C114.6 512 0 397.4 0 256C0 114.6 114.6 0 256 0C397.4 0 512 114.6 512 256zM176 168V344C176 352.7 180.7 360.7 188.3 364.9C195.8 369.2 205.1 369 212.5 364.5L356.5 276.5C363.6 272.1 368 264.4 368 256C368 247.6 363.6 239.9 356.5 235.5L212.5 147.5C205.1 142.1 195.8 142.8 188.3 147.1C180.7 151.3 176 159.3 176 168V168z\" \/><\/symbol><use xlink:href=\"#play\" \/><\/svg><\/p>\n<div class=\"right\">\n<p>Indycar<!-- --> &#8211;<!-- --> <span>&nbsp;<\/span><\/p>\n<h2 class=\"title-vid\">El palazo de Linus Lundqvist en Indian\u00e1polis por la IndyCar <\/h2>\n<\/div>\n<\/div>\n<p><span class=\"back\" id=\"spanBackembedZYOgJ6ho\"><\/span><\/div>\n<div class=\"custom-text \" readability=\"40\">\n<p>&#8220;Juncos Hollinger Racing no tiene miedo de llegar a donde otros equipos no han llegado antes, lo que los hace incre\u00edblemente bien preparados para construir su futuro&#8221;, fueron las primeras palabras de O&#8217;Neill. &#8220;El equipo tiene una serie de iniciativas planeadas a lo largo de los pr\u00f3ximos a\u00f1os, y estoy entusiasmado no s\u00f3lo de ser parte de ellas, sino tambi\u00e9n de ayudar a liderar la carga junto al equipo&#8221;, sum\u00f3.<\/p>\n<\/div>\n<div type=\"embed\" class=\"sc-3f46f5ae-0 djVTgz\">\n<div class=\"sc-3f46f5ae-1 fTjZec videoText\" id=\"contentTitleembedYm2bRvDJ\" type=\"embed\"><svg fill=\"#ffffff\"><symbol id=\"play\" viewBox=\"0 0 512 512\"><path d=\"M512 256C512 397.4 397.4 512 256 512C114.6 512 0 397.4 0 256C0 114.6 114.6 0 256 0C397.4 0 512 114.6 512 256zM176 168V344C176 352.7 180.7 360.7 188.3 364.9C195.8 369.2 205.1 369 212.5 364.5L356.5 276.5C363.6 272.1 368 264.4 368 256C368 247.6 363.6 239.9 356.5 235.5L212.5 147.5C205.1 142.1 195.8 142.8 188.3 147.1C180.7 151.3 176 159.3 176 168V168z\" \/><\/symbol><use xlink:href=\"#play\" \/><\/svg><\/p>\n<div class=\"right\">\n<p>Indycar<!-- --> &#8211;<!-- --> <span>&nbsp;<\/span><\/p>\n<h2 class=\"title-vid\">Otro m\u00e1s: segundo accidente en Indian\u00e1polis, esta vez Marcus Ericsson<\/h2>\n<\/div>\n<\/div>\n<p><span class=\"back\" id=\"spanBackembedYm2bRvDJ\"><\/span><\/div>\n<div class=\"custom-text \" readability=\"37\">\n<p>O&#8217;Neill llega a Juncos Hollinger Racing procedente de Esses Racing, donde fue socio director y director del equipo. <strong>Tambi\u00e9n aporta una amplia experiencia como experto t\u00e9cnico en deportes de motor y consultor de operaciones tras su paso por Haas F1 Team<\/strong>, donde jug\u00f3 un papel decisivo a la hora de ayudar a lanzar el equipo de F\u00f3rmula 1 desde sus inicios.<\/p>\n<\/div>\n<p><h2>As\u00ed le fue este jueves a Canapino<\/h2>\n<\/p>\n<div class=\"custom-text \" readability=\"39\">\n<p>El arrecife\u00f1o le dio <strong>53 vueltas<\/strong> al hist\u00f3rico circuito que recibir\u00e1 la 108\u00b0 edici\u00f3n de la Indy500. Dentro de sus giros, logr\u00f3 hacer el mejor en <strong>40s397 <\/strong>con un promedio de <strong>357,27 kil\u00f3metros por hora<\/strong>, terminando en la 26\u00b0 posici\u00f3n, a 1s045 del l\u00edder, el mexicano Pato O&#8217;Ward.<\/p>\n<\/div>\n<div class=\"sc-e7b891c4-0 jPbnQF\"><img alt=\"Canapa en Indian\u00e1polis. (AP)\" src=\"http:\/\/cordobadirecto.com\/wp-content\/uploads\/2024\/05\/quien-es-el-nuevo-ex-capo-de-la-formula-1-que-llega-al-equipo-de-agustin-canapino-en-la-indycar-1.jpg\" width=\"720\" height=\"100\" decoding=\"async\" data-nimg=\"future\" loading=\"lazy\"><span class=\"epigraphe\">Canapa en Indian\u00e1polis. (AP)<\/span><\/div>\n<div class=\"custom-text \" readability=\"36\">\n<p>Por su parte, <strong>Grosjean<\/strong> finaliz\u00f3 la jornada en el puesto 16\u00b0, haciendo su mejor vuelta en 40s066 y con un promedio de 360,49 kil\u00f3metros por hora.<\/p>\n<\/div>\n<div class=\"custom-text \" readability=\"35.035799522673\">\n<p>Los test de este jueves fueron bastante m\u00e1s amigables en cuanto al clima que los dos primeros d\u00edas de la gran fecha del campeonato. El primer d\u00eda de actividad, el martes, solamente <a href=\"https:\/\/www.ole.com.ar\/autos\/agustin-canapino-indycar-2024-500-millas-indianapolis-horarios_0_vPWxIce8uu.html\" target=\"_self\" title=\"pudieron correr 23 minutos \" alt=\"pudieron correr 23 minutos \" rel=\"noopener\">pudieron correr <\/a><strong><a href=\"https:\/\/www.ole.com.ar\/autos\/agustin-canapino-indycar-2024-500-millas-indianapolis-horarios_0_vPWxIce8uu.html\" target=\"_self\" title=\"pudieron correr 23 minutos \" alt=\"pudieron correr 23 minutos \" rel=\"noopener\">23 minutos <\/a><\/strong>debido a la lluvia. El mi\u00e9rcoles, con siete banderas amarillas, la acci\u00f3n en la pista <a href=\"https:\/\/www.ole.com.ar\/autos\/despues-lluvia-canapino-probo-indianapolis_0_UXDQP2YlHh.html\" target=\"_self\" title=\"debi\u00f3 pararse mucho tiempo \" alt=\"debi\u00f3 pararse mucho tiempo \" rel=\"noopener\">debi\u00f3 pararse mucho tiempo <\/a>por el <strong>agua en la pista<\/strong>, por lo que tampoco se pudo desarrollar la jornada de manera normal.<\/p>\n<\/div>\n<div class=\"custom-text \" readability=\"31.45\">\n<p>Con las cuatro tandas de pr\u00e1cticas finalizadas, este entrenamiento estuvo marcado por los primeros <strong>dos accidentes <\/strong>de esta fecha de las 500 Millas de Indian\u00e1polis: <strong>Linus Lundqvist y Marcus Ericsson <\/strong><a href=\"https:\/\/www.ole.com.ar\/autos\/rompio-auto-terribles-choques-indycar_0_4mPitcEgVB.html\" target=\"_self\" title=\"se pegaron un palo cada uno contra la pared de las curvas 2 y 4\" alt=\"se pegaron un palo cada uno contra la pared de las curvas 2 y 4\" rel=\"noopener\">se pegaron un palo cada uno contra la pared de las curvas 2 y 4<\/a>. El primero de los suecos pudo reponerse y salir de nuevo a la pista, pero Ericsson debi\u00f3 abandonar por tener la parte izquierda y delantera de su auto #28.<\/p>\n<\/div>\n<div class=\"sc-e7b891c4-0 jPbnQF\"><img alt=\"El dise\u00f1o especial para Canapino en la Indy500.\" src=\"http:\/\/cordobadirecto.com\/wp-content\/uploads\/2024\/05\/quien-es-el-nuevo-ex-capo-de-la-formula-1-que-llega-al-equipo-de-agustin-canapino-en-la-indycar-2.jpg\" width=\"720\" height=\"100\" decoding=\"async\" data-nimg=\"future\" loading=\"lazy\"><span class=\"epigraphe\">El dise\u00f1o especial para Canapino en la Indy500.<\/span><\/div>\n<div class=\"custom-text \" readability=\"38.84703196347\">\n<p>En la 108a edici\u00f3n de la Indy500, Canapa har\u00e1 su segunda presentaci\u00f3n en la carrera m\u00e1s especial del calendario en el \u00f3valo de 2,5 millas del centro de Indiana. En la fecha del a\u00f1o pasado, sufri\u00f3 un <strong>accidente cuando estaba 13\u00b0<\/strong> y tuvo que abandonar la pista. Ahora, <a href=\"https:\/\/www.ole.com.ar\/autos\/agustin-canapino-indycar-hoy-500-millas-indianapolis-romain-grosjean_0_A4o5CoY1Yz.html\" target=\"_self\" title=\"con un dise\u00f1o especial\" alt=\"con un dise\u00f1o especial\" rel=\"noopener\">con un dise\u00f1o especial<\/a> (su aler\u00f3n dir\u00e1 Tit\u00e1n), el piloto del equipo de Ricardo Juncos buscar\u00e1 &#8220;terminar las 200 vueltas&#8221;, tal como lo asegur\u00f3 el Tit\u00e1n a ESPN.<\/p>\n<\/div>\n<p><h2>C\u00f3mo siguen las 500 Millas de Indian\u00e1polis<\/h2>\n<\/p>\n<div class=\"custom-text \" readability=\"37\">\n<p>Con la continuidad de los entrenamientos libres que empezaron el \u00faltimo martes, este viernes y s\u00e1bado seguir\u00e1n los <strong>test desde las 13<\/strong>. La <strong>clasificaci\u00f3n<\/strong> empezar\u00e1 el s\u00e1bado desde las 12 y se divide en instancias. Los primeros 12 continuar\u00e1n corriendo en la segunda qualy a las 16. A las 17 habr\u00e1 una \u00faltima chance (Last Chance) y a las 18 se correr\u00e1 el Fast Six, de donde saldr\u00e1n los mejores seis tiempos. Todo se puede ver por <strong>Star+<\/strong>.<\/p>\n<\/div>\n<div class=\"sc-a7166897-0 exHLBh\" readability=\"6\">\n<section readability=\"2\"><picture><img alt=\"El dise\u00f1o especial de Canapino para las 500 Millas de Indian\u00e1polis del IndyCar\" src=\"http:\/\/cordobadirecto.com\/wp-content\/uploads\/2024\/05\/quien-es-el-nuevo-ex-capo-de-la-formula-1-que-llega-al-equipo-de-agustin-canapino-en-la-indycar-3.jpg\" width=\"290\" height=\"290\" decoding=\"async\" data-nimg=\"future\" loading=\"lazy\"><\/picture>\n<p><span>Mir\u00e1 tambi\u00e9n<\/span><\/p>\n<hr>\n<h3>El dise\u00f1o especial de Canapino para las 500 Millas de Indian\u00e1polis del IndyCar<\/h3>\n<\/p>\n<\/section>\n<\/div>\n<div class=\"sc-a7166897-0 exHLBh\" readability=\"7\">\n<section readability=\"4\"><picture><img alt=\"Es puntero del Nascar, se dio un pi\u00f1\u00f3n en los midgets y se anim\u00f3 a las 500 Millas de Indian\u00e1polis\" src=\"http:\/\/cordobadirecto.com\/wp-content\/uploads\/2024\/05\/quien-es-el-nuevo-ex-capo-de-la-formula-1-que-llega-al-equipo-de-agustin-canapino-en-la-indycar-4.jpg\" width=\"290\" height=\"290\" decoding=\"async\" data-nimg=\"future\" loading=\"lazy\"><\/picture>\n<p><span>Mir\u00e1 tambi\u00e9n<\/span><\/p>\n<hr>\n<h3>Es puntero del Nascar, se dio un pi\u00f1\u00f3n en los midgets y se anim\u00f3 a las 500 Millas de Indian\u00e1polis<\/h3>\n<\/p>\n<\/section>\n<\/div>\n<div class=\"sc-a7166897-0 exHLBh\" readability=\"6\">\n<section readability=\"2\"><picture><img alt=\"Traverso y los emblem\u00e1ticos autos que manej\u00f3 en su carrera\" src=\"http:\/\/cordobadirecto.com\/wp-content\/uploads\/2024\/05\/quien-es-el-nuevo-ex-capo-de-la-formula-1-que-llega-al-equipo-de-agustin-canapino-en-la-indycar-5.jpg\" width=\"290\" height=\"290\" decoding=\"async\" data-nimg=\"future\" loading=\"lazy\"><\/picture>\n<p><span>Mir\u00e1 tambi\u00e9n<\/span><\/p>\n<hr>\n<h3>Traverso y los emblem\u00e1ticos autos que manej\u00f3 en su carrera<\/h3>\n<\/p>\n<\/section>\n<\/div>\n<div class=\"sc-a7166897-0 exHLBh\" readability=\"6\">\n<section readability=\"2\"><picture><img alt=\"Se les rompi\u00f3 el auto: los dos terribles choques en la IndyCar\" src=\"http:\/\/cordobadirecto.com\/wp-content\/uploads\/2024\/05\/quien-es-el-nuevo-ex-capo-de-la-formula-1-que-llega-al-equipo-de-agustin-canapino-en-la-indycar-6.jpg\" width=\"290\" height=\"290\" decoding=\"async\" data-nimg=\"future\" loading=\"lazy\"><\/picture>\n<p><span>Mir\u00e1 tambi\u00e9n<\/span><\/p>\n<hr>\n<h3>Se les rompi\u00f3 el auto: los dos terribles choques en la IndyCar<\/h3>\n<\/p>\n<\/section>\n<\/div>\n<\/div>\n","protected":false},"excerpt":{"rendered":"<p>16\/05\/2024 20:16hs. Actualizado al 16\/05\/2024 20:18hs. La IndyCar contin\u00faa con su actividad a pesar de las lluvias en la regi\u00f3n de Indiana y este jueves complet\u00f3 el tercer d\u00eda de entrenamientos antes de las 500 Millas de Indian\u00e1polis. Esta vez en una jornada que tuvo mucho m\u00e1s tiempo levantada la bandera verde que la amarilla [&hellip;]<\/p>\n","protected":false},"author":1,"featured_media":150125,"comment_status":"closed","ping_status":"closed","sticky":false,"template":"","format":"standard","meta":[],"categories":[21],"tags":[],"_links":{"self":[{"href":"http:\/\/cordobadirecto.com\/index.php\/wp-json\/wp\/v2\/posts\/150124"}],"collection":[{"href":"http:\/\/cordobadirecto.com\/index.php\/wp-json\/wp\/v2\/posts"}],"about":[{"href":"http:\/\/cordobadirecto.com\/index.php\/wp-json\/wp\/v2\/types\/post"}],"author":[{"embeddable":true,"href":"http:\/\/cordobadirecto.com\/index.php\/wp-json\/wp\/v2\/users\/1"}],"replies":[{"embeddable":true,"href":"http:\/\/cordobadirecto.com\/index.php\/wp-json\/wp\/v2\/comments?post=150124"}],"version-history":[{"count":0,"href":"http:\/\/cordobadirecto.com\/index.php\/wp-json\/wp\/v2\/posts\/150124\/revisions"}],"wp:featuredmedia":[{"embeddable":true,"href":"http:\/\/cordobadirecto.com\/index.php\/wp-json\/wp\/v2\/media\/150125"}],"wp:attachment":[{"href":"http:\/\/cordobadirecto.com\/index.php\/wp-json\/wp\/v2\/media?parent=150124"}],"wp:term":[{"taxonomy":"category","embeddable":true,"href":"http:\/\/cordobadirecto.com\/index.php\/wp-json\/wp\/v2\/categories?post=150124"},{"taxonomy":"post_tag","embeddable":true,"href":"http:\/\/cordobadirecto.com\/index.php\/wp-json\/wp\/v2\/tags?post=150124"}],"curies":[{"name":"wp","href":"https:\/\/api.w.org\/{rel}","templated":true}]}}