{"id":150128,"date":"2024-05-17T02:15:50","date_gmt":"2024-05-17T02:15:50","guid":{"rendered":"https:\/\/www.ole.com.ar\/futbol-ascenso\/ascenso-primera-nacional-san-martin-tucuman-ivan-zafarana_0_95IPhtw84G.html"},"modified":"2024-05-17T02:15:50","modified_gmt":"2024-05-17T02:15:50","slug":"fulminaron-a-diego-flores-no-lo-quiere-nadie","status":"publish","type":"post","link":"http:\/\/cordobadirecto.com\/index.php\/2024\/05\/17\/fulminaron-a-diego-flores-no-lo-quiere-nadie\/","title":{"rendered":"Fulminaron a Diego Flores: &#8220;No lo quiere nadie&#8221;"},"content":{"rendered":"<p><time class=\"createDate\" datetime=\"2024-05-16T18:37:11-03:00\">16\/05\/2024 18:37hs.<\/time><\/p>\n<div id=\"storyBody\">\n<div class=\"custom-text \" readability=\"37.870786516854\">\n<p><a href=\"https:\/\/www.ole.com.ar\/tema\/san-martin-tucuman.html?gad_source=1&amp;gclid=Cj0KCQjw3ZayBhDRARIsAPWzx8ovf6fpC4z_Y9EOUOHN2GMxgTsFCoOgS9bFDuUERz55qB0rAmGvHe4aAkSEEALw_wcB\" target=\"_self\" title=\"San Mart\u00edn de Tucum\u00e1n\" alt=\"San Mart\u00edn de Tucum\u00e1n\" rel=\"noopener\">San Mart\u00edn de Tucum\u00e1n<\/a> no est\u00e1 teniendo la mejor semana de todas. Este mi\u00e9rcoles, se qued\u00f3 fuera de la Copa Argentina ante Almirante Brown por penales. Luego de un partido tremendo, que termin\u00f3 3-3, la Fragata se clasific\u00f3 desde los 12 pasos. <strong>Sin embargo, no fue el \u00fanico mal trago que recibi\u00f3 el Ciruja, o mejor dicho, <a href=\"https:\/\/www.ole.com.ar\/tema\/diego-flores.html\" target=\"_self\" title=\"Diego Flores\" alt=\"Diego Flores\" rel=\"noopener\">Diego Flores<\/a>, el entrenador.<\/strong><\/p>\n<\/div>\n<div class=\"custom-text \" readability=\"37\">\n<p><strong>Es que posterior al duelo que lo dej\u00f3 fuera de dicha competici\u00f3n, se hicieron virales unas declaraciones de Iv\u00e1n Zafarana con La Gaceta de Tucum\u00e1n, las cuales datan de tan solo unos d\u00edas atr\u00e1s. <\/strong>Estas son realmente incre\u00edbles y el t\u00e9rmino picante queda m\u00e1s que corto. Cabe destacar que el central est\u00e1 separado del plantel por decisi\u00f3n del DT.<\/p>\n<\/div>\n<p><h2><strong>Lo fulmin\u00f3<\/strong><\/h2>\n<\/p>\n<div class=\"custom-text \" readability=\"39\">\n<p>\u201c<strong>No lo quieren ni los empleados del club, ni los jugadores.<\/strong> En la semana le fui a preguntar qu\u00e9 hice para pasar de ser titular a no estar ni convocado y la respuesta fue bastante soberbia, de un tipo que te mira por encima del hombro. <strong>Sufr\u00ed un destrato total.<\/strong> Mand\u00f3 a hablar a los dirigentes, me apart\u00f3 del plantel y ahora rebals\u00f3 el vaso. No me parece de buena persona\u201d, <strong>empez\u00f3 Zafarana.<\/strong><\/p>\n<\/div>\n<div class=\"custom-text \" readability=\"37\">\n<p>Luego continu\u00f3: \u201c\u00c9l piensa que puede hacer de todo. Piensa que es m\u00e9dico y opina de medicina. Quiere acelerar las recuperaciones de los jugadores. \u00c9l quiere decirle al jugador qu\u00e9 comer. <strong>Tiene de sirvientes a los ayudantes.<\/strong> Los manda buscar las pelotas, mientras se queda sentado. Esas son cosas que nosotros vemos todos los d\u00edas en el complejo. <strong>Vos podes ser jefe, pero no de esa manera<\/strong>\u201d.<\/p>\n<\/div>\n<div class=\"custom-text \" readability=\"36.212765957447\">\n<p>Por \u00faltimo, involucr\u00f3 a Bielsa, con quien Flores trabaj\u00f3: \u201c<strong><a href=\"https:\/\/www.ole.com.ar\/tema\/marcelo-bielsa.html?gad_source=1&amp;gclid=Cj0KCQjw3ZayBhDRARIsAPWzx8pL0UuS2d64z3v7mEpiV-8PBlTWfZAwsywFVXrGIdVMlCIaGpLyhRYaAm3yEALw_wcB\" target=\"_self\" title=\"Bielsa\" alt=\"Bielsa\" rel=\"noopener\">Bielsa<\/a> hay uno solo y este se\u00f1or lo \u00fanico que hac\u00eda era traducir lo que hablaba.<\/strong> No tiene idea de lo que es un vestuario. <strong>Como nunca jug\u00f3 al f\u00fatbol, no sabe c\u00f3mo manejar un plantel ni tratar con los jugadores<\/strong>\u201d.<\/p>\n<\/div>\n<div class=\"sc-e7b891c4-0 jPbnQF\"><img alt=\"Flores junto a Bielsa. \" src=\"http:\/\/cordobadirecto.com\/wp-content\/uploads\/2024\/05\/fulminaron-a-diego-flores-no-lo-quiere-nadie.jpg\" width=\"720\" height=\"100\" decoding=\"async\" data-nimg=\"future\" loading=\"lazy\"><span class=\"epigraphe\">Flores junto a Bielsa. <\/span><\/div>\n<p><h2><strong>El Traductor no se qued\u00f3 callado y respondi\u00f3<\/strong><\/h2>\n<\/p>\n<div class=\"custom-text \" readability=\"37\">\n<p>Cuando todo pintaba para ser un l\u00edo con declaraciones cruzadas llenas de fuego, <strong>Flores respondi\u00f3 post derrota ante Almirante Brown, pero con cautela<\/strong>: \u201c<strong>Es una pena lo que dijo.<\/strong> Fue algo que nunca es bueno. Lo importante es que es un grupo de jugadores b\u00e1rbaro\u201d, arranc\u00f3 el traductor.<\/p>\n<\/div>\n<div class=\"custom-text \" readability=\"34\">\n<p>Luego cerr\u00f3: \u201c<strong>Me siento muy querido por los jugadores y los empleados del club. <\/strong>Un grupo que no est\u00e1 unido no podr\u00eda haber logrado lo que hizo hoy. <strong>Estamos todos en el mismo barco.<\/strong> Ojal\u00e1 que todo esto sirva para unir y generar cosas\u201d.<\/p>\n<\/div>\n<div class=\"sc-e7b891c4-0 jPbnQF\"><img alt=\"Zafarana liquid\u00f3 a Flores. (Foto: Prensa Estudiantes).\" src=\"http:\/\/cordobadirecto.com\/wp-content\/uploads\/2024\/05\/fulminaron-a-diego-flores-no-lo-quiere-nadie-1.jpg\" width=\"720\" height=\"100\" decoding=\"async\" data-nimg=\"future\" loading=\"lazy\"><span class=\"epigraphe\">Zafarana liquid\u00f3 a Flores. (Foto: Prensa Estudiantes).<\/span><\/div>\n<div class=\"sc-a7166897-0 exHLBh\" readability=\"6\">\n<section readability=\"2\"><picture><img alt=\"Oficial: la lista de la Copa Am\u00e9rica ser\u00e1 de 26 jugadores\" src=\"http:\/\/cordobadirecto.com\/wp-content\/uploads\/2024\/05\/fulminaron-a-diego-flores-no-lo-quiere-nadie-2.jpg\" width=\"290\" height=\"290\" decoding=\"async\" data-nimg=\"future\" loading=\"lazy\"><\/picture>\n<p><span>Mir\u00e1 tambi\u00e9n<\/span><\/p>\n<hr>\n<h3>Oficial: la lista de la Copa Am\u00e9rica ser\u00e1 de 26 jugadores<\/h3>\n<\/p>\n<\/section>\n<\/div>\n<div class=\"sc-a7166897-0 exHLBh\" readability=\"6.5\">\n<section readability=\"3\"><picture><img alt=\"La crisis de los centrales de Boca: \u00bfno hay indulto para Valentini ni en la emergencia?\" src=\"http:\/\/cordobadirecto.com\/wp-content\/uploads\/2024\/05\/fulminaron-a-diego-flores-no-lo-quiere-nadie-3.jpg\" width=\"290\" height=\"290\" decoding=\"async\" data-nimg=\"future\" loading=\"lazy\"><\/picture>\n<p><span>Mir\u00e1 tambi\u00e9n<\/span><\/p>\n<hr>\n<h3>La crisis de los centrales de Boca: \u00bfno hay indulto para Valentini ni en la emergencia?<\/h3>\n<\/p>\n<\/section>\n<\/div>\n<div class=\"sc-a7166897-0 exHLBh\" readability=\"6.5\">\n<section readability=\"3\"><picture><img alt=\"Alemania y Francia, con nombres listos para la Eurocopa\" src=\"http:\/\/cordobadirecto.com\/wp-content\/uploads\/2024\/05\/fulminaron-a-diego-flores-no-lo-quiere-nadie-4.jpg\" width=\"290\" height=\"290\" decoding=\"async\" data-nimg=\"future\" loading=\"lazy\"><\/picture>\n<p><span>Mir\u00e1 tambi\u00e9n<\/span><\/p>\n<hr>\n<h3>Alemania y Francia, con nombres listos para la Eurocopa<\/h3>\n<\/p>\n<\/section>\n<\/div>\n<div class=\"sc-a7166897-0 exHLBh\" readability=\"6\">\n<section readability=\"2\"><picture><img alt=\"Bomba confirmada en la MLS: Enzo Copetti deja Charlotte FC\" src=\"http:\/\/cordobadirecto.com\/wp-content\/uploads\/2024\/05\/fulminaron-a-diego-flores-no-lo-quiere-nadie-5.jpg\" width=\"290\" height=\"290\" decoding=\"async\" data-nimg=\"future\" loading=\"lazy\"><\/picture>\n<p><span>Mir\u00e1 tambi\u00e9n<\/span><\/p>\n<hr>\n<h3>Bomba confirmada en la MLS: Enzo Copetti deja Charlotte FC<\/h3>\n<\/p>\n<\/section>\n<\/div>\n<\/div>\n","protected":false},"excerpt":{"rendered":"<p>16\/05\/2024 18:37hs. San Mart\u00edn de Tucum\u00e1n no est\u00e1 teniendo la mejor semana de todas. Este mi\u00e9rcoles, se qued\u00f3 fuera de la Copa Argentina ante Almirante Brown por penales. Luego de un partido tremendo, que termin\u00f3 3-3, la Fragata se clasific\u00f3 desde los 12 pasos. Sin embargo, no fue el \u00fanico mal trago que recibi\u00f3 el [&hellip;]<\/p>\n","protected":false},"author":1,"featured_media":150129,"comment_status":"closed","ping_status":"closed","sticky":false,"template":"","format":"standard","meta":[],"categories":[21],"tags":[],"_links":{"self":[{"href":"http:\/\/cordobadirecto.com\/index.php\/wp-json\/wp\/v2\/posts\/150128"}],"collection":[{"href":"http:\/\/cordobadirecto.com\/index.php\/wp-json\/wp\/v2\/posts"}],"about":[{"href":"http:\/\/cordobadirecto.com\/index.php\/wp-json\/wp\/v2\/types\/post"}],"author":[{"embeddable":true,"href":"http:\/\/cordobadirecto.com\/index.php\/wp-json\/wp\/v2\/users\/1"}],"replies":[{"embeddable":true,"href":"http:\/\/cordobadirecto.com\/index.php\/wp-json\/wp\/v2\/comments?post=150128"}],"version-history":[{"count":0,"href":"http:\/\/cordobadirecto.com\/index.php\/wp-json\/wp\/v2\/posts\/150128\/revisions"}],"wp:featuredmedia":[{"embeddable":true,"href":"http:\/\/cordobadirecto.com\/index.php\/wp-json\/wp\/v2\/media\/150129"}],"wp:attachment":[{"href":"http:\/\/cordobadirecto.com\/index.php\/wp-json\/wp\/v2\/media?parent=150128"}],"wp:term":[{"taxonomy":"category","embeddable":true,"href":"http:\/\/cordobadirecto.com\/index.php\/wp-json\/wp\/v2\/categories?post=150128"},{"taxonomy":"post_tag","embeddable":true,"href":"http:\/\/cordobadirecto.com\/index.php\/wp-json\/wp\/v2\/tags?post=150128"}],"curies":[{"name":"wp","href":"https:\/\/api.w.org\/{rel}","templated":true}]}}