{"id":150141,"date":"2024-05-16T22:11:45","date_gmt":"2024-05-16T22:11:45","guid":{"rendered":"https:\/\/cordoba.gob.ar\/?p=57815"},"modified":"2024-05-16T22:11:45","modified_gmt":"2024-05-16T22:11:45","slug":"los-museos-municipales-celebran-el-dia-internacional-de-los-museos-con-propuestas-gratuitas","status":"publish","type":"post","link":"http:\/\/cordobadirecto.com\/index.php\/2024\/05\/16\/los-museos-municipales-celebran-el-dia-internacional-de-los-museos-con-propuestas-gratuitas\/","title":{"rendered":"Los museos municipales celebran el D\u00eda Internacional de los Museos con propuestas gratuitas"},"content":{"rendered":"<div><img src=\"http:\/\/cordobadirecto.com\/wp-content\/uploads\/2024\/05\/los-museos-municipales-celebran-el-dia-internacional-de-los-museos-con-propuestas-gratuitas.jpg\" class=\"ff-og-image-inserted\"><\/div>\n<p>El lema de este a\u00f1o es \u201cMuseos por la educaci\u00f3n y la investigaci\u00f3n\u201d; y la grilla se completa con muestras, visitas guiadas, conferencias y con la presentaci\u00f3n del coro municipal.<\/p>\n<hr>\n<p><span>Este s\u00e1bado 18 de mayo se conmemora el D\u00eda Internacional de los Museos, y las salas municipales proponen actividades culturales gratuitas a lo largo de la semana, impulsadas por la Secretar\u00eda de Comunicaci\u00f3n y Cultura de la Municipalidad de C\u00f3rdoba.<\/span><\/p>\n<p><span>\u201cMuseos por la educaci\u00f3n y la investigaci\u00f3n\u201d es el lema de este a\u00f1o, que tiene como objetivo destacar el rol fundamental de los espacios culturales a la hora de proporcionar una experiencia educativa integral. Este d\u00eda busca construir un mundo m\u00e1s consciente, sostenible e integrador.<\/span><\/p>\n<p><span>En la previa del D\u00eda Internacional de los Museos, los espacios culturales de la ciudad se preparan con la siguiente programaci\u00f3n:<\/span><\/p>\n<ul>\n<li aria-level=\"1\"><b>Museo Fray Jos\u00e9 de San Alberto<\/b><\/li>\n<\/ul>\n<p><span>El viernes a las 18 horas se realizar\u00e1 un recorrido acompa\u00f1ado por las salas, con acceso gratuito y con inscripci\u00f3n previa v\u00eda mail a museosanalberto@gmail.com o por mensaje a trav\u00e9s de las redes sociales del museo (@museosanalberto ).<\/span><\/p>\n<p><span>Por otra parte, a las 20.30 horas se presenta el ciclo de conciertos: \u201cVoces en la Casa\u201d, junto al Coro Municipal y una agrupaci\u00f3n invitada. La entrada es libre y gratuita. Direcci\u00f3n: Obispo Trejo 194<\/span><\/p>\n<ul>\n<li aria-level=\"1\"><b>Museo de la Industria<\/b><\/li>\n<\/ul>\n<p><span>Tambi\u00e9n el viernes, pero a las 19 horas, en el espacio cultural \u201cCasa Giratoria\u201d, se realizar\u00e1 una disertaci\u00f3n a cargo del historiador Patricio Durst, referido al Patrimonio Ferroviario en C\u00f3rdoba: \u201cAniversario e impronta de la llegada del Ferrocarril en el a\u00f1o 1870\u201d. M\u00e1s de 150 a\u00f1os de historia ferroviaria en C\u00f3rdoba.<\/span><\/p>\n<p><span>Ser\u00e1 una presentaci\u00f3n en la que se abordar\u00e1n y rescatar\u00e1n hechos y datos hist\u00f3ricos que permitieron el desarrollo y la construcci\u00f3n del segundo ramal ferroviario en nuestro pa\u00eds entre \u201cEl Rosario\u201d y C\u00f3rdoba.<\/span><\/p>\n<p><span>Visita guiada de 18:00 a 18:50 horas:<\/span><\/p>\n<p><span>Ser\u00e1 previa a la charla, y se realizar\u00e1 un recorrido guiado por las instalaciones, se\u00f1alando los vestigios de la huella del ferrocarril en el predio (Parque Jos\u00e9 Mar\u00eda Paz \u2013 Antigua playa de maniobra del FFCC Argentino), la particular arquitectura del edificio (de t\u00edpica arquitectura ferroviaria inglesa), y la sala de m\u00e1quinas de la Casa Giratoria que, el pasado 22 de abril, cumpli\u00f3 20 a\u00f1os del hist\u00f3rico traslado.<\/span><\/p>\n<ul>\n<li aria-level=\"1\"><b>Museo de Arte Religioso Juan de Tejeda<\/b><\/li>\n<\/ul>\n<p><span>El s\u00e1bado a las 11 horas el p\u00fablico podr\u00e1 disfrutar de la visita: \u201cPostales sonoras de una colecci\u00f3n de arte religioso\u201d, que tiene el prop\u00f3sito de valorizar, difundir y recuperar los sonidos de historias y objetos de la colecci\u00f3n del museo que testimonian la importancia de la m\u00fasica en las tradiciones y celebraciones de la Iglesia Cat\u00f3lica.&nbsp; La entrada ser\u00e1 libre y gratuita. (S\u00f3lo la visita).<\/span><\/p>\n<ul>\n<li aria-level=\"1\"><b>Museo Genaro P\u00e9rez<\/b><\/li>\n<\/ul>\n<p><span>El mismo s\u00e1bado, a partir de las 17:30 horas, estar\u00e1 la presentaci\u00f3n de libro: \u201cNada es demasiado importante\u201d, de Alejandra Seleme. En el encuentro leer\u00e1n los escritores Javier Quint\u00e1 y la escritora Dolores Fr\u00edas. La presentaci\u00f3n musical estar\u00e1 a cargo de Valentina Finzi y Manuel Farias Busso. Entrada libre y gratuita.<\/span><\/p>\n<ul>\n<li aria-level=\"1\"><b>Museo Metropolitano de Arte Urbano Plaza Espa\u00f1a<\/b><\/li>\n<\/ul>\n<p><span>Tambi\u00e9n el d\u00eda s\u00e1bado, en la franja horaria de 14 a 20 horas, se desarrollar\u00e1n tres actividades en el interior del museo:<\/span><\/p>\n<p><span>Desde las 14 hasta las 20 horas, habr\u00e1 una intervenci\u00f3n art\u00edstica de la mano de Mauricio Rondot, qui\u00e9n pintar\u00e1 sobre un lienzo de 1,05m de ancho y 10m de largo. La obra se llama \u201cEl Puente\u201d, y los materiales que utilizar\u00e1 ser\u00e1n lienzo y acr\u00edlico. (Ig: @\u200cmauriciorondot).<\/span><\/p>\n<p><span>A las 17 horas, se llevar\u00e1 adelante una charla a pie de obra de la muestra: \u201cEl Camino del Deseo\u201d, por el artista Santiago Torriglia. (Ig: @\u200csantiagotorriglia).<\/span><\/p>\n<p><span>Por \u00faltimo, de 18 a 20 horas, se realizar\u00e1 una intervenci\u00f3n de Urban Sketchers, con dibujos en vivo bajo las indicaciones de los colectivos de<\/span><span><br \/><\/span><span>artistas. (Ig: @\u200curbansketchers.cordo).<\/span><\/p>\n<p><b>Sobre el D\u00eda Internacional de los Museos<\/b><\/p>\n<p><span>Creado por el ICOM (Consejo Internacional de Museos) y celebrado anualmente cada 18 de mayo, es un momento especial para la comunidad muse\u00edstica internacional que tiene el objetivo de promover y concientizar el rol de los museos en el intercambio y el desarrollo cultural.<\/span><\/p>\n<p><span>Es as\u00ed, que museos de todo el mundo a\u00fanan fuerzas para organizar eventos, exposiciones y programas educativos centrados en el lema de cada edici\u00f3n, haciendo hincapi\u00e9 en la valiosa contribuci\u00f3n de los museos a la sociedad.<\/span><\/p>\n","protected":false},"excerpt":{"rendered":"<p>El lema de este a\u00f1o es \u201cMuseos por la educaci\u00f3n y la investigaci\u00f3n\u201d; y la grilla se completa con muestras, visitas guiadas, conferencias y con la presentaci\u00f3n del coro municipal. Este s\u00e1bado 18 de mayo se conmemora el D\u00eda Internacional de los Museos, y las salas municipales proponen actividades culturales gratuitas a lo largo de [&hellip;]<\/p>\n","protected":false},"author":1,"featured_media":150142,"comment_status":"closed","ping_status":"closed","sticky":false,"template":"","format":"standard","meta":[],"categories":[44],"tags":[],"_links":{"self":[{"href":"http:\/\/cordobadirecto.com\/index.php\/wp-json\/wp\/v2\/posts\/150141"}],"collection":[{"href":"http:\/\/cordobadirecto.com\/index.php\/wp-json\/wp\/v2\/posts"}],"about":[{"href":"http:\/\/cordobadirecto.com\/index.php\/wp-json\/wp\/v2\/types\/post"}],"author":[{"embeddable":true,"href":"http:\/\/cordobadirecto.com\/index.php\/wp-json\/wp\/v2\/users\/1"}],"replies":[{"embeddable":true,"href":"http:\/\/cordobadirecto.com\/index.php\/wp-json\/wp\/v2\/comments?post=150141"}],"version-history":[{"count":0,"href":"http:\/\/cordobadirecto.com\/index.php\/wp-json\/wp\/v2\/posts\/150141\/revisions"}],"wp:featuredmedia":[{"embeddable":true,"href":"http:\/\/cordobadirecto.com\/index.php\/wp-json\/wp\/v2\/media\/150142"}],"wp:attachment":[{"href":"http:\/\/cordobadirecto.com\/index.php\/wp-json\/wp\/v2\/media?parent=150141"}],"wp:term":[{"taxonomy":"category","embeddable":true,"href":"http:\/\/cordobadirecto.com\/index.php\/wp-json\/wp\/v2\/categories?post=150141"},{"taxonomy":"post_tag","embeddable":true,"href":"http:\/\/cordobadirecto.com\/index.php\/wp-json\/wp\/v2\/tags?post=150141"}],"curies":[{"name":"wp","href":"https:\/\/api.w.org\/{rel}","templated":true}]}}