{"id":150153,"date":"2024-05-17T17:03:08","date_gmt":"2024-05-17T17:03:08","guid":{"rendered":"https:\/\/es.digitaltrends.com\/?p=1027650"},"modified":"2024-05-17T17:03:08","modified_gmt":"2024-05-17T17:03:08","slug":"el-trailer-de-horizon-an-american-saga-la-epica-del-oeste-de-kevin-costner","status":"publish","type":"post","link":"http:\/\/cordobadirecto.com\/index.php\/2024\/05\/17\/el-trailer-de-horizon-an-american-saga-la-epica-del-oeste-de-kevin-costner\/","title":{"rendered":"El tr\u00e1iler de Horizon: An American Saga la \u00e9pica del Oeste de Kevin Costner"},"content":{"rendered":"<figure id=\"attachment_3601226\" class=\"wp-caption alignnone\" aria-describedby=\"caption-attachment-3601226\"><img onerror=\"dti_load_error(this)\" decoding=\"async\" class=\" size-large wp-image-3601226 h-lightbox is-zoomable dt-lazy-no h-lightbox is-zoomable\" src=\"http:\/\/cordobadirecto.com\/wp-content\/uploads\/2024\/05\/el-trailer-de-horizon-an-american-saga-la-epica-del-oeste-de-kevin-costner.jpg\" sizes=\"(max-width: 625px) 414px\" srcset=\"http:\/\/cordobadirecto.com\/wp-content\/uploads\/2024\/05\/el-trailer-de-horizon-an-american-saga-la-epica-del-oeste-de-kevin-costner-1.jpg 414w, http:\/\/cordobadirecto.com\/wp-content\/uploads\/2024\/05\/el-trailer-de-horizon-an-american-saga-la-epica-del-oeste-de-kevin-costner.jpg\" alt=\"Kevin Costner se para junto a un \u00e1rbol y lo mira fijamente.\" data-dt-lazy-src><figcaption id=\"caption-attachment-3601226\" class=\"wp-caption-text\"><span class=\"credit\">Warner Bros. Pictures<\/span><\/figcaption><\/figure>\n<p>Warner Bros. Pictures ha lanzado un nuevo tr\u00e1iler&nbsp;de&nbsp;<em>Horizon: An American Saga<\/em><em>&nbsp;<\/em>de <a href=\"https:\/\/es.digitaltrends.com\/entretenimiento\/yellowstone-temporada-5-donde-ver\/\"><strong>Kevin Costner<\/strong><\/a>&nbsp;antes de su estreno mundial en el <strong>Festival de Cine de Cannes 2024<\/strong>.<\/p>\n<p>Las \u00faltimas im\u00e1genes muestran una vista previa de la epopeya arrolladora de Costner sobre el Viejo Oeste que se desarrolla entre 1861 y 1865. Hayes Ellison, interpretado por Costner, viaja a Horizon, una nueva ciudad donde \u00abpodr\u00eda verse a s\u00ed mismo\u00bb. La expansi\u00f3n no ser\u00e1 f\u00e1cil, como lo demuestran los violentos tiroteos y peleas a pu\u00f1etazos en el tr\u00e1iler.<\/p>\n<p>\u00abLa ambiciosa aventura cinematogr\u00e1fica de Costner llevar\u00e1 al p\u00fablico a un viaje emocional a trav\u00e9s de un pa\u00eds en guerra consigo mismo, experimentado a trav\u00e9s de la lente de familias, amigos y enemigos que intentan descubrir lo que realmente significa ser los Estados Unidos de Am\u00e9rica\u00bb, dice la<a href=\"https:\/\/www.warnerbros.com\/movies\/horizon-an-american-saga-chapter-1\" target=\"_blank\" rel=\"nofollow noopener\">&nbsp;sinopsis oficial<\/a>.<\/p>\n<div class=\"dtvideos-container\" data-provider=\"youtube\">\n<div class=\"dtvideos-details h-dtvideos-details-embed\">\n<div class=\"dtvideos-title\">Horizon: An American Saga | Official Trailer #2<\/div>\n<\/div>\n<\/div>\n<p>El gran elenco de&nbsp;<em>Horizon: An American Saga<\/em>&nbsp;incluye a Costner, Sienna Miller, Sam Worthington, Jena Malone, Danny Huston, Owen Crow Shoe, Michael Rooker, Will Patton, Luke Wilson, Isabelle Fuhrman, Jamie Campbell Bower, Angus Macfadyen, Michael Anganaro, Ella Hunt, Glynn Turman, Giovanni Ribisi, Thomas Haden Church y m\u00e1s.<\/p>\n<p>Costner dirigi\u00f3&nbsp;<em>Horizon: An American Saga&nbsp;<\/em>a partir de un gui\u00f3n que coescribi\u00f3 con Jon Baird. Es el primer largometraje como director de Costner desde&nbsp;<em>Open Range<\/em>&nbsp;de 2003.&nbsp;<em>Horizon: An American Saga&nbsp;<\/em>es un proyecto apasionante y una gran apuesta para Costner, quien produjo la pel\u00edcula e hipotec\u00f3 algunas de sus tierras en Santa B\u00e1rbara, California, para financiar el presupuesto estimado de 100 millones de d\u00f3lares de la pel\u00edcula. Costner gan\u00f3&nbsp;el premio al Mejor Director y a la Mejor Pel\u00edcula en los Oscar&nbsp;por su trabajo en otro western,&nbsp;<em>Dance with Wolves<\/em>&nbsp;de 1990.<\/p>\n<p>Adem\u00e1s de&nbsp;<em>Horizon,&nbsp;<\/em>Costner ha estado en las noticias recientemente por sus comentarios sobre su inesperada salida de&nbsp;la temporada 5 de&nbsp;<em>Yellowstone<\/em>. A pesar de dejar la serie, Costner todav\u00eda est\u00e1 abierto a regresar como John Dutton para la \u00faltima tanda de episodios.<\/p>\n<p><em>Horizon: An American Saga&nbsp;<\/em>se dividir\u00e1 en dos partes. Warner Bros. lanzar\u00e1&nbsp;<em>el Cap\u00edtulo 1&nbsp;<\/em>el 28 de junio de 2024, y el&nbsp;<em>Cap\u00edtulo 2&nbsp;<\/em>llegar\u00e1 el 16 de agosto de 2024. Costner planea hacer cuatro pel\u00edculas de Horizon, y se espera que&nbsp;<em>el Cap\u00edtulo 3&nbsp;<\/em>comience a filmarse esta primavera.<\/p>\n<h4 class=\"b-editors-recs-title h-editors-recs-title\"> Recomendaciones del editor<\/h4>\n<p> <span id=\"publisher-md\" itemprop=\"publisher\" itemscope itemtype=\"https:\/\/schema.org\/Organization\"> <span itemprop=\"url\" itemtype=\"https:\/\/schema.org\/Url\" content=\"https:\/\/es.digitaltrends.com\"> <span itemprop=\"logo\" itemscope itemtype=\"https:\/\/schema.org\/ImageObject\"> <meta itemprop=\"url\" content=\"https:\/\/cdn.dtcn.com\/dt\/dt-logo-small.png\"> <meta itemprop=\"width\" content=\"0\"> <meta itemprop=\"height\" content=\"0\"> <\/span> <meta itemprop=\"name\" content=\"Digital Trends Espa\u00f1ol\"> <\/span> <span itemprop=\"image\" itemscope itemtype=\"https:\/\/schema.org\/ImageObject\"> <meta itemprop=\"url\" content=\"https:\/\/es.digitaltrends.com\/wp-content\/uploads\/2024\/05\/Kevin-Constner.jpeg?p=1\"> <\/span> <\/span> <\/p>\n","protected":false},"excerpt":{"rendered":"<p>Warner Bros. Pictures Warner Bros. Pictures ha lanzado un nuevo tr\u00e1iler&nbsp;de&nbsp;Horizon: An American Saga&nbsp;de Kevin Costner&nbsp;antes de su estreno mundial en el Festival de Cine de Cannes 2024. Las \u00faltimas im\u00e1genes muestran una vista previa de la epopeya arrolladora de Costner sobre el Viejo Oeste que se desarrolla entre 1861 y 1865. Hayes Ellison, interpretado [&hellip;]<\/p>\n","protected":false},"author":1,"featured_media":150154,"comment_status":"closed","ping_status":"closed","sticky":false,"template":"","format":"standard","meta":[],"categories":[18],"tags":[],"_links":{"self":[{"href":"http:\/\/cordobadirecto.com\/index.php\/wp-json\/wp\/v2\/posts\/150153"}],"collection":[{"href":"http:\/\/cordobadirecto.com\/index.php\/wp-json\/wp\/v2\/posts"}],"about":[{"href":"http:\/\/cordobadirecto.com\/index.php\/wp-json\/wp\/v2\/types\/post"}],"author":[{"embeddable":true,"href":"http:\/\/cordobadirecto.com\/index.php\/wp-json\/wp\/v2\/users\/1"}],"replies":[{"embeddable":true,"href":"http:\/\/cordobadirecto.com\/index.php\/wp-json\/wp\/v2\/comments?post=150153"}],"version-history":[{"count":0,"href":"http:\/\/cordobadirecto.com\/index.php\/wp-json\/wp\/v2\/posts\/150153\/revisions"}],"wp:featuredmedia":[{"embeddable":true,"href":"http:\/\/cordobadirecto.com\/index.php\/wp-json\/wp\/v2\/media\/150154"}],"wp:attachment":[{"href":"http:\/\/cordobadirecto.com\/index.php\/wp-json\/wp\/v2\/media?parent=150153"}],"wp:term":[{"taxonomy":"category","embeddable":true,"href":"http:\/\/cordobadirecto.com\/index.php\/wp-json\/wp\/v2\/categories?post=150153"},{"taxonomy":"post_tag","embeddable":true,"href":"http:\/\/cordobadirecto.com\/index.php\/wp-json\/wp\/v2\/tags?post=150153"}],"curies":[{"name":"wp","href":"https:\/\/api.w.org\/{rel}","templated":true}]}}