{"id":150155,"date":"2024-05-17T21:04:16","date_gmt":"2024-05-17T21:04:16","guid":{"rendered":"https:\/\/puntoapunto.com.ar\/?p=360829"},"modified":"2024-05-17T21:04:16","modified_gmt":"2024-05-17T21:04:16","slug":"la-industria-lleva-10-meses-consecutivos-de-caida-los-sectores-mas-golpeados","status":"publish","type":"post","link":"http:\/\/cordobadirecto.com\/index.php\/2024\/05\/17\/la-industria-lleva-10-meses-consecutivos-de-caida-los-sectores-mas-golpeados\/","title":{"rendered":"La industria lleva 10 meses consecutivos de ca\u00edda: los sectores m\u00e1s golpeados"},"content":{"rendered":"\n<p><strong>La industria se encamina hacia el a\u00f1o de declive continuo<\/strong>, impulsado por<strong>&nbsp;una notable disminuci\u00f3n en la demanda<\/strong>&nbsp;de bienes.<\/p>\n<p>Esto se puede ver reflejada&nbsp;<strong>en la contracci\u00f3n que sufri\u00f3 la actividad econ\u00f3mica<\/strong>, que&nbsp;seg\u00fan la&nbsp;<a href=\"https:\/\/www.uia.org.ar\/\" target=\"_blank\" rel=\"noopener\"><strong>Uni\u00f3n Industrial Argentina<\/strong><\/a>, fue del&nbsp;<strong>4,7%<\/strong>&nbsp;mensual en marzo, sin estacionalidad, y del<strong>&nbsp;17,2%<\/strong>&nbsp;interanual.<\/p>\n<p>Este marc\u00f3&nbsp;<strong>el d\u00e9cimo mes consecutivo de decrecimiento<\/strong>, y con estos datos, el primer trimestre de 2024&nbsp;<strong>acumul\u00f3 una disminuci\u00f3n a\u00f1o a a\u00f1o del 11,7%.<\/strong><\/p>\n<div class=\"subscription\">\n<div class=\"subscription__container\">\n<div class=\"subscription__text-wrapper\">\n<div class=\"subscription__cta-wrapper\"><img decoding=\"async\" src=\"http:\/\/cordobadirecto.com\/wp-content\/uploads\/2024\/05\/la-industria-lleva-10-meses-consecutivos-de-caida-los-sectores-mas-golpeados.jpg\" alt=\"20240427_industria_automotriz_na_g\" loading=\"lazy\"><\/div>\n<\/div>\n<\/div>\n<\/div>\n<p>Y la expectativa de cara a abril es que&nbsp;<strong>podr\u00eda mantenerse la tendencia negativa<\/strong>. \u00abLos datos anticipados de abril<strong>&nbsp;reflejan que persiste la ca\u00edda interanual<\/strong>, aunque&nbsp;<strong>podr\u00eda observarse una leve mejora<\/strong>&nbsp;frente a marzo; que estuvo en un nivel muy bajo\u00bb, expres\u00f3 el escrito.<\/p>\n<p>Sin embargo, aclar\u00f3 que&nbsp;\u00ablos datos de marzo se vieron&nbsp;<strong>afectados&nbsp;<\/strong>en parte por los&nbsp;<strong>menores d\u00edas h\u00e1biles y cuestiones puntuales&nbsp;<\/strong>en algunos sectores\u00bb.<\/p>\n<p>Estos n\u00fameros se dieron a conocer en simult\u00e1neo con el dato del Instituto Nacional de Estad\u00edstica y Censos, que revel\u00f3 que&nbsp;<strong>el uso de la capacidad instalada se derrumb\u00f3&nbsp;<\/strong>en el tercer mes del a\u00f1o, ubic\u00e1ndose en&nbsp;<strong>53,4%.<\/strong><\/p>\n<p><strong>\u00bfCu\u00e1les fueron los rubros m\u00e1s afectados por la ca\u00edda de la actividad industrial en marzo?<\/strong><\/p>\n<p>Seg\u00fan la UIA, y a&nbsp;nivel sectorial, \u00abpredomin\u00f3 la tendencia a la baja<strong>&nbsp;en todos los rubros que componen el \u00edndice<\/strong>\u00ab.<\/p>\n<p>Los principales descensos se registraron en el sector de&nbsp;<strong>Minerales no met\u00e1licos<\/strong>, con una disminuci\u00f3n interanual del<strong>&nbsp;41,2%<\/strong>, afectado principalmente por el debilitamiento en el sector de la construcci\u00f3n.<\/p>\n<p>Asimismo, el sector&nbsp;<strong>Automotor&nbsp;<\/strong>experiment\u00f3<strong>&nbsp;una ca\u00edda del 29,4% en su producci\u00f3n anual<\/strong>, resultado de menores niveles de ventas<strong>&nbsp;tanto en el mercado interno (-42,2% i.a.) como en las exportaciones (-27,6% i.a.).<\/strong><\/p>\n<p><img decoding=\"async\" src=\"http:\/\/cordobadirecto.com\/wp-content\/uploads\/2024\/05\/la-industria-lleva-10-meses-consecutivos-de-caida-los-sectores-mas-golpeados-1.jpg\" alt=\"La industria encaden\u00f3 10 meses con ca\u00eddas\" loading=\"lazy\"><\/p>\n<p>Por otro lado,<strong>&nbsp;el sector de Metales b\u00e1sicos<\/strong>&nbsp;volvi\u00f3 a sufrir una reducci\u00f3n del&nbsp;<strong>27,4% interanual,<\/strong>&nbsp;principalmente debido a la<strong>&nbsp;disminuci\u00f3n en la producci\u00f3n de acero (-41,5% i.a.)&nbsp;<\/strong>como consecuencia de una menor demanda y el paro laboral de seis d\u00edas llevado adelante por los gremios del sector.<\/p>\n<p>La tendencia a la baja<strong>&nbsp;se profundiz\u00f3 tambi\u00e9n en el sector de Metalmec\u00e1nica<\/strong>, con una contracci\u00f3n del&nbsp;<strong>17,7%<\/strong>&nbsp;interanual en todos sus rubros.<\/p>\n<p>En el \u00e1mbito de<strong>&nbsp;Alimentos y bebidas<\/strong>, la producci\u00f3n cay\u00f3 un&nbsp;<strong>10,2%<\/strong>&nbsp;en marzo, aunque se registr\u00f3 un incremento del 28% interanual en la producci\u00f3n de aceites.<\/p>\n<p>La producci\u00f3n de&nbsp;<strong>Papel y cart\u00f3n disminuy\u00f3 un 8,5% interanual<\/strong>, principalmente impulsada por la ca\u00edda en la producci\u00f3n de papel para embalaje, seguido del papel de impresi\u00f3n.<\/p>\n<p>Adem\u00e1s, el segmento de&nbsp;<strong>Sustancias y productos qu\u00edmicos<\/strong>&nbsp;experiment\u00f3 una ca\u00edda del&nbsp;<strong>7,2%<\/strong>&nbsp;interanual, influenciado por&nbsp;<strong>una disminuci\u00f3n en la demanda de pinturas, productos de limpieza e higiene y medicamentos<\/strong>, lo que contribuy\u00f3 a la baja en el rubro de Otros productos qu\u00edmicos (-11,0%).<\/p>\n<p>En menor medida,<strong>&nbsp;la producci\u00f3n de Refinaci\u00f3n de petr\u00f3leo tambi\u00e9n descendi\u00f3 un 4,3% interanual<\/strong>, marcando el cuarto mes consecutivo de ca\u00edda y acumulando una disminuci\u00f3n del 3,5% en el primer trimestre del a\u00f1o.<\/p>\n","protected":false},"excerpt":{"rendered":"<p>La industria se encamina hacia el a\u00f1o de declive continuo, impulsado por&nbsp;una notable disminuci\u00f3n en la demanda&nbsp;de bienes. Esto se puede ver reflejada&nbsp;en la contracci\u00f3n que sufri\u00f3 la actividad econ\u00f3mica, que&nbsp;seg\u00fan la&nbsp;Uni\u00f3n Industrial Argentina, fue del&nbsp;4,7%&nbsp;mensual en marzo, sin estacionalidad, y del&nbsp;17,2%&nbsp;interanual. Este marc\u00f3&nbsp;el d\u00e9cimo mes consecutivo de decrecimiento, y con estos datos, el primer [&hellip;]<\/p>\n","protected":false},"author":1,"featured_media":150156,"comment_status":"closed","ping_status":"closed","sticky":false,"template":"","format":"standard","meta":[],"categories":[25],"tags":[],"_links":{"self":[{"href":"http:\/\/cordobadirecto.com\/index.php\/wp-json\/wp\/v2\/posts\/150155"}],"collection":[{"href":"http:\/\/cordobadirecto.com\/index.php\/wp-json\/wp\/v2\/posts"}],"about":[{"href":"http:\/\/cordobadirecto.com\/index.php\/wp-json\/wp\/v2\/types\/post"}],"author":[{"embeddable":true,"href":"http:\/\/cordobadirecto.com\/index.php\/wp-json\/wp\/v2\/users\/1"}],"replies":[{"embeddable":true,"href":"http:\/\/cordobadirecto.com\/index.php\/wp-json\/wp\/v2\/comments?post=150155"}],"version-history":[{"count":0,"href":"http:\/\/cordobadirecto.com\/index.php\/wp-json\/wp\/v2\/posts\/150155\/revisions"}],"wp:featuredmedia":[{"embeddable":true,"href":"http:\/\/cordobadirecto.com\/index.php\/wp-json\/wp\/v2\/media\/150156"}],"wp:attachment":[{"href":"http:\/\/cordobadirecto.com\/index.php\/wp-json\/wp\/v2\/media?parent=150155"}],"wp:term":[{"taxonomy":"category","embeddable":true,"href":"http:\/\/cordobadirecto.com\/index.php\/wp-json\/wp\/v2\/categories?post=150155"},{"taxonomy":"post_tag","embeddable":true,"href":"http:\/\/cordobadirecto.com\/index.php\/wp-json\/wp\/v2\/tags?post=150155"}],"curies":[{"name":"wp","href":"https:\/\/api.w.org\/{rel}","templated":true}]}}