{"id":150160,"date":"2024-05-17T22:05:46","date_gmt":"2024-05-17T22:05:46","guid":{"rendered":"https:\/\/cordoba.gob.ar\/?p=57876"},"modified":"2024-05-17T22:05:46","modified_gmt":"2024-05-17T22:05:46","slug":"el-cpc-colon-cumple-28-anos-y-lo-celebra-junto-a-los-vecinos-y-vecinas","status":"publish","type":"post","link":"http:\/\/cordobadirecto.com\/index.php\/2024\/05\/17\/el-cpc-colon-cumple-28-anos-y-lo-celebra-junto-a-los-vecinos-y-vecinas\/","title":{"rendered":"El CPC Col\u00f3n cumple 28 a\u00f1os y lo celebra junto a los vecinos y vecinas"},"content":{"rendered":"<div><img src=\"http:\/\/cordobadirecto.com\/wp-content\/uploads\/2024\/05\/el-cpc-colon-cumple-28-anos-y-lo-celebra-junto-a-los-vecinos-y-vecinas.jpg\" class=\"ff-og-image-inserted\"><\/div>\n<ul>\n<li><strong>El festejo ser\u00e1 este s\u00e1bado a partir de las 15:30 horas, en el play\u00f3n del Centro de Participaci\u00f3n Comunal.<\/strong><\/li>\n<li><strong><strong>Habr\u00e1 diversas actividades, juegos y premios.<\/strong><\/strong><br \/>\n<hr>\n<\/li>\n<\/ul>\n<p>El Centro de Participaci\u00f3n Comunal ubicado en Avenida Col\u00f3n al 5300, cumple 28 a\u00f1os al servicio de los vecinos y vecinas de la zona.<\/p>\n<p>Para la celebraci\u00f3n, la Municipalidad de C\u00f3rdoba ha preparado una serie de actividades y juegos para todos aquellos que se acerquen a disfrutar y festejar este nuevo aniversario.<\/p>\n<p>Dentro de las actividades programadas habr\u00e1 una clase zumba y posteriormente se realizar\u00e1 un partido amistoso de f\u00fatbol 5 entre \u201cClub Atl\u00e9tico Las Palmas\u201d y \u201cClub Universitario de Deporte\u201d, en donde a trav\u00e9s del relato, se palpar\u00e1 el folclore del f\u00fatbol.<\/p>\n<p>Posteriormente, seguir\u00e1n las propuestas como partidos de b\u00e1squet, voley, f\u00fatbol-tenis con la participaci\u00f3n del p\u00fablico y una exhibici\u00f3n de karate con roturas a cargo del Sensei Roberto Gerban y la \u201cEscuela Kaizenkan\u201d.<\/p>\n<p>La Polic\u00eda de la Provincia de C\u00f3rdoba se har\u00e1 presente con una demostraci\u00f3n que efectuar\u00e1 la Divisi\u00f3n Canes \u201cEscuadra Exhibici\u00f3n\u201d, en donde las mascotas demostrar\u00e1n todas sus aptitudes para los saltos y destrezas.<\/p>\n<p>Finalmente, y a modo de cierre, en el auditorio, se presentar\u00e1 el coro \u201cLa Semilla del Colegio de Arquitectos R1\u201d, dirigido por Dar\u00edo Ferreyra, quien ha sabido inculcar a sus coristas la pasi\u00f3n por la m\u00fasica y el arte coral.<\/p>\n","protected":false},"excerpt":{"rendered":"<p>El festejo ser\u00e1 este s\u00e1bado a partir de las 15:30 horas, en el play\u00f3n del Centro de Participaci\u00f3n Comunal. Habr\u00e1 diversas actividades, juegos y premios. El Centro de Participaci\u00f3n Comunal ubicado en Avenida Col\u00f3n al 5300, cumple 28 a\u00f1os al servicio de los vecinos y vecinas de la zona. Para la celebraci\u00f3n, la Municipalidad de [&hellip;]<\/p>\n","protected":false},"author":1,"featured_media":150161,"comment_status":"closed","ping_status":"closed","sticky":false,"template":"","format":"standard","meta":[],"categories":[44],"tags":[],"_links":{"self":[{"href":"http:\/\/cordobadirecto.com\/index.php\/wp-json\/wp\/v2\/posts\/150160"}],"collection":[{"href":"http:\/\/cordobadirecto.com\/index.php\/wp-json\/wp\/v2\/posts"}],"about":[{"href":"http:\/\/cordobadirecto.com\/index.php\/wp-json\/wp\/v2\/types\/post"}],"author":[{"embeddable":true,"href":"http:\/\/cordobadirecto.com\/index.php\/wp-json\/wp\/v2\/users\/1"}],"replies":[{"embeddable":true,"href":"http:\/\/cordobadirecto.com\/index.php\/wp-json\/wp\/v2\/comments?post=150160"}],"version-history":[{"count":0,"href":"http:\/\/cordobadirecto.com\/index.php\/wp-json\/wp\/v2\/posts\/150160\/revisions"}],"wp:featuredmedia":[{"embeddable":true,"href":"http:\/\/cordobadirecto.com\/index.php\/wp-json\/wp\/v2\/media\/150161"}],"wp:attachment":[{"href":"http:\/\/cordobadirecto.com\/index.php\/wp-json\/wp\/v2\/media?parent=150160"}],"wp:term":[{"taxonomy":"category","embeddable":true,"href":"http:\/\/cordobadirecto.com\/index.php\/wp-json\/wp\/v2\/categories?post=150160"},{"taxonomy":"post_tag","embeddable":true,"href":"http:\/\/cordobadirecto.com\/index.php\/wp-json\/wp\/v2\/tags?post=150160"}],"curies":[{"name":"wp","href":"https:\/\/api.w.org\/{rel}","templated":true}]}}