{"id":150162,"date":"2024-05-17T13:48:55","date_gmt":"2024-05-17T13:48:55","guid":{"rendered":"https:\/\/www.bbc.com\/mundo\/articles\/c14k4jwr45ko#0"},"modified":"2024-05-17T13:48:55","modified_gmt":"2024-05-17T13:48:55","slug":"zonas-francas-por-que-son-clave-en-la-economia-de-republica-dominicana-y-que-efecto-generan-las-vacaciones-fiscales","status":"publish","type":"post","link":"http:\/\/cordobadirecto.com\/index.php\/2024\/05\/17\/zonas-francas-por-que-son-clave-en-la-economia-de-republica-dominicana-y-que-efecto-generan-las-vacaciones-fiscales\/","title":{"rendered":"Zonas francas: por qu\u00e9 son clave en la econom\u00eda de Rep\u00fablica Dominicana y qu\u00e9 efecto generan las &#8220;vacaciones fiscales&#8221;"},"content":{"rendered":"<figure class=\"bbc-1qn0xuy\" readability=\"1.5\">\n<div class=\"bbc-j1srjl\" readability=\"8\"><picture><img loading=\"lazy\" src=\"http:\/\/cordobadirecto.com\/wp-content\/uploads\/2024\/05\/zonas-francas-por-que-son-clave-en-la-economia-de-republica-dominicana-y-que-efecto-generan-las-vacaciones-fiscales.jpg\" srcset=\"http:\/\/cordobadirecto.com\/wp-content\/uploads\/2024\/05\/zonas-francas-por-que-son-clave-en-la-economia-de-republica-dominicana-y-que-efecto-generan-las-vacaciones-fiscales-5.jpg 240w, http:\/\/cordobadirecto.com\/wp-content\/uploads\/2024\/05\/zonas-francas-por-que-son-clave-en-la-economia-de-republica-dominicana-y-que-efecto-generan-las-vacaciones-fiscales-6.jpg 320w, http:\/\/cordobadirecto.com\/wp-content\/uploads\/2024\/05\/zonas-francas-por-que-son-clave-en-la-economia-de-republica-dominicana-y-que-efecto-generan-las-vacaciones-fiscales-7.jpg 480w, http:\/\/cordobadirecto.com\/wp-content\/uploads\/2024\/05\/zonas-francas-por-que-son-clave-en-la-economia-de-republica-dominicana-y-que-efecto-generan-las-vacaciones-fiscales-8.jpg 624w, http:\/\/cordobadirecto.com\/wp-content\/uploads\/2024\/05\/zonas-francas-por-que-son-clave-en-la-economia-de-republica-dominicana-y-que-efecto-generan-las-vacaciones-fiscales-9.jpg 738w\" sizes=\"(min-width: 1008px) 760px, 100vw\" alt=\"Rep\u00fablica Dominicana\" width=\"738\" height=\"415\" class=\"bbc-139onq\"><\/picture>\n<p class=\"bbc-by8ykd\" role=\"text\"><span class=\"bbc-m04vo2\">Fuente de la imagen, <\/span><span lang=\"en-GB\">Getty Images<\/span><\/p>\n<\/div>\n<\/figure>\n<section role=\"region\" aria-labelledby=\"article-byline\" class=\"bbc-1vjaf6b\"><strong id=\"article-byline\" aria-hidden=\"true\" class=\"bbc-m04vo2\">Article information<\/strong><\/p>\n<ul role=\"list\" class=\"bbc-1rvtlej\">\n<li><span role=\"text\"><span class=\"bbc-m04vo2\">Author, <\/span><span class=\"bbc-1ypcc2\">Redacci\u00f3n<\/span><\/span><\/li>\n<li><span role=\"text\"><span class=\"bbc-m04vo2\">Role, <!-- --> <\/span><span class=\"bbc-1y5sx98\">BBC News Mundo<\/span><\/span><\/li>\n<li class=\"bbc-v8pmqw\">\n<p><time datetime=\"2024-05-17\" class=\"bbc-1dafq0j e1mklfmt0\">17 mayo 2024<\/time><\/p>\n<\/li>\n<\/ul>\n<\/section>\n<div dir=\"ltr\" class=\"bbc-19j92fr ebmt73l0\" readability=\"8\">\n<p dir=\"ltr\" class=\"bbc-hhl7in e17g058b0\"><b>A lo largo de Rep\u00fablica Dominicana hay una serie de lugares especiales con empresas que producen desde equipos m\u00e9dicos hasta joyas y est\u00e1n exentas de impuestos.<\/b><\/p>\n<\/div>\n<div dir=\"ltr\" class=\"bbc-19j92fr ebmt73l0\" readability=\"10\">\n<p dir=\"ltr\" class=\"bbc-hhl7in e17g058b0\">Se trata de zonas francas, parques industriales con reglas fiscales y aduaneras m\u00e1s ben\u00e9volas que en el resto del pa\u00eds caribe\u00f1o y que actualmente canalizan dos tercios de las exportaciones dominicanas.<\/p>\n<\/div>\n<div dir=\"ltr\" class=\"bbc-19j92fr ebmt73l0\" readability=\"11\">\n<p dir=\"ltr\" class=\"bbc-hhl7in e17g058b0\">Esas \u00e1reas se han vuelto tambi\u00e9n una fuente de trabajo para esta naci\u00f3n de 11 millones de habitantes, con <b>198.000 empleos directos<\/b> generados hasta fines del a\u00f1o pasado, seg\u00fan cifras de la Asociaci\u00f3n de Zonas Francas de las Am\u00e9ricas (AZFA).<\/p>\n<\/div>\n<div dir=\"ltr\" class=\"bbc-19j92fr ebmt73l0\" readability=\"12\">\n<p dir=\"ltr\" class=\"bbc-hhl7in e17g058b0\">De hecho, Rep\u00fablica Dominicana se ha convertido en el pa\u00eds de Am\u00e9rica Latina con m\u00e1s empleos directos por zonas francas y parques bajo ese r\u00e9gimen, seguido por Costa Rica y Honduras respectivamente, de acuerdo a la misma fuente.<\/p>\n<\/div>\n<div dir=\"ltr\" class=\"bbc-19j92fr ebmt73l0\" readability=\"13\">\n<p dir=\"ltr\" class=\"bbc-hhl7in e17g058b0\">&#8220;Las zonas francas s\u00ed son clave en nuestro pa\u00eds desde hace d\u00e9cadas, independientemente del partido que haya estado en el gobierno\u201d, dice <b>Claudia Pellerano<\/b>, una dominicana que preside la AZFA, en di\u00e1logo con BBC Mundo.<\/p>\n<\/div>\n<div dir=\"ltr\" class=\"bbc-19j92fr ebmt73l0\" readability=\"9\">\n<p dir=\"ltr\" class=\"bbc-hhl7in e17g058b0\">Juegan un papel importante en la econom\u00eda del pa\u00eds, que este domingo celebra elecciones presidenciales.<\/p>\n<\/div>\n<div dir=\"ltr\" class=\"bbc-19j92fr ebmt73l0\" readability=\"8\">\n<p dir=\"ltr\" class=\"bbc-hhl7in e17g058b0\">Sin embargo, estos lugares especiales han recibido apuntes cr\u00edticos del Banco Mundial.<\/p>\n<\/div>\n<p><h2 id=\"Se-han-diversificado\" tabindex=\"-1\" class=\"bbc-1f03ibc eglt09e0\">\u201cSe han diversificado\u201d<\/h2>\n<\/p>\n<div dir=\"ltr\" class=\"bbc-19j92fr ebmt73l0\" readability=\"10\">\n<p dir=\"ltr\" class=\"bbc-hhl7in e17g058b0\">Las zonas francas se han vuelto una suerte de pol\u00edtica de largo aliento que Rep\u00fablica Dominicana ha tenido para atraer inversiones desde 1969, cuando abri\u00f3 la primera de ellas en la ciudad de La Romana.<\/p>\n<\/div>\n<div dir=\"ltr\" class=\"bbc-19j92fr ebmt73l0\" readability=\"11\">\n<p dir=\"ltr\" class=\"bbc-hhl7in e17g058b0\">Aquel emprendimiento naci\u00f3 a instancias de una transnacional con inversiones azucareras, la Gulf and Western Americas Corp., tras aprobarse normas de incentivo industrial que libraron de impuestos a compa\u00f1\u00edas instaladas en zonas francas del pa\u00eds.<\/p>\n<\/div>\n<div dir=\"ltr\" class=\"bbc-19j92fr ebmt73l0\" readability=\"9\">\n<p dir=\"ltr\" class=\"bbc-hhl7in e17g058b0\">Con el tiempo surgieron otras zonas francas en Rep\u00fablica Dominicana. Las empresas que operaban en ellas pasaron el centenar ya en 1983. Y en los a\u00f1os siguientes su ritmo de crecimiento ya destacaba a nivel del Caribe y Centroam\u00e9rica.<\/p>\n<\/div>\n<figure class=\"bbc-1qn0xuy\" readability=\"1.5\">\n<div class=\"bbc-j1srjl\" readability=\"8\"><picture><img src=\"http:\/\/cordobadirecto.com\/wp-content\/uploads\/2024\/05\/zonas-francas-por-que-son-clave-en-la-economia-de-republica-dominicana-y-que-efecto-generan-las-vacaciones-fiscales-1.jpg\" srcset=\"http:\/\/cordobadirecto.com\/wp-content\/uploads\/2024\/05\/zonas-francas-por-que-son-clave-en-la-economia-de-republica-dominicana-y-que-efecto-generan-las-vacaciones-fiscales-10.jpg 240w, http:\/\/cordobadirecto.com\/wp-content\/uploads\/2024\/05\/zonas-francas-por-que-son-clave-en-la-economia-de-republica-dominicana-y-que-efecto-generan-las-vacaciones-fiscales-11.jpg 320w, http:\/\/cordobadirecto.com\/wp-content\/uploads\/2024\/05\/zonas-francas-por-que-son-clave-en-la-economia-de-republica-dominicana-y-que-efecto-generan-las-vacaciones-fiscales-12.jpg 480w, http:\/\/cordobadirecto.com\/wp-content\/uploads\/2024\/05\/zonas-francas-por-que-son-clave-en-la-economia-de-republica-dominicana-y-que-efecto-generan-las-vacaciones-fiscales-13.jpg 624w, http:\/\/cordobadirecto.com\/wp-content\/uploads\/2024\/05\/zonas-francas-por-que-son-clave-en-la-economia-de-republica-dominicana-y-que-efecto-generan-las-vacaciones-fiscales-14.jpg 800w\" sizes=\"(min-width: 1008px) 760px, 100vw\" alt=\"Vista a\u00e9rea de edificios en una zona franca de Rep\u00fablica Dominicana\" loading=\"lazy\" width=\"3839\" height=\"2159\" class=\"bbc-139onq\"><\/picture>\n<p class=\"bbc-by8ykd\" role=\"text\"><span class=\"bbc-m04vo2\">Fuente de la imagen, <\/span><span lang=\"en-GB\">CNZFE<\/span><\/p>\n<\/div><figcaption dir=\"ltr\" class=\"bbc-1jsyunq e6i104o0\"><span role=\"text\"><span class=\"bbc-m04vo2\">Pie de foto, <\/span><span data-testid=\"caption-paragraph\">En Rep\u00fablica Dominicana hay 87 parques de zonas francas con cientos de empresas que producen principalmente para el mercado de Estados Unidos. <\/span><\/span><\/figcaption><\/figure>\n<div dir=\"ltr\" class=\"bbc-19j92fr ebmt73l0\" readability=\"12\">\n<p dir=\"ltr\" class=\"bbc-hhl7in e17g058b0\">Este r\u00e9gimen especial dominicano recibi\u00f3 un incentivo importante desde Estados Unidos, primero con aranceles preferenciales a productos de la regi\u00f3n y luego con el tratado de libre comercio con Centroam\u00e9rica y Rep\u00fablica Dominicana (DR-CAFTA, por sus siglas en ingl\u00e9s) a partir de la d\u00e9cada de 2000.<\/p>\n<\/div>\n<div dir=\"ltr\" class=\"bbc-19j92fr ebmt73l0\" readability=\"11\">\n<p dir=\"ltr\" class=\"bbc-hhl7in e17g058b0\">Actualmente en las zonas francas dominicanas hay unas 820 empresas locales y extranjeras que movieron<b> exportaciones por m\u00e1s de US$8.000 millones en 2023<\/b> seg\u00fan cifras oficiales, una cifra r\u00e9cord para el pa\u00eds, con EE.UU. como gran destino (79% del total).<\/p>\n<\/div>\n<div dir=\"ltr\" class=\"bbc-19j92fr ebmt73l0\" readability=\"10\">\n<p dir=\"ltr\" class=\"bbc-hhl7in e17g058b0\">Estas ventas incluyen desde los tradicionales textiles y tabaco hasta productos farmac\u00e9uticos y equipos m\u00e9dicos, que juntos son la principal exportaci\u00f3n al totalizar US$2.474 millones y superar el 30% de las salidas desde zonas francas.<\/p>\n<\/div>\n<div dir=\"ltr\" class=\"bbc-19j92fr ebmt73l0\" readability=\"10\">\n<p dir=\"ltr\" class=\"bbc-hhl7in e17g058b0\">Tambi\u00e9n exportaron productos pl\u00e1sticos, met\u00e1licos, el\u00e9ctricos y calzados, entre otros.<\/p>\n<\/div>\n<div dir=\"ltr\" class=\"bbc-19j92fr ebmt73l0\" readability=\"11\">\n<p dir=\"ltr\" class=\"bbc-hhl7in e17g058b0\">Este abanico industrial sum\u00f3 miles de puestos de trabajo en las zonas francas dominicanas, seg\u00fan sus defensores a mayor ritmo que en otros pa\u00edses latinoamericanos, donde abundan en esas \u00e1reas peque\u00f1as y medianas empresas de comercio o servicios.<\/p>\n<\/div>\n<div dir=\"ltr\" class=\"bbc-19j92fr ebmt73l0\" readability=\"12\">\n<p dir=\"ltr\" class=\"bbc-hhl7in e17g058b0\">En base a su ubicaci\u00f3n geogr\u00e1fica e infraestructura de puertos y aeropuertos, Rep\u00fablica Dominicana apuesta ahora a beneficiarse del <i class=\"bbc-h1y5j7 eih42320\"><b>nearshoring<\/b><\/i>, una tendencia por la cual industrias occidentales tercerizan parte de su producci\u00f3n en pa\u00edses pr\u00f3ximos para simplificar su log\u00edstica en lugar de hacerlo en Asia.<\/p>\n<\/div>\n<figure class=\"bbc-1qn0xuy\" readability=\"1.5\">\n<div class=\"bbc-j1srjl\" readability=\"8\"><picture><img src=\"http:\/\/cordobadirecto.com\/wp-content\/uploads\/2024\/05\/zonas-francas-por-que-son-clave-en-la-economia-de-republica-dominicana-y-que-efecto-generan-las-vacaciones-fiscales-2.jpg\" srcset=\"http:\/\/cordobadirecto.com\/wp-content\/uploads\/2024\/05\/zonas-francas-por-que-son-clave-en-la-economia-de-republica-dominicana-y-que-efecto-generan-las-vacaciones-fiscales-15.jpg 240w, http:\/\/cordobadirecto.com\/wp-content\/uploads\/2024\/05\/zonas-francas-por-que-son-clave-en-la-economia-de-republica-dominicana-y-que-efecto-generan-las-vacaciones-fiscales-16.jpg 320w, http:\/\/cordobadirecto.com\/wp-content\/uploads\/2024\/05\/zonas-francas-por-que-son-clave-en-la-economia-de-republica-dominicana-y-que-efecto-generan-las-vacaciones-fiscales-17.jpg 480w, http:\/\/cordobadirecto.com\/wp-content\/uploads\/2024\/05\/zonas-francas-por-que-son-clave-en-la-economia-de-republica-dominicana-y-que-efecto-generan-las-vacaciones-fiscales-18.jpg 624w, http:\/\/cordobadirecto.com\/wp-content\/uploads\/2024\/05\/zonas-francas-por-que-son-clave-en-la-economia-de-republica-dominicana-y-que-efecto-generan-las-vacaciones-fiscales-19.jpg 800w\" sizes=\"(min-width: 1008px) 760px, 100vw\" alt=\"Trabajadores en una zona franca dominicana\" loading=\"lazy\" width=\"5472\" height=\"3648\" class=\"bbc-139onq\"><\/picture>\n<p class=\"bbc-by8ykd\" role=\"text\"><span class=\"bbc-m04vo2\">Fuente de la imagen, <\/span><span lang=\"en-GB\">ZF Las Am\u00e9ricas<\/span><\/p>\n<\/div><figcaption dir=\"ltr\" class=\"bbc-1jsyunq e6i104o0\"><span role=\"text\"><span class=\"bbc-m04vo2\">Pie de foto, <\/span><span data-testid=\"caption-paragraph\">En las zonas francas dominicanas hay cerca de 200 mil empleos directos vinculados a varias industrias.<\/span><\/span><\/figcaption><\/figure>\n<div dir=\"ltr\" class=\"bbc-19j92fr ebmt73l0\" readability=\"10\">\n<p dir=\"ltr\" class=\"bbc-hhl7in e17g058b0\"><b>Fernando Capell\u00e1n<\/b> ha sido testigo directo de c\u00f3mo las zonas francas dominicanas cambiaron desde que entr\u00f3 a trabajar como pasante de ingenier\u00eda industrial en la planta de confecci\u00f3n de una de ellas en 1979 en Santiago de los Caballeros, la segunda ciudad m\u00e1s importante del pa\u00eds.<\/p>\n<\/div>\n<div dir=\"ltr\" class=\"bbc-19j92fr ebmt73l0\" readability=\"11\">\n<p dir=\"ltr\" class=\"bbc-hhl7in e17g058b0\">Siete a\u00f1os despu\u00e9s fund\u00f3 su propia empresa textil en el mismo lugar y m\u00e1s tarde instal\u00f3 un parque industrial, Codevi, en una zona franca de la vecina Hait\u00ed que provee mano de obra a la cadena de suministro.<\/p>\n<\/div>\n<div dir=\"ltr\" class=\"bbc-19j92fr ebmt73l0\" readability=\"11\">\n<p dir=\"ltr\" class=\"bbc-hhl7in e17g058b0\">\u201cLas zonas francas en Rep\u00fablica Dominicana han demostrado que son un sector con mucho potencial\u201d, dice Capell\u00e1n a BBC Mundo. \u201cSe han diversificado y sofisticado con m\u00e1s valor agregado. Y m\u00e1s tecnolog\u00eda hasta en el \u00e1rea textil, que fue donde arranc\u00f3\u201d.<\/p>\n<\/div>\n<p><h2 id=\"Limitados\" tabindex=\"-1\" class=\"bbc-1f03ibc eglt09e0\">&#8220;Limitados&#8221;<\/h2>\n<\/p>\n<div dir=\"ltr\" class=\"bbc-19j92fr ebmt73l0\" readability=\"7\">\n<p dir=\"ltr\" class=\"bbc-hhl7in e17g058b0\">Pero tambi\u00e9n han surgido sugerencias de modificar esta pol\u00edtica en Rep\u00fablica Dominicana.<\/p>\n<\/div>\n<div dir=\"ltr\" class=\"bbc-19j92fr ebmt73l0\" readability=\"11\">\n<p dir=\"ltr\" class=\"bbc-hhl7in e17g058b0\">El Banco Mundial indic\u00f3 en un documento en agosto que, aunque la actividad en las zonas econ\u00f3micas especiales promovi\u00f3 el empleo y atrajo inversi\u00f3n extranjera directa al pa\u00eds, \u201csus efectos indirectos en el resto de la econom\u00eda han sido limitados\u201d.<\/p>\n<\/div>\n<div dir=\"ltr\" class=\"bbc-19j92fr ebmt73l0\" readability=\"10\">\n<p dir=\"ltr\" class=\"bbc-hhl7in e17g058b0\">Agreg\u00f3 que en promedio generaron<b> 3,8% del empleo total entre 2010 y 2019<\/b> y que las empresas de baja tecnolog\u00eda bajo esos reg\u00edmenes especiales tienen una productividad casi 30% m\u00e1s baja que las empresas comparables que est\u00e1n fuera de ellos.<\/p>\n<\/div>\n<figure class=\"bbc-1qn0xuy\" readability=\"1.5\">\n<div class=\"bbc-j1srjl\" readability=\"8\"><picture><img src=\"http:\/\/cordobadirecto.com\/wp-content\/uploads\/2024\/05\/zonas-francas-por-que-son-clave-en-la-economia-de-republica-dominicana-y-que-efecto-generan-las-vacaciones-fiscales-3.jpg\" srcset=\"http:\/\/cordobadirecto.com\/wp-content\/uploads\/2024\/05\/zonas-francas-por-que-son-clave-en-la-economia-de-republica-dominicana-y-que-efecto-generan-las-vacaciones-fiscales-20.jpg 240w, http:\/\/cordobadirecto.com\/wp-content\/uploads\/2024\/05\/zonas-francas-por-que-son-clave-en-la-economia-de-republica-dominicana-y-que-efecto-generan-las-vacaciones-fiscales-21.jpg 320w, http:\/\/cordobadirecto.com\/wp-content\/uploads\/2024\/05\/zonas-francas-por-que-son-clave-en-la-economia-de-republica-dominicana-y-que-efecto-generan-las-vacaciones-fiscales-22.jpg 480w, http:\/\/cordobadirecto.com\/wp-content\/uploads\/2024\/05\/zonas-francas-por-que-son-clave-en-la-economia-de-republica-dominicana-y-que-efecto-generan-las-vacaciones-fiscales-23.jpg 624w, http:\/\/cordobadirecto.com\/wp-content\/uploads\/2024\/05\/zonas-francas-por-que-son-clave-en-la-economia-de-republica-dominicana-y-que-efecto-generan-las-vacaciones-fiscales-24.jpg 800w\" sizes=\"(min-width: 1008px) 760px, 100vw\" alt=\"El presidente dominicano, Luis Abinader, habla junto a la bandera de su pa\u00eds\" loading=\"lazy\" width=\"1457\" height=\"982\" class=\"bbc-139onq\"><\/picture>\n<p class=\"bbc-by8ykd\" role=\"text\"><span class=\"bbc-m04vo2\">Fuente de la imagen, <\/span><span lang=\"en-GB\">Getty Images<\/span><\/p>\n<\/div><figcaption dir=\"ltr\" class=\"bbc-1jsyunq e6i104o0\"><span role=\"text\"><span class=\"bbc-m04vo2\">Pie de foto, <\/span><span data-testid=\"caption-paragraph\">El presidente dominicano, Luis Abinader, lidera con comodidad las encuestas para las elecciones del domingo. <\/span><\/span><\/figcaption><\/figure>\n<div dir=\"ltr\" class=\"bbc-19j92fr ebmt73l0\" readability=\"10\">\n<p dir=\"ltr\" class=\"bbc-hhl7in e17g058b0\">En otro informe sobre clima y desarrollo del pa\u00eds, el Banco Mundial sugiri\u00f3 en noviembre revisar \u201clas vacaciones fiscales para las Zonas Econ\u00f3micas Especiales\u201d dominicanas con el objetivo de \u201cgarantizar la neutralidad fiscal entre empresas y sectores\u201d.<\/p>\n<\/div>\n<div dir=\"ltr\" class=\"bbc-19j92fr ebmt73l0\" readability=\"8\">\n<p dir=\"ltr\" class=\"bbc-hhl7in e17g058b0\">Sin embargo, los representantes de las zonas francas son reticentes a ese tipo de cambios.<\/p>\n<\/div>\n<div dir=\"ltr\" class=\"bbc-19j92fr ebmt73l0\" readability=\"11\">\n<p dir=\"ltr\" class=\"bbc-hhl7in e17g058b0\">\u201cCuando una empresa de zona franca hace una inversi\u00f3n, la hace a largo plazo. Y cuando ese marco legal lo cambian constantemente se desestabiliza la parte de la inversi\u00f3n. Entonces para nosotros la estabilidad de ese marco es importante\u201d, sostiene Pellerano.<\/p>\n<\/div>\n<div dir=\"ltr\" class=\"bbc-19j92fr ebmt73l0\" readability=\"9\">\n<p dir=\"ltr\" class=\"bbc-hhl7in e17g058b0\">Y se\u00f1ala que \u201cen este gobierno, en los \u00faltimos a\u00f1os ha habido una prioridad y apoyo al sector de zonas francas de manera clara\u201d.<\/p>\n<\/div>\n<div dir=\"ltr\" class=\"bbc-19j92fr ebmt73l0\" readability=\"13\">\n<p dir=\"ltr\" class=\"bbc-hhl7in e17g058b0\">El presidente dominicano, <b>Luis Abinader<\/b>, figura en las encuestas como favorito a ser reelecto, con una ventaja tal que podr\u00eda lograr mayor\u00eda absoluta el domingo y evitar un balotaje con su antecesor <b>Leonel Fern\u00e1ndez o Abel Mart\u00ednez<\/b>, un exalcalde de Santiago de los Caballeros.<\/p>\n<\/div>\n<figure class=\"bbc-1qn0xuy\" readability=\"1.5\">\n<div class=\"bbc-j1srjl\" readability=\"8\"><picture><img src=\"http:\/\/cordobadirecto.com\/wp-content\/uploads\/2024\/05\/zonas-francas-por-que-son-clave-en-la-economia-de-republica-dominicana-y-que-efecto-generan-las-vacaciones-fiscales-4.jpg\" srcset=\"http:\/\/cordobadirecto.com\/wp-content\/uploads\/2024\/05\/zonas-francas-por-que-son-clave-en-la-economia-de-republica-dominicana-y-que-efecto-generan-las-vacaciones-fiscales-25.jpg 240w, http:\/\/cordobadirecto.com\/wp-content\/uploads\/2024\/05\/zonas-francas-por-que-son-clave-en-la-economia-de-republica-dominicana-y-que-efecto-generan-las-vacaciones-fiscales-26.jpg 320w, http:\/\/cordobadirecto.com\/wp-content\/uploads\/2024\/05\/zonas-francas-por-que-son-clave-en-la-economia-de-republica-dominicana-y-que-efecto-generan-las-vacaciones-fiscales-27.jpg 480w, http:\/\/cordobadirecto.com\/wp-content\/uploads\/2024\/05\/zonas-francas-por-que-son-clave-en-la-economia-de-republica-dominicana-y-que-efecto-generan-las-vacaciones-fiscales-28.jpg 624w, http:\/\/cordobadirecto.com\/wp-content\/uploads\/2024\/05\/zonas-francas-por-que-son-clave-en-la-economia-de-republica-dominicana-y-que-efecto-generan-las-vacaciones-fiscales-29.jpg 800w\" sizes=\"(min-width: 1008px) 760px, 100vw\" alt=\"Trabajadoras en zona franca en la frontera de Hait\u00ed y Dominicana.\" loading=\"lazy\" width=\"930\" height=\"523\" class=\"bbc-139onq\"><\/picture>\n<p class=\"bbc-by8ykd\" role=\"text\"><span class=\"bbc-m04vo2\">Fuente de la imagen, <\/span><span lang=\"en-GB\">Getty Images<\/span><\/p>\n<\/div><figcaption dir=\"ltr\" class=\"bbc-1jsyunq e6i104o0\"><span role=\"text\"><span class=\"bbc-m04vo2\">Pie de foto, <\/span><span data-testid=\"caption-paragraph\">En la frontera entre Dominicana y Hait\u00ed existen zonas francas.<\/span><\/span><\/figcaption><\/figure>\n<div dir=\"ltr\" class=\"bbc-19j92fr ebmt73l0\" readability=\"11\">\n<p dir=\"ltr\" class=\"bbc-hhl7in e17g058b0\">Distintos analistas se\u00f1alan que una clave del favoritismo de Abinader es la fuerte recuperaci\u00f3n de la econom\u00eda dominicana despu\u00e9s de la pandemia de covid, con tasas de crecimiento superiores al promedio regional y una expansi\u00f3n de 5,4% del PIB proyectada para este a\u00f1o por el FMI.<\/p>\n<\/div>\n<div dir=\"ltr\" class=\"bbc-19j92fr ebmt73l0\" readability=\"10\">\n<p dir=\"ltr\" class=\"bbc-hhl7in e17g058b0\">Un reciente an\u00e1lisis del Real Instituto Elcano en Espa\u00f1a indic\u00f3 que esta bonanza econ\u00f3mica dominicana se apoya en \u201csectores estrella\u201d del pa\u00eds como las zonas francas y el turismo, adem\u00e1s de las remesas.<\/p>\n<\/div>\n<figure class=\"bbc-1qn0xuy\">\n<div class=\"bbc-j1srjl\"><picture><img src=\"http:\/\/cordobadirecto.com\/wp-content\/uploads\/2024\/05\/zonas-francas-por-que-son-clave-en-la-economia-de-republica-dominicana-y-que-efecto-generan-las-vacaciones-fiscales.png\" srcset=\"http:\/\/cordobadirecto.com\/wp-content\/uploads\/2024\/05\/zonas-francas-por-que-son-clave-en-la-economia-de-republica-dominicana-y-que-efecto-generan-las-vacaciones-fiscales-1.png 240w, http:\/\/cordobadirecto.com\/wp-content\/uploads\/2024\/05\/zonas-francas-por-que-son-clave-en-la-economia-de-republica-dominicana-y-que-efecto-generan-las-vacaciones-fiscales-2.png 320w, http:\/\/cordobadirecto.com\/wp-content\/uploads\/2024\/05\/zonas-francas-por-que-son-clave-en-la-economia-de-republica-dominicana-y-que-efecto-generan-las-vacaciones-fiscales-3.png 480w, http:\/\/cordobadirecto.com\/wp-content\/uploads\/2024\/05\/zonas-francas-por-que-son-clave-en-la-economia-de-republica-dominicana-y-que-efecto-generan-las-vacaciones-fiscales-4.png 624w, http:\/\/cordobadirecto.com\/wp-content\/uploads\/2024\/05\/zonas-francas-por-que-son-clave-en-la-economia-de-republica-dominicana-y-que-efecto-generan-las-vacaciones-fiscales-5.png 800w\" sizes=\"(min-width: 1008px) 760px, 100vw\" alt=\"L\u00ednea gris\" loading=\"lazy\" width=\"800\" height=\"100\" class=\"bbc-139onq\"><\/picture><\/div>\n<\/figure>\n<div dir=\"ltr\" class=\"bbc-19j92fr ebmt73l0\" readability=\"8\">\n<p dir=\"ltr\" class=\"bbc-hhl7in e17g058b0\"><i class=\"bbc-h1y5j7 eih42320\">Y recuerda que puedes recibir notificaciones en nuestra app. Descarga la \u00faltima versi\u00f3n y act\u00edvalas.<\/i><\/p>\n<\/div>\n","protected":false},"excerpt":{"rendered":"<p>Fuente de la imagen, Getty Images Article information Author, Redacci\u00f3n Role, BBC News Mundo 17 mayo 2024 A lo largo de Rep\u00fablica Dominicana hay una serie de lugares especiales con empresas que producen desde equipos m\u00e9dicos hasta joyas y est\u00e1n exentas de impuestos. Se trata de zonas francas, parques industriales con reglas fiscales y aduaneras [&hellip;]<\/p>\n","protected":false},"author":1,"featured_media":150163,"comment_status":"closed","ping_status":"closed","sticky":false,"template":"","format":"standard","meta":[],"categories":[24],"tags":[],"_links":{"self":[{"href":"http:\/\/cordobadirecto.com\/index.php\/wp-json\/wp\/v2\/posts\/150162"}],"collection":[{"href":"http:\/\/cordobadirecto.com\/index.php\/wp-json\/wp\/v2\/posts"}],"about":[{"href":"http:\/\/cordobadirecto.com\/index.php\/wp-json\/wp\/v2\/types\/post"}],"author":[{"embeddable":true,"href":"http:\/\/cordobadirecto.com\/index.php\/wp-json\/wp\/v2\/users\/1"}],"replies":[{"embeddable":true,"href":"http:\/\/cordobadirecto.com\/index.php\/wp-json\/wp\/v2\/comments?post=150162"}],"version-history":[{"count":0,"href":"http:\/\/cordobadirecto.com\/index.php\/wp-json\/wp\/v2\/posts\/150162\/revisions"}],"wp:featuredmedia":[{"embeddable":true,"href":"http:\/\/cordobadirecto.com\/index.php\/wp-json\/wp\/v2\/media\/150163"}],"wp:attachment":[{"href":"http:\/\/cordobadirecto.com\/index.php\/wp-json\/wp\/v2\/media?parent=150162"}],"wp:term":[{"taxonomy":"category","embeddable":true,"href":"http:\/\/cordobadirecto.com\/index.php\/wp-json\/wp\/v2\/categories?post=150162"},{"taxonomy":"post_tag","embeddable":true,"href":"http:\/\/cordobadirecto.com\/index.php\/wp-json\/wp\/v2\/tags?post=150162"}],"curies":[{"name":"wp","href":"https:\/\/api.w.org\/{rel}","templated":true}]}}