{"id":150164,"date":"2024-05-17T23:21:05","date_gmt":"2024-05-17T23:21:05","guid":{"rendered":"https:\/\/www.ole.com.ar\/autos\/procar_0_WOegSq2SjV.html"},"modified":"2024-05-17T23:21:05","modified_gmt":"2024-05-17T23:21:05","slug":"el-procar-4000-regresa-al-galvez-con-entradas-generales-gratuitas","status":"publish","type":"post","link":"http:\/\/cordobadirecto.com\/index.php\/2024\/05\/17\/el-procar-4000-regresa-al-galvez-con-entradas-generales-gratuitas\/","title":{"rendered":"El Procar 4000 regresa al G\u00e1lvez con entradas generales gratuitas"},"content":{"rendered":"<p><time class=\"createDate\" datetime=\"2024-05-17T20:21:05-03:00\">17\/05\/2024 20:21hs.<\/time><\/p>\n<div id=\"storyBody\">\n<div class=\"custom-text \" readability=\"37\">\n<p>Tras un paso por el Mouras de La Plata, el Procar4000 y Procar2000 regresan al Aut\u00f3dromo de la Ciudad de Buenos Aires para disputar su cuarto compromiso del a\u00f1o. El escenario ser\u00e1 el circuito n\u00famero 8, mismo trazado en el que disput\u00f3 el comienzo de la temporada con victorias para Martin Fuentes en la Clase B y Agust\u00edn Campillay en la Clase A.<\/p>\n<\/div>\n<div class=\"custom-text \" readability=\"34\">\n<p>Sin duda una de las novedades m\u00e1s importantes es que la entrada general ser\u00e1 totalmente gratis ingresando por puerta 4 mientras que el valor de acceso a los boxes ser\u00e1 de $8000 al igual que su estacionamiento de veh\u00edculo liviano.<\/p>\n<\/div>\n<div class=\"sc-a7166897-0 exHLBh\" readability=\"6\">\n<section readability=\"2\"><picture><img alt=\"El TC2000 homenajear\u00e1 a Juan Mar\u00eda Traverso en San Nicol\u00e1s\" src=\"http:\/\/cordobadirecto.com\/wp-content\/uploads\/2024\/05\/el-procar-4000-regresa-al-galvez-con-entradas-generales-gratuitas.jpg\" width=\"290\" height=\"290\" decoding=\"async\" data-nimg=\"future\" loading=\"lazy\"><\/picture>\n<p><span>Mir\u00e1 tambi\u00e9n<\/span><\/p>\n<hr>\n<h3>El TC2000 homenajear\u00e1 a Juan Mar\u00eda Traverso en San Nicol\u00e1s<\/h3>\n<\/p>\n<\/section>\n<\/div>\n<div class=\"custom-text \" readability=\"35\">\n<p>El d\u00eda s\u00e1bado se desarrollar\u00e1n tres tandas de entrenamientos y por la tarde la clasificaci\u00f3n poniendo en juego los primeros puntos de la fecha. Adem\u00e1s en el cierre de la jornada el Procar2000 llevar\u00e1 adelante su primera final. El domingo la actividad tendr\u00e1 la transmisi\u00f3n del equipo Belosport a trav\u00e9s de Youtube y comenzar\u00e1 con las tres series clasificatorias para cada divisional continuando con la segunda final para el Procar2000. Pasado el mediod\u00eda ser\u00e1 el turno de desarrollar las finales poniendo en juego el \u201cGran Premio Campos de Pilar\u201d.<\/p>\n<\/div>\n<div class=\"custom-text \" readability=\"35\">\n<p>La Clase A tendr\u00e1 un total de 29 autos inscriptos donde se destacan los regresos de Omar La Cortiglia y Ezequiel Biondelli. Adem\u00e1s har\u00e1n efectivo su debut Ayrton Chorne con un Ford del FH Mi Motorsport acompa\u00f1ando a Gast\u00f3n Rossi dentro de la estructura. Tambi\u00e9n debutar\u00e1 el experimentado Walter Sotro dentro del TS Motors al igual que su hijo Leonel.<\/p>\n<\/div>\n<div class=\"sc-a7166897-0 exHLBh\" readability=\"6\">\n<section readability=\"2\"><picture><img alt=\"El nuevo TC2000 volvi\u00f3 a salir a pista en San Nicol\u00e1s\" src=\"http:\/\/cordobadirecto.com\/wp-content\/uploads\/2024\/05\/el-procar-4000-regresa-al-galvez-con-entradas-generales-gratuitas-1.jpg\" width=\"290\" height=\"290\" decoding=\"async\" data-nimg=\"future\" loading=\"lazy\"><\/picture>\n<p><span>Mir\u00e1 tambi\u00e9n<\/span><\/p>\n<hr>\n<h3>El nuevo TC2000 volvi\u00f3 a salir a pista en San Nicol\u00e1s<\/h3>\n<\/p>\n<\/section>\n<\/div>\n<div class=\"custom-text \" readability=\"41\">\n<p>Por el lado de la Clase B habr\u00e1 33 inscriptos este fin de semana. Dami\u00e1n Gobetto, con el Chevrolet 400, y Germ\u00e1n De La Torre, con el Torino homenaje al \u201cFlaco\u201d Traverso, ser\u00e1n los regresos. Por otra parte estar\u00e1n debutando Marcelo Doumic, de Mar del Plata, y Lucas Gonz\u00e1lez con una Dodge del DMC Team.<\/p>\n<\/div>\n<div class=\"custom-text \" readability=\"35\">\n<p>El Procar2000 contar\u00e1 con 14 autos y la idea de seguir escap\u00e1ndose en el campeonato por Luciano Fortunato mientras que Matias Gruccio, Pedro Logarzo y Nicol\u00e1s Alonso intentar\u00e1n recortar la diferencia que les lleva el vigente campe\u00f3n de la divisional.<\/p>\n<\/div>\n<\/div>\n","protected":false},"excerpt":{"rendered":"<p>17\/05\/2024 20:21hs. Tras un paso por el Mouras de La Plata, el Procar4000 y Procar2000 regresan al Aut\u00f3dromo de la Ciudad de Buenos Aires para disputar su cuarto compromiso del a\u00f1o. El escenario ser\u00e1 el circuito n\u00famero 8, mismo trazado en el que disput\u00f3 el comienzo de la temporada con victorias para Martin Fuentes en [&hellip;]<\/p>\n","protected":false},"author":1,"featured_media":150165,"comment_status":"closed","ping_status":"closed","sticky":false,"template":"","format":"standard","meta":[],"categories":[21],"tags":[],"_links":{"self":[{"href":"http:\/\/cordobadirecto.com\/index.php\/wp-json\/wp\/v2\/posts\/150164"}],"collection":[{"href":"http:\/\/cordobadirecto.com\/index.php\/wp-json\/wp\/v2\/posts"}],"about":[{"href":"http:\/\/cordobadirecto.com\/index.php\/wp-json\/wp\/v2\/types\/post"}],"author":[{"embeddable":true,"href":"http:\/\/cordobadirecto.com\/index.php\/wp-json\/wp\/v2\/users\/1"}],"replies":[{"embeddable":true,"href":"http:\/\/cordobadirecto.com\/index.php\/wp-json\/wp\/v2\/comments?post=150164"}],"version-history":[{"count":0,"href":"http:\/\/cordobadirecto.com\/index.php\/wp-json\/wp\/v2\/posts\/150164\/revisions"}],"wp:featuredmedia":[{"embeddable":true,"href":"http:\/\/cordobadirecto.com\/index.php\/wp-json\/wp\/v2\/media\/150165"}],"wp:attachment":[{"href":"http:\/\/cordobadirecto.com\/index.php\/wp-json\/wp\/v2\/media?parent=150164"}],"wp:term":[{"taxonomy":"category","embeddable":true,"href":"http:\/\/cordobadirecto.com\/index.php\/wp-json\/wp\/v2\/categories?post=150164"},{"taxonomy":"post_tag","embeddable":true,"href":"http:\/\/cordobadirecto.com\/index.php\/wp-json\/wp\/v2\/tags?post=150164"}],"curies":[{"name":"wp","href":"https:\/\/api.w.org\/{rel}","templated":true}]}}