{"id":150166,"date":"2024-05-17T23:12:31","date_gmt":"2024-05-17T23:12:31","guid":{"rendered":"https:\/\/www.ole.com.ar\/autos\/suv_0_15cPAJUwvn.html"},"modified":"2024-05-17T23:12:31","modified_gmt":"2024-05-17T23:12:31","slug":"el-nuevo-tc2000-volvio-a-salir-a-pista-en-san-nicolas","status":"publish","type":"post","link":"http:\/\/cordobadirecto.com\/index.php\/2024\/05\/17\/el-nuevo-tc2000-volvio-a-salir-a-pista-en-san-nicolas\/","title":{"rendered":"El nuevo TC2000 volvi\u00f3 a salir a pista en San Nicol\u00e1s"},"content":{"rendered":"<p><time class=\"createDate\" datetime=\"2024-05-17T20:12:31-03:00\">17\/05\/2024 20:12hs.<\/time><\/p>\n<div id=\"storyBody\">\n<div class=\"custom-text \" readability=\"39\">\n<p>El nuevo TC2000 contin\u00faa con el programa de desarrollo del modelo SUV. Este viernes en el Aut\u00f3dromo San Nicol\u00e1s Ciudad, la VW Nivus sali\u00f3 a pista por segunda vez en 2024 con los pilotos Marcelo Ciarrocchi, Mat\u00edas Rossi y Leonel Pern\u00eda. La jornada se dividi\u00f3 en dos tandas, en la primera que fue al mediod\u00eda, donde Ciarrocchi realiz\u00f3 el set-up de la unidad con distintas cargas aerodin\u00e1micas y puesta a punto.<\/p>\n<\/div>\n<div class=\"custom-text \" readability=\"36\">\n<p>Por la tarde, la SUV sigui\u00f3 sumando kil\u00f3metros con el objetivo de adquirir datos y analizar su comportamiento en los 4.000 metros de extensi\u00f3n del trazado nicole\u00f1o. Los encargados fueron el qu\u00edntuple campe\u00f3n Mat\u00edas Rossi y el tri campe\u00f3n Leonel Pern\u00eda quienes tomaron contacto por primera vez con la Nivus.<\/p>\n<\/div>\n<div class=\"custom-text \" readability=\"36\">\n<p>Culminado el d\u00eda de ensayos, Marcelo Ciarrocchi analiz\u00f3: \u201cSiempre es lindo estar arriba de la SUV. En mi tanda tuve la posibilidad de probar cosas nuevas en el sistema de direcci\u00f3n y distintos valores de suspensi\u00f3n. Todo funcion\u00f3 bien. Siento que se sigue evolucionando con el funcionamiento de la Nivus\u201d.<\/p>\n<\/div>\n<div class=\"sc-a7166897-0 exHLBh\" readability=\"6\">\n<section readability=\"2\"><picture><img alt=\"El TC2000 homenajear\u00e1 a Juan Mar\u00eda Traverso en San Nicol\u00e1s\" src=\"http:\/\/cordobadirecto.com\/wp-content\/uploads\/2024\/05\/el-nuevo-tc2000-volvio-a-salir-a-pista-en-san-nicolas.jpg\" width=\"290\" height=\"290\" decoding=\"async\" data-nimg=\"future\" loading=\"lazy\"><\/picture>\n<p><span>Mir\u00e1 tambi\u00e9n<\/span><\/p>\n<hr>\n<h3>El TC2000 homenajear\u00e1 a Juan Mar\u00eda Traverso en San Nicol\u00e1s<\/h3>\n<\/p>\n<\/section>\n<\/div>\n<div class=\"custom-text \" readability=\"37\">\n<p>Por su lado, Mat\u00edas Rossi manifest\u00f3: \u201cFue una hermosa sensaci\u00f3n manejar por primera vez la SUV. Me gust\u00f3 el sonido del motor, la buena adherencia que tiene cuando transita la curva y la tracci\u00f3n. La potencia que tiene el motor es impresionante y es el punto en el que la categor\u00eda tiene que seguir trabajando en un auto de tracci\u00f3n delantera. Las SUV le van a dar un color distinto al TC2000. Me encantar\u00eda ver c\u00f3mo queda en pista el modelo de Toyota y del resto de las marcas\u201d.<\/p>\n<\/div>\n<div class=\"custom-text \" readability=\"39\">\n<p>El tricampe\u00f3n Leonel Pern\u00eda dijo: \u201cMe encant\u00f3. El SUV va rapid\u00edsimo, es exigente y superador a todo. Todo pasa muy r\u00e1pido, frenando tiene buenas reacciones, en pocas vueltas est\u00e1 en los tiempos de referencia y hay que seguir trabajando. Lo que m\u00e1s me impresiona es el motor, porque te hace pagar caro el error\u201d.<\/p>\n<\/div>\n<div class=\"custom-text \" readability=\"35\">\n<p>Esta fue la sexta puesta en pista de la VW Nivus. Cuatro se realizaron en 2023: en San Nicol\u00e1s el 8 de noviembre y el 6 de diciembre; en R\u00edo Cuarto el 17 de noviembre y en el Oscar Cabal\u00e9n de C\u00f3rdoba el 26 de noviembre. Las dos restantes fueron esta temporada: el 21 de marzo en el Oscar y Juan G\u00e1lvez de Buenos Aires y el 17 de mayo en San Nicol\u00e1s.<\/p>\n<\/div>\n<div class=\"sc-e7b891c4-0 jPbnQF\"><img alt=\"Rossi y Pern\u00eda giraron con la SUV en San Nicol\u00e1s (PH: Braian Alarc\u00f3n)\" src=\"http:\/\/cordobadirecto.com\/wp-content\/uploads\/2024\/05\/el-nuevo-tc2000-volvio-a-salir-a-pista-en-san-nicolas-1.jpg\" width=\"720\" height=\"100\" decoding=\"async\" data-nimg=\"future\" loading=\"lazy\"><span class=\"epigraphe\">Rossi y Pern\u00eda giraron con la SUV en San Nicol\u00e1s (PH: Braian Alarc\u00f3n)<\/span><\/div>\n<\/div>\n","protected":false},"excerpt":{"rendered":"<p>17\/05\/2024 20:12hs. El nuevo TC2000 contin\u00faa con el programa de desarrollo del modelo SUV. Este viernes en el Aut\u00f3dromo San Nicol\u00e1s Ciudad, la VW Nivus sali\u00f3 a pista por segunda vez en 2024 con los pilotos Marcelo Ciarrocchi, Mat\u00edas Rossi y Leonel Pern\u00eda. La jornada se dividi\u00f3 en dos tandas, en la primera que fue [&hellip;]<\/p>\n","protected":false},"author":1,"featured_media":150167,"comment_status":"closed","ping_status":"closed","sticky":false,"template":"","format":"standard","meta":[],"categories":[21],"tags":[],"_links":{"self":[{"href":"http:\/\/cordobadirecto.com\/index.php\/wp-json\/wp\/v2\/posts\/150166"}],"collection":[{"href":"http:\/\/cordobadirecto.com\/index.php\/wp-json\/wp\/v2\/posts"}],"about":[{"href":"http:\/\/cordobadirecto.com\/index.php\/wp-json\/wp\/v2\/types\/post"}],"author":[{"embeddable":true,"href":"http:\/\/cordobadirecto.com\/index.php\/wp-json\/wp\/v2\/users\/1"}],"replies":[{"embeddable":true,"href":"http:\/\/cordobadirecto.com\/index.php\/wp-json\/wp\/v2\/comments?post=150166"}],"version-history":[{"count":0,"href":"http:\/\/cordobadirecto.com\/index.php\/wp-json\/wp\/v2\/posts\/150166\/revisions"}],"wp:featuredmedia":[{"embeddable":true,"href":"http:\/\/cordobadirecto.com\/index.php\/wp-json\/wp\/v2\/media\/150167"}],"wp:attachment":[{"href":"http:\/\/cordobadirecto.com\/index.php\/wp-json\/wp\/v2\/media?parent=150166"}],"wp:term":[{"taxonomy":"category","embeddable":true,"href":"http:\/\/cordobadirecto.com\/index.php\/wp-json\/wp\/v2\/categories?post=150166"},{"taxonomy":"post_tag","embeddable":true,"href":"http:\/\/cordobadirecto.com\/index.php\/wp-json\/wp\/v2\/tags?post=150166"}],"curies":[{"name":"wp","href":"https:\/\/api.w.org\/{rel}","templated":true}]}}