{"id":150188,"date":"2024-05-14T14:48:45","date_gmt":"2024-05-14T14:48:45","guid":{"rendered":"https:\/\/notepeines.com.ar\/?p=3325"},"modified":"2024-05-14T14:48:45","modified_gmt":"2024-05-14T14:48:45","slug":"punk-futbol-y-antifascismo-la-historia-del-club-aleman-que-vuelve-a-primera","status":"publish","type":"post","link":"http:\/\/cordobadirecto.com\/index.php\/2024\/05\/14\/punk-futbol-y-antifascismo-la-historia-del-club-aleman-que-vuelve-a-primera\/","title":{"rendered":"Punk, f\u00fatbol y antifascismo: la historia del club alem\u00e1n que vuelve a Primera"},"content":{"rendered":"<div><img src=\"http:\/\/cordobadirecto.com\/wp-content\/uploads\/2024\/05\/punk-futbol-y-antifascismo-la-historia-del-club-aleman-que-vuelve-a-primera.jpg\" class=\"ff-og-image-inserted\"><\/div>\n<p>Para Leer<\/p>\n<p>Punk, f\u00fatbol y antifascismo: la historia del club alem\u00e1n que vuelve a Primera<\/p>\n<p><em>El Sankt Pauli retorna a la m\u00e1xima categor\u00eda y su \u00abhorizontalidad\u00bb sale a la luz. Resurgido entre lesbianas y okupas que tomaron un complejo de departamentos, hoy se codea otra vez entre los grandes.<\/em><\/p>\n<p>La entidad \u00abm\u00e1s progresista del mundo\u00bb est\u00e1 de regreso. Tras 13 a\u00f1os, jugar\u00e1 nuevamente en la Bundesliga\u2026<\/p>\n<p>Con una historia que hasta 1980 parec\u00eda navegar\u00eda en poco m\u00e1s que el olvido, la ocupaci\u00f3n de un complejo de departamentos (Hafenstrasse) en adyacencias a su estadio, en Hamburgo, deriv\u00f3 en un giro.<\/p>\n<p>Punks, lesbianas y personas que integraban postergadas minor\u00edas se acercaron al St. Pauli y de a poco fueron ganando terreno y sus ideas encontraron ecos.<\/p>\n<p>La \u00abhorizontalidad\u00bb del club vino acompa\u00f1ada del rechazo a la ultraderecha, con un nacismo nunca sepultado en Alemania, pero tambi\u00e9n contra el racismo y la xenofobia.<\/p>\n<p>Las ra\u00edces de sus ideas se desplegaron al mundo y sus hinchas se multiplicaron. En Argentina se multiplicaron sus banderas, y sus fan\u00e1ticos, \u00abLos Piratas del Sur\u00bb, llegaron a grabar un documental basado a la entrevista a un historiador que est\u00e1 metido en medio del coraz\u00f3n del club.<\/p>\n<figure class=\"wp-block-embed is-type-video is-provider-youtube wp-block-embed-youtube wp-embed-aspect-16-9 wp-has-aspect-ratio\">\n<p>\n<iframe loading=\"lazy\" title=\"St.Pauli: Punk Rock Football\" width=\"500\" height=\"281\" src=\"https:\/\/www.youtube.com\/embed\/eOsO5CGQxNI?feature=oembed\" frameborder=\"0\" allow=\"accelerometer; autoplay; clipboard-write; encrypted-media; gyroscope; picture-in-picture; web-share\" referrerpolicy=\"strict-origin-when-cross-origin\" allowfullscreen>[embedded content]<\/iframe>\n<\/p>\n<\/figure>\n<p>\u00bfSalieron de lo que era una quiebra, cuando incluso quer\u00edan instalar una comisar\u00eda en su sede? S\u00ed.<\/p>\n<p>\u00bfOrganizaron en 2006 un Mundial de selecciones no reconocidas por la FIFA, que gan\u00f3 Chipre del Norte? S\u00ed.<\/p>\n<p>\u00bfRechazaron a la revista Maxim, que denigraba a las mujeres y fue tildada de sexista, como sponsor? Tambi\u00e9n.<\/p>\n<p>Pretemporadas en Cuba y un arquero (Volker Ippig), que en los \u201985 fue parte de las Brigadas de solidaridad en Nicaragua derivaron en que las banderas del Che Guevara flameen cada vez m\u00e1s en su estadio.<\/p>\n<p>La instauraci\u00f3n del D\u00eda de las V\u00edctimas del Holocausto para el 27 de enero es una tradici\u00f3n que nunca se rompe, al grito de \u00abNo olvidamos \u2013 No perdonamos\u00bb (KEIN VERGEBEN \u2013 KEIN VERGESSEN).<\/p>\n<p>Alg\u00fan que otro proyecto de los seguidores del club tiene trascendencia internacional, como es el caso del \u00abViva con agua\u00bb, que tiene como objeto llevar agua potable a distintos lugares de \u00c1frica.<\/p>\n<figure class=\"wp-block-embed is-type-rich is-provider-spotify wp-block-embed-spotify wp-embed-aspect-21-9 wp-has-aspect-ratio\"><\/figure>\n","protected":false},"excerpt":{"rendered":"<p>Para Leer Punk, f\u00fatbol y antifascismo: la historia del club alem\u00e1n que vuelve a Primera El Sankt Pauli retorna a la m\u00e1xima categor\u00eda y su \u00abhorizontalidad\u00bb sale a la luz. Resurgido entre lesbianas y okupas que tomaron un complejo de departamentos, hoy se codea otra vez entre los grandes. La entidad \u00abm\u00e1s progresista del mundo\u00bb [&hellip;]<\/p>\n","protected":false},"author":1,"featured_media":150189,"comment_status":"open","ping_status":"closed","sticky":false,"template":"","format":"standard","meta":[],"categories":[19],"tags":[],"_links":{"self":[{"href":"http:\/\/cordobadirecto.com\/index.php\/wp-json\/wp\/v2\/posts\/150188"}],"collection":[{"href":"http:\/\/cordobadirecto.com\/index.php\/wp-json\/wp\/v2\/posts"}],"about":[{"href":"http:\/\/cordobadirecto.com\/index.php\/wp-json\/wp\/v2\/types\/post"}],"author":[{"embeddable":true,"href":"http:\/\/cordobadirecto.com\/index.php\/wp-json\/wp\/v2\/users\/1"}],"replies":[{"embeddable":true,"href":"http:\/\/cordobadirecto.com\/index.php\/wp-json\/wp\/v2\/comments?post=150188"}],"version-history":[{"count":0,"href":"http:\/\/cordobadirecto.com\/index.php\/wp-json\/wp\/v2\/posts\/150188\/revisions"}],"wp:featuredmedia":[{"embeddable":true,"href":"http:\/\/cordobadirecto.com\/index.php\/wp-json\/wp\/v2\/media\/150189"}],"wp:attachment":[{"href":"http:\/\/cordobadirecto.com\/index.php\/wp-json\/wp\/v2\/media?parent=150188"}],"wp:term":[{"taxonomy":"category","embeddable":true,"href":"http:\/\/cordobadirecto.com\/index.php\/wp-json\/wp\/v2\/categories?post=150188"},{"taxonomy":"post_tag","embeddable":true,"href":"http:\/\/cordobadirecto.com\/index.php\/wp-json\/wp\/v2\/tags?post=150188"}],"curies":[{"name":"wp","href":"https:\/\/api.w.org\/{rel}","templated":true}]}}