{"id":150401,"date":"2024-05-24T23:47:03","date_gmt":"2024-05-24T23:47:03","guid":{"rendered":"https:\/\/www.ole.com.ar\/autos\/agustin-canapino-indycar-500-millas-indianapolis-hoy-corre-horario-tv-online-ver_0_KXGlcGz0QN.html"},"modified":"2024-05-24T23:47:03","modified_gmt":"2024-05-24T23:47:03","slug":"agustin-canapino-en-las-500-millas-de-indianapolis-horario-y-tv-del-indycar","status":"publish","type":"post","link":"http:\/\/cordobadirecto.com\/index.php\/2024\/05\/24\/agustin-canapino-en-las-500-millas-de-indianapolis-horario-y-tv-del-indycar\/","title":{"rendered":"Agust\u00edn Canapino en las 500 Millas de Indian\u00e1polis: horario y TV del IndyCar"},"content":{"rendered":"<p><time class=\"createDate\" datetime=\"2024-05-24T20:47:03-03:00\">24\/05\/2024 20:47hs.<\/time><\/p>\n<div id=\"storyBody\">\n<div class=\"custom-text \" readability=\"36.85119047619\">\n<p><strong>La hora de la verdad est\u00e1 cada vez m\u00e1s cerca para <a href=\"https:\/\/www.ole.com.ar\/tema\/agustin-canapino.html\" title=\"Agust\u00edn Canapino\" alt=\"Agust\u00edn Canapino\" class=\"slug\">Agust\u00edn Canapino<\/a><\/strong>. Fueron dos semanas de espera, con pr\u00e1cticas y clasificaciones que s\u00f3lo alimentaron la expectativa, para llegar a este domingo:<strong> la <a href=\"https:\/\/www.ole.com.ar\/tema\/indycar.html\" title=\"Indycar\" alt=\"Indycar\" class=\"slug\">IndyCar<\/a> vibrar\u00e1 al ritmo de las <a href=\"https:\/\/www.ole.com.ar\/tema\/500-millas-de-indianapolis.html\" title=\"500 millas de Indian\u00e1polis\" alt=\"500 millas de Indian\u00e1polis\" class=\"slug\">500 Millas de Indian\u00e1polis<\/a><\/strong>, que ser\u00e1n vistas en Argentina por tratarse de un espect\u00e1culo \u00fanico en el deporte motor pero, sobre todo, para acompa\u00f1ar al Tit\u00e1n en la b\u00fasqueda de la gloria. <strong>Mir\u00e1 el horario, d\u00f3nde ver por TV y online y dem\u00e1s detalles del Indy500.<\/strong><\/p>\n<\/div>\n<p><h2><strong>Horario, TV y online de las 500 Millas de Indian\u00e1polis<\/strong><\/h2>\n<\/p>\n<div class=\"custom-text \" readability=\"41\">\n<p>La carrera comenzar\u00e1 este domingo a las <strong>13.30 de Argentina<\/strong> y ser\u00e1 transmitida por TV, en <strong>ESPN<\/strong>, y a trav\u00e9s de las plataformas de streaming, en <strong>Star +<\/strong>. Igualmente, lo recomendable es sintonizar con algo de anticipaci\u00f3n: antes de que se agite la bandera verde habr\u00e1 algunas joyitas tradicionales, como la presentaci\u00f3n de los pilotos y el cl\u00e1sico &#8220;ladies and gentlemen, start your engines&#8221;. <strong>En Ol\u00e9 vas a poder seguir la actividad al instante.<\/strong><\/p>\n<\/div>\n<div class=\"sc-e7b891c4-0 jPbnQF\"><img alt=\"Agust\u00edn Canapino partir\u00e1 2\u00b0 en la Indy500. (AP)\" src=\"http:\/\/cordobadirecto.com\/wp-content\/uploads\/2024\/05\/agustin-canapino-en-las-500-millas-de-indianapolis-horario-y-tv-del-indycar.jpg\" width=\"720\" height=\"100\" decoding=\"async\" data-nimg=\"future\" loading=\"lazy\"><span class=\"epigraphe\">Agust\u00edn Canapino partir\u00e1 2\u00b0 en la Indy500. (AP)<\/span><\/div>\n<p><h2><strong>C\u00f3mo largar\u00e1 Agust\u00edn Canapino en las 500 Millas de Indian\u00e1polis<\/strong><\/h2>\n<\/p>\n<div class=\"custom-text \" readability=\"40\">\n<p>Por su producci\u00f3n del s\u00e1bado anterior, <strong>el Tit\u00e1n largar\u00e1 desde la 22\u00aa posici\u00f3n<\/strong>. Canapino hizo una \u00faltima tanda veloc\u00edsima por la que estaba entrando al Fast 12 (la pelea por meterse al Fast 6 y, posteriormente, la pole position), pero una falla mec\u00e1nica en su Chevrolet lo dej\u00f3 fuera de competencia. De todos modos, <strong>le bast\u00f3 para superar su qualy del 2023 <\/strong>(hab\u00eda sido 26\u00b0).<\/p>\n<\/div>\n<p><h2><strong>C\u00f3mo le fue a Agust\u00edn Canapino en la \u00faltima pr\u00e1ctica<\/strong><\/h2>\n<\/p>\n<div class=\"custom-text \" readability=\"41\">\n<p>Hace algunos d\u00edas, en el entrenamiento del lunes, el Tit\u00e1n gir\u00f3 rapid\u00edsimo y se meti\u00f3 en el 4\u00b0 puesto, por lo que hab\u00eda esperanzas en que pudiera tener un buen \u00faltimo libre y llegar con todo a la final dominical. En el<strong> Carb Day<\/strong> del viernes, como se denomina a la pr\u00e1ctica final de las 500 Millas de Indian\u00e1polis, no decepcion\u00f3: <strong>Canapa termin\u00f3 7\u00b0 con una velocidad promedio de 225,320 mph (por encima de los 362 kmh).<\/strong><\/p>\n<\/div>\n<div class=\"sc-e7b891c4-0 jPbnQF\"><img alt=\"Agust\u00edn Canapino meti\u00f3 dos buenos libres finales. Llega con todo al domingo...\" src=\"http:\/\/cordobadirecto.com\/wp-content\/uploads\/2024\/05\/agustin-canapino-en-las-500-millas-de-indianapolis-horario-y-tv-del-indycar-1.jpg\" width=\"720\" height=\"100\" decoding=\"async\" data-nimg=\"future\" loading=\"lazy\"><span class=\"epigraphe\">Agust\u00edn Canapino meti\u00f3 dos buenos libres finales. Llega con todo al domingo&#8230;<\/span><\/div>\n<p><h2><strong>Hay riesgo de suspensi\u00f3n por lluvia de las 500 Millas de Indian\u00e1polis<\/strong><\/h2>\n<\/p>\n<div class=\"custom-text \" readability=\"36\">\n<p>Cada vez que se corre en \u00f3valos y se larga a llover, las carreras son detenidas. Ese podr\u00eda ser el caso este domingo, ya que los pron\u00f3sticos clim\u00e1ticos indican que <strong>podr\u00eda caer agua durante las 500 Millas de Indian\u00e1polis. <\/strong><\/p>\n<\/div>\n<div class=\"custom-text \" readability=\"39\">\n<p><strong>Ricardo Juncos<\/strong>, director del Juncos Hollinger Racing en el que compite Canapino, dialog\u00f3 con Carburando y coment\u00f3: &#8220;Le est\u00e1n prestando atenci\u00f3n a a c\u00f3mo evoluciona el pron\u00f3stico. Van a tratar de correr el domingo. Si arranca la carrera y se larga a llover despu\u00e9s de la mitad, van a tratar de terminarla.<strong> Si no se llega a la mitad y hay que suspenderla por lluvia, se termina el lunes<\/strong>&#8220;.<\/p>\n<\/div>\n<div class=\"sc-a7166897-0 exHLBh\" readability=\"6.5\">\n<section readability=\"3\"><picture><img alt=\"IndyCar: la \u00faltima pr\u00e1ctica de Agust\u00edn Canapino y \u00bfriesgo de suspensi\u00f3n de las 500 Millas?\" src=\"http:\/\/cordobadirecto.com\/wp-content\/uploads\/2024\/05\/agustin-canapino-en-las-500-millas-de-indianapolis-horario-y-tv-del-indycar-2.jpg\" width=\"290\" height=\"290\" decoding=\"async\" data-nimg=\"future\" loading=\"lazy\"><\/picture>\n<p><span>Mir\u00e1 tambi\u00e9n<\/span><\/p>\n<hr>\n<h3>IndyCar: la \u00faltima pr\u00e1ctica de Agust\u00edn Canapino y \u00bfriesgo de suspensi\u00f3n de las 500 Millas?<\/h3>\n<\/p>\n<\/section>\n<\/div>\n<div class=\"sc-a7166897-0 exHLBh\" readability=\"6\">\n<section readability=\"2\"><picture><img alt=\"IndyCar: por qu\u00e9 se toma leche en el podio y cu\u00e1l eligi\u00f3 Agust\u00edn Canapino\" src=\"http:\/\/cordobadirecto.com\/wp-content\/uploads\/2024\/05\/agustin-canapino-en-las-500-millas-de-indianapolis-horario-y-tv-del-indycar-3.jpg\" width=\"290\" height=\"290\" decoding=\"async\" data-nimg=\"future\" loading=\"lazy\"><\/picture>\n<p><span>Mir\u00e1 tambi\u00e9n<\/span><\/p>\n<hr>\n<h3>IndyCar: por qu\u00e9 se toma leche en el podio y cu\u00e1l eligi\u00f3 Agust\u00edn Canapino<\/h3>\n<\/p>\n<\/section>\n<\/div>\n<div class=\"sc-a7166897-0 exHLBh\" readability=\"6.5\">\n<section readability=\"3\"><picture><img alt=\"Franco Colapinto en la F2: c\u00f3mo le fue en la clasificaci\u00f3n de hoy y cu\u00e1ndo corre la Sprint en M\u00f3naco\" src=\"http:\/\/cordobadirecto.com\/wp-content\/uploads\/2024\/05\/agustin-canapino-en-las-500-millas-de-indianapolis-horario-y-tv-del-indycar-4.jpg\" width=\"290\" height=\"290\" decoding=\"async\" data-nimg=\"future\" loading=\"lazy\"><\/picture>\n<p><span>Mir\u00e1 tambi\u00e9n<\/span><\/p>\n<hr>\n<h3>Franco Colapinto en la F2: c\u00f3mo le fue en la clasificaci\u00f3n de hoy y cu\u00e1ndo corre la Sprint en M\u00f3naco<\/h3>\n<\/p>\n<\/section>\n<\/div>\n<div class=\"sc-a7166897-0 exHLBh\" readability=\"6.5\">\n<section readability=\"3\"><picture><img alt=\"TC: a qu\u00e9 hora y c\u00f3mo ver la sexta fecha del Turismo Carretera en Concepci\u00f3n del Uruguay\" src=\"http:\/\/cordobadirecto.com\/wp-content\/uploads\/2024\/05\/agustin-canapino-en-las-500-millas-de-indianapolis-horario-y-tv-del-indycar-5.jpg\" width=\"290\" height=\"290\" decoding=\"async\" data-nimg=\"future\" loading=\"lazy\"><\/picture>\n<p><span>Mir\u00e1 tambi\u00e9n<\/span><\/p>\n<hr>\n<h3>TC: a qu\u00e9 hora y c\u00f3mo ver la sexta fecha del Turismo Carretera en Concepci\u00f3n del Uruguay<\/h3>\n<\/p>\n<\/section>\n<\/div>\n<div class=\"sc-a7166897-0 exHLBh\" readability=\"6\">\n<section readability=\"2\"><picture><img alt=\"Video: la salvada del a\u00f1o que impidi\u00f3 una tragedia en la F2 en M\u00f3naco\" src=\"http:\/\/cordobadirecto.com\/wp-content\/uploads\/2024\/05\/agustin-canapino-en-las-500-millas-de-indianapolis-horario-y-tv-del-indycar-6.jpg\" width=\"290\" height=\"290\" decoding=\"async\" data-nimg=\"future\" loading=\"lazy\"><\/picture>\n<p><span>Mir\u00e1 tambi\u00e9n<\/span><\/p>\n<hr>\n<h3>Video: la salvada del a\u00f1o que impidi\u00f3 una tragedia en la F2 en M\u00f3naco<\/h3>\n<\/p>\n<\/section>\n<\/div>\n<\/div>\n","protected":false},"excerpt":{"rendered":"<p>24\/05\/2024 20:47hs. La hora de la verdad est\u00e1 cada vez m\u00e1s cerca para Agust\u00edn Canapino. Fueron dos semanas de espera, con pr\u00e1cticas y clasificaciones que s\u00f3lo alimentaron la expectativa, para llegar a este domingo: la IndyCar vibrar\u00e1 al ritmo de las 500 Millas de Indian\u00e1polis, que ser\u00e1n vistas en Argentina por tratarse de un espect\u00e1culo [&hellip;]<\/p>\n","protected":false},"author":1,"featured_media":150402,"comment_status":"closed","ping_status":"closed","sticky":false,"template":"","format":"standard","meta":[],"categories":[21],"tags":[],"_links":{"self":[{"href":"http:\/\/cordobadirecto.com\/index.php\/wp-json\/wp\/v2\/posts\/150401"}],"collection":[{"href":"http:\/\/cordobadirecto.com\/index.php\/wp-json\/wp\/v2\/posts"}],"about":[{"href":"http:\/\/cordobadirecto.com\/index.php\/wp-json\/wp\/v2\/types\/post"}],"author":[{"embeddable":true,"href":"http:\/\/cordobadirecto.com\/index.php\/wp-json\/wp\/v2\/users\/1"}],"replies":[{"embeddable":true,"href":"http:\/\/cordobadirecto.com\/index.php\/wp-json\/wp\/v2\/comments?post=150401"}],"version-history":[{"count":0,"href":"http:\/\/cordobadirecto.com\/index.php\/wp-json\/wp\/v2\/posts\/150401\/revisions"}],"wp:featuredmedia":[{"embeddable":true,"href":"http:\/\/cordobadirecto.com\/index.php\/wp-json\/wp\/v2\/media\/150402"}],"wp:attachment":[{"href":"http:\/\/cordobadirecto.com\/index.php\/wp-json\/wp\/v2\/media?parent=150401"}],"wp:term":[{"taxonomy":"category","embeddable":true,"href":"http:\/\/cordobadirecto.com\/index.php\/wp-json\/wp\/v2\/categories?post=150401"},{"taxonomy":"post_tag","embeddable":true,"href":"http:\/\/cordobadirecto.com\/index.php\/wp-json\/wp\/v2\/tags?post=150401"}],"curies":[{"name":"wp","href":"https:\/\/api.w.org\/{rel}","templated":true}]}}