{"id":150403,"date":"2024-05-24T20:55:25","date_gmt":"2024-05-24T20:55:25","guid":{"rendered":"https:\/\/www.ole.com.ar\/autos\/indycar-leche-podio-agustin-canapino-500-millas-indianapolis-hoy-horario_0_du7l3fpZ1p.html"},"modified":"2024-05-24T20:55:25","modified_gmt":"2024-05-24T20:55:25","slug":"indycar-por-que-se-toma-leche-en-el-podio-y-cual-eligio-agustin-canapino","status":"publish","type":"post","link":"http:\/\/cordobadirecto.com\/index.php\/2024\/05\/24\/indycar-por-que-se-toma-leche-en-el-podio-y-cual-eligio-agustin-canapino\/","title":{"rendered":"IndyCar: por qu\u00e9 se toma leche en el podio y cu\u00e1l eligi\u00f3 Agust\u00edn Canapino"},"content":{"rendered":"<p><time class=\"createDate\" datetime=\"2024-05-24T17:55:25-03:00\">24\/05\/2024 17:55hs.<\/time><time class=\"modificatedDate\" datetime=\"2024-05-24T21:08:30-03:00\"> Actualizado al 24\/05\/2024 21:08hs.<\/time><\/p>\n<div id=\"storyBody\">\n<div class=\"custom-text \" readability=\"32.818181818182\">\n<p>Este fin de semana se corre la 108\u00b0 edici\u00f3n de las <strong><a href=\"https:\/\/www.ole.com.ar\/tema\/500-millas-de-indianapolis.html\" title=\"500 millas de Indian\u00e1polis\" alt=\"500 millas de Indian\u00e1polis\" class=\"slug\">500 Millas de Indian\u00e1polis<\/a><\/strong>, la sexta fecha y la m\u00e1s especial del calendario de la <strong><a href=\"https:\/\/www.ole.com.ar\/tema\/indycar.html\" title=\"Indycar\" alt=\"Indycar\" class=\"slug\">IndyCar<\/a><\/strong>. Los 33 pilotos que salgan al hist\u00f3rico \u00f3valo, entre los que figura <strong><a href=\"https:\/\/www.ole.com.ar\/tema\/agustin-canapino.html\" title=\"Agust\u00edn Canapino\" alt=\"Agust\u00edn Canapino\" class=\"slug\">Agust\u00edn Canapino<\/a><\/strong>, buscar\u00e1n finalizar las 200 vueltas con el sue\u00f1o de subirse al podio a festejar y quedar en la historia <strong>destapando una botella de&#8230;<\/strong> <strong>leche<\/strong>.<\/p>\n<\/div>\n<div class=\"custom-text \" readability=\"38\">\n<p>S\u00ed, nada de espumantes. En la m\u00edtica carrera de la categor\u00eda estadounidense, lo que prevalece es la tradici\u00f3n de festejar con leche en los podios. Y como si fuera poco, antes de competir, <strong>cada uno de los pilotos debe elegir qu\u00e9 tipo de leche quiere<\/strong> en caso de triunfar en la final.<\/p>\n<\/div>\n<div class=\"custom-text \" readability=\"35\">\n<p>Hay variedades de leches con las que los corredores cuentan a su disposici\u00f3n. Canapino eligi\u00f3, al igual que en la edici\u00f3n del a\u00f1o pasado (en la que abandon\u00f3 por un accidente), la <strong>leche entera<\/strong>.<\/p>\n<\/div>\n<div class=\"sc-e7b891c4-0 jPbnQF\"><img alt=\"Takuma Sato festejando en 2017.\" src=\"http:\/\/cordobadirecto.com\/wp-content\/uploads\/2024\/05\/indycar-por-que-se-toma-leche-en-el-podio-y-cual-eligio-agustin-canapino.jpg\" width=\"720\" height=\"100\" decoding=\"async\" data-nimg=\"future\" loading=\"lazy\"><span class=\"epigraphe\">Takuma Sato festejando en 2017.<\/span><\/div>\n<div class=\"custom-text \" readability=\"40\">\n<p>&#8220;En las 500 Millas, en vez de champagne te dan leche, pero como yo no tomo<strong> <\/strong>y ac\u00e1 hay 200 variedades, cuando me preguntan no tengo la m\u00e1s remota idea. Les digo que me den la que toma la mayor\u00eda. <strong>Si gano las 500 Millas soy capaz hasta de tomar kerosene<\/strong>&#8220;, asegur\u00f3 el arrecife\u00f1o en Radio Continental en la previa de la gran final del domingo, en la que saldr\u00e1 desde el puesto 22.<\/p>\n<\/div>\n<div class=\"custom-text \" readability=\"38\">\n<p>Otros tipos de leche que eligieron los pilotos para la Indy500 son la <strong>deslactosada, la descremada y la 2%<\/strong>, que es semi deslactosada, y es la que pidi\u00f3 el franc\u00e9s Romain Grosjean, compa\u00f1ero de Canapa en el Juncos Hollinger Racing.<\/p>\n<\/div>\n<p><h2><strong>\u00bfPor qu\u00e9 se festeja con leche en Indian\u00e1polis?<\/strong><\/h2>\n<\/p>\n<div class=\"custom-text \" readability=\"40\">\n<p>Para hallar el motivo por el que se ingiere l\u00e1cteo en las 500 Millas hay que remontarse al <strong>1933<\/strong>, cuando el estadounidense <strong>Louis Meyer gan\u00f3 la carrera <\/strong>y, debido al calor que ten\u00eda cuando sali\u00f3 del auto (en ese momento estaban cuatro horas arriba de las m\u00e1quinas), <strong>pidi\u00f3 leche para hidratarse<\/strong>. La tradici\u00f3n, al igual que la competencia, se cort\u00f3 durante la Segunda Guerra Mundial pero en 1956 se volvi\u00f3 a correr y tambi\u00e9n a festejar con leche.<\/p>\n<\/div>\n<div class=\"sc-e7b891c4-0 jPbnQF\"><img alt=\"Agust\u00edn Canapino en las 500 Millas de Indian\u00e1polis del IndyCar.\" src=\"http:\/\/cordobadirecto.com\/wp-content\/uploads\/2024\/05\/indycar-por-que-se-toma-leche-en-el-podio-y-cual-eligio-agustin-canapino-1.jpg\" width=\"720\" height=\"100\" decoding=\"async\" data-nimg=\"future\" loading=\"lazy\"><span class=\"epigraphe\">Agust\u00edn Canapino en las 500 Millas de Indian\u00e1polis del IndyCar.<\/span><\/div>\n<p><h2><strong>Hora y TV de las 500 Millas de Indian\u00e1polis<\/strong><\/h2>\n<\/p>\n<div class=\"custom-text \" readability=\"35.596385542169\">\n<p>Terminado el Carb Day, en el que Agust\u00edn Canapino finaliz\u00f3 en la 7\u00aa colocaci\u00f3n, s\u00f3lo quedar\u00e1 esperar a la final del domingo: <strong><a href=\"https:\/\/www.ole.com.ar\/autos\/agustin-canapino-indycar-hoy-2024-500-millas-indianapolis-suspension_0_sc5ArEdvQU.html\" target=\"_self\" title=\"este domingo a partir de las 13.30 \" alt=\"este domingo a partir de las 13.30 \" rel=\"noopener\">a partir de las 13.30<\/a>, <\/strong>los 33 autos se dividir\u00e1n en filas de tres y acelerar\u00e1n a fondo una vez que vean la bandera verde. La acci\u00f3n podr\u00e1 ser sintonizada a trav\u00e9s de las pantallas de <strong>ESPN<\/strong> y <strong>Star+<\/strong>.<\/p>\n<\/div>\n<div class=\"sc-a7166897-0 exHLBh\" readability=\"6.5\">\n<section readability=\"3\"><picture><img alt=\"IndyCar: la \u00faltima pr\u00e1ctica de Agust\u00edn Canapino y \u00bfriesgo de suspensi\u00f3n de las 500 Millas?\" src=\"http:\/\/cordobadirecto.com\/wp-content\/uploads\/2024\/05\/indycar-por-que-se-toma-leche-en-el-podio-y-cual-eligio-agustin-canapino-2.jpg\" width=\"290\" height=\"290\" decoding=\"async\" data-nimg=\"future\" loading=\"lazy\"><\/picture>\n<p><span>Mir\u00e1 tambi\u00e9n<\/span><\/p>\n<hr>\n<h3>IndyCar: la \u00faltima pr\u00e1ctica de Agust\u00edn Canapino y \u00bfriesgo de suspensi\u00f3n de las 500 Millas?<\/h3>\n<\/p>\n<\/section>\n<\/div>\n<div class=\"sc-a7166897-0 exHLBh\" readability=\"6.5\">\n<section readability=\"3\"><picture><img alt=\"Agust\u00edn Canapino: c\u00f3mo sali\u00f3 en la pr\u00e1ctica del IndyCar de hoy y casco especial para las 500 Millas\" src=\"http:\/\/cordobadirecto.com\/wp-content\/uploads\/2024\/05\/indycar-por-que-se-toma-leche-en-el-podio-y-cual-eligio-agustin-canapino-3.jpg\" width=\"290\" height=\"290\" decoding=\"async\" data-nimg=\"future\" loading=\"lazy\"><\/picture>\n<p><span>Mir\u00e1 tambi\u00e9n<\/span><\/p>\n<hr>\n<h3>Agust\u00edn Canapino: c\u00f3mo sali\u00f3 en la pr\u00e1ctica del IndyCar de hoy y casco especial para las 500 Millas<\/h3>\n<\/p>\n<\/section>\n<\/div>\n<div class=\"sc-a7166897-0 exHLBh\" readability=\"6.5\">\n<section readability=\"3\"><picture><img alt=\"Franco Colapinto quiere m\u00e1s en la F\u00f3rmula 2 de M\u00f3naco: d\u00edas, hora y c\u00f3mo ver\" src=\"http:\/\/cordobadirecto.com\/wp-content\/uploads\/2024\/05\/indycar-por-que-se-toma-leche-en-el-podio-y-cual-eligio-agustin-canapino-4.jpg\" width=\"290\" height=\"290\" decoding=\"async\" data-nimg=\"future\" loading=\"lazy\"><\/picture>\n<p><span>Mir\u00e1 tambi\u00e9n<\/span><\/p>\n<hr>\n<h3>Franco Colapinto quiere m\u00e1s en la F\u00f3rmula 2 de M\u00f3naco: d\u00edas, hora y c\u00f3mo ver<\/h3>\n<\/p>\n<\/section>\n<\/div>\n<div class=\"sc-a7166897-0 exHLBh\" readability=\"7.5\">\n<section readability=\"5\"><picture><img alt=\"IndyCar: la falla que perjudic\u00f3 a Canapino, un choque contra los muros, un ins\u00f3lito error y m\u00e1s\" src=\"http:\/\/cordobadirecto.com\/wp-content\/uploads\/2024\/05\/indycar-por-que-se-toma-leche-en-el-podio-y-cual-eligio-agustin-canapino-5.jpg\" width=\"290\" height=\"290\" decoding=\"async\" data-nimg=\"future\" loading=\"lazy\"><\/picture>\n<p><span>Mir\u00e1 tambi\u00e9n<\/span><\/p>\n<hr>\n<h3>IndyCar: la falla que perjudic\u00f3 a Canapino, un choque contra los muros, un ins\u00f3lito error y m\u00e1s<\/h3>\n<\/p>\n<\/section>\n<\/div>\n<\/div>\n","protected":false},"excerpt":{"rendered":"<p>24\/05\/2024 17:55hs. Actualizado al 24\/05\/2024 21:08hs. Este fin de semana se corre la 108\u00b0 edici\u00f3n de las 500 Millas de Indian\u00e1polis, la sexta fecha y la m\u00e1s especial del calendario de la IndyCar. Los 33 pilotos que salgan al hist\u00f3rico \u00f3valo, entre los que figura Agust\u00edn Canapino, buscar\u00e1n finalizar las 200 vueltas con el sue\u00f1o [&hellip;]<\/p>\n","protected":false},"author":1,"featured_media":150404,"comment_status":"closed","ping_status":"closed","sticky":false,"template":"","format":"standard","meta":[],"categories":[21],"tags":[],"_links":{"self":[{"href":"http:\/\/cordobadirecto.com\/index.php\/wp-json\/wp\/v2\/posts\/150403"}],"collection":[{"href":"http:\/\/cordobadirecto.com\/index.php\/wp-json\/wp\/v2\/posts"}],"about":[{"href":"http:\/\/cordobadirecto.com\/index.php\/wp-json\/wp\/v2\/types\/post"}],"author":[{"embeddable":true,"href":"http:\/\/cordobadirecto.com\/index.php\/wp-json\/wp\/v2\/users\/1"}],"replies":[{"embeddable":true,"href":"http:\/\/cordobadirecto.com\/index.php\/wp-json\/wp\/v2\/comments?post=150403"}],"version-history":[{"count":0,"href":"http:\/\/cordobadirecto.com\/index.php\/wp-json\/wp\/v2\/posts\/150403\/revisions"}],"wp:featuredmedia":[{"embeddable":true,"href":"http:\/\/cordobadirecto.com\/index.php\/wp-json\/wp\/v2\/media\/150404"}],"wp:attachment":[{"href":"http:\/\/cordobadirecto.com\/index.php\/wp-json\/wp\/v2\/media?parent=150403"}],"wp:term":[{"taxonomy":"category","embeddable":true,"href":"http:\/\/cordobadirecto.com\/index.php\/wp-json\/wp\/v2\/categories?post=150403"},{"taxonomy":"post_tag","embeddable":true,"href":"http:\/\/cordobadirecto.com\/index.php\/wp-json\/wp\/v2\/tags?post=150403"}],"curies":[{"name":"wp","href":"https:\/\/api.w.org\/{rel}","templated":true}]}}