{"id":150427,"date":"2024-05-25T21:07:00","date_gmt":"2024-05-25T21:07:00","guid":{"rendered":"https:\/\/www.ole.com.ar\/autos\/gp-monaco-f1-formula-1-horario-tv-ver-online_0_IcmA6mBwtK.html"},"modified":"2024-05-25T21:07:00","modified_gmt":"2024-05-25T21:07:00","slug":"gp-de-monaco-de-la-f1-horario-y-tv-de-la-carrera","status":"publish","type":"post","link":"http:\/\/cordobadirecto.com\/index.php\/2024\/05\/25\/gp-de-monaco-de-la-f1-horario-y-tv-de-la-carrera\/","title":{"rendered":"GP de M\u00f3naco de la F1: horario y TV de la carrera"},"content":{"rendered":"<p><time class=\"createDate\" datetime=\"2024-05-25T18:07:00-03:00\">25\/05\/2024 18:07hs.<\/time><\/p>\n<div id=\"storyBody\">\n<div class=\"custom-text \" readability=\"39\">\n<p>Una de las carreras que m\u00e1s estaban esperando los pilotos, los equipos, los famosos que siempre asisten a verla y los fan\u00e1ticos est\u00e1 a la vuelta de la esquina:<strong> el GP de M\u00f3naco<\/strong>, uno de los hist\u00f3ricos de la <strong>F1<\/strong>, que se correr\u00e1 este domingo. <strong>Enterate el horario y d\u00f3nde se puede ver por TV y online.<\/strong><\/p>\n<\/div>\n<p><h2><strong>Horario y TV del GP de M\u00f3naco de la F1<\/strong><\/h2>\n<\/p>\n<div class=\"custom-text \" readability=\"39\">\n<p>La final de la F1 en las calles de Montecarlo se pondr\u00e1 en marcha a las <strong>10 de Argentina<\/strong> y ser\u00e1 transmitida tanto por TV, en <strong>Fox Sports<\/strong>, como por las plataformas de streaming, en <strong>Star +<\/strong>. De todos modos, vas a poder seguir la previa, la carrera y el post en la web de <strong>Ol\u00e9<\/strong>.<\/p>\n<\/div>\n<div class=\"sc-e7b891c4-0 jPbnQF\"><img alt=\"Leclerc vol\u00f3 en M\u00f3naco, su hogar. Le queda el domingo... (AFP)\" src=\"http:\/\/cordobadirecto.com\/wp-content\/uploads\/2024\/05\/gp-de-monaco-de-la-f1-horario-y-tv-de-la-carrera.jpg\" width=\"720\" height=\"100\" decoding=\"async\" data-nimg=\"future\" loading=\"lazy\"><span class=\"epigraphe\">Leclerc vol\u00f3 en M\u00f3naco, su hogar. Le queda el domingo&#8230; (AFP)<\/span><\/div>\n<p><h2><strong>\u00bfQui\u00e9n hizo la pole position en M\u00f3naco?<\/strong><\/h2>\n<\/p>\n<div class=\"custom-text \" readability=\"41\">\n<p>El que largar\u00e1 adelante y tendr\u00e1 las de ganar, ya que el circuito es muy estrecho y los autos son muy anchos, es <strong>Charles Leclerc (Ferrari):<\/strong> el local tuvo un s\u00e1bado perfecto, fue mucho m\u00e1s r\u00e1pido que sus perseguidores y se llev\u00f3 la pole position. Por detr\u00e1s largar\u00e1n <strong>Oscar Piastri (McLaren) y Carlos Sainz (Ferrari)<\/strong>, mientras que el l\u00edder del campeonato, Max Verstappen, saldr\u00e1 desde el 6\u00b0 lugar.<\/p>\n<\/div>\n<p><h2><strong>El circuito de M\u00f3naco, uno de los m\u00e1s particulares del calendario, al detalle<\/strong><\/h2>\n<\/p>\n<div class=\"custom-text \" readability=\"42\">\n<p>La octava fecha del a\u00f1o tendr\u00e1 como sede uno de los circuitos m\u00e1s importantes e hist\u00f3ricos de la F1. La pista callejera en M\u00f3naco de 3,337 kil\u00f3metros, <strong>una de las m\u00e1s cortas <\/strong>de la competencia (las carreras suelen ser de 300 kil\u00f3metros y esta completa 260), es una de las m\u00e1s emblem\u00e1ticas y complejas por sus 19 curvas, el paso por el m\u00edtico <strong>t\u00fanel <\/strong>y la <strong>curva de Loews <\/strong>de 190\u00b0, la m\u00e1s famosa del trazado que tendr\u00e1 78 vueltas y pasa cerca del casino, la pileta, el glamour y las monta\u00f1as&#8230;<\/p>\n<\/div>\n<div class=\"sc-e7b891c4-0 jPbnQF\"><img alt=\"Hasta ahora, Verstappen no tuvo un buen fin de semana en M\u00f3naco. (AP)\" src=\"http:\/\/cordobadirecto.com\/wp-content\/uploads\/2024\/05\/gp-de-monaco-de-la-f1-horario-y-tv-de-la-carrera-1.jpg\" width=\"720\" height=\"100\" decoding=\"async\" data-nimg=\"future\" loading=\"lazy\"><span class=\"epigraphe\">Hasta ahora, Verstappen no tuvo un buen fin de semana en M\u00f3naco. (AP)<\/span><\/div>\n<p><h2><strong>Senna estar\u00e1 presente en M\u00f3naco<\/strong><\/h2>\n<\/p>\n<div class=\"custom-text \" readability=\"38\">\n<p>A 30 a\u00f1os del fallecimiento de <strong>Ayrton Senna<\/strong>, esta fecha habr\u00e1 un homenaje especial para el brasile\u00f1o tricampe\u00f3n mundial del 88 al 90 en la carrera del pr\u00f3ximo domingo. Se trata de que <strong>McLaren <\/strong>usar\u00e1 en los monoplazas de Lando Norris y Oscar Piastri <strong>un dise\u00f1o en honor a hist\u00f3rico piloto<\/strong> que gan\u00f3 en seis oportunidades en M\u00f3naco, cinco de ellas logradas de manera consecutiva. Primero festej\u00f3 en 1987 y luego ser\u00eda pentacampe\u00f3n entre 1989 y 1993. &#8220;Para el Rey de M\u00f3naco. Estamos orgullosos de correr en su honor y con sus colores&#8221;, se pronunci\u00f3 la escuder\u00eda en sus redes sociales.<\/p>\n<\/div>\n<div class=\"sc-e7b891c4-0 jPbnQF\"><img alt=\"El McLaren de Piastri, pintado a lo Senna. (AFP)\" src=\"http:\/\/cordobadirecto.com\/wp-content\/uploads\/2024\/05\/gp-de-monaco-de-la-f1-horario-y-tv-de-la-carrera-2.jpg\" width=\"720\" height=\"100\" decoding=\"async\" data-nimg=\"future\" loading=\"lazy\"><span class=\"epigraphe\">El McLaren de Piastri, pintado a lo Senna. (AFP)<\/span><\/div>\n<p><h2><strong>Las posiciones completas del campeonato de F1<\/strong><\/h2>\n<\/p>\n<div class=\"custom-text \">\n<ol>\n<li>Max Verstappen (Red Bull) &#8211; 161 puntos<\/li>\n<li>Charles Leclerc (Ferrari) &#8211; 113<\/li>\n<li>Sergio P\u00e9rez (Red Bull) &#8211; 107<\/li>\n<li>Lando Norris (McLaren) &#8211; 101<\/li>\n<li>Carlos Sainz (Ferrari) &#8211; 93<\/li>\n<li>Oscar Piastri (McLaren) &#8211; 53<\/li>\n<li>George Russell (Mercedes) &#8211; 44<\/li>\n<li>Lewis Hamilton (Mercedes) &#8211; 35<\/li>\n<li>Fernando Alonso (Aston Martin) &#8211; 33<\/li>\n<li>Yuki Tsunoda (RB) &#8211; 15<\/li>\n<li>Lance Stroll (Aston Martin) &#8211; 11<\/li>\n<li>Nico Hulkenberg (Haas) &#8211; 6<\/li>\n<li>Daniel Ricciardo (RB) &#8211; 5<\/li>\n<li>Esteban Ocon (Alpine) &#8211; 1<\/li>\n<li>Kevin Magnussen (Haas) &#8211; 1<\/li>\n<li>Guanyu Zhou (Sauber) &#8211; 0<\/li>\n<li>Alexander Albon (Williams) &#8211; 0<\/li>\n<li>Pierre Gasly (Alpine) &#8211; 0<\/li>\n<li>Valtteri Bottas (Sauber) &#8211; 0<\/li>\n<li>Logan Sargeant (Williams) &#8211; 0<\/li>\n<\/ol>\n<\/div>\n<div class=\"sc-a7166897-0 exHLBh\" readability=\"6\">\n<section readability=\"2\"><picture><img alt=\"Papel\u00f3n en el homenaje del TC2000 al Flaco Traverso y pedido de disculpas\" src=\"http:\/\/cordobadirecto.com\/wp-content\/uploads\/2024\/05\/gp-de-monaco-de-la-f1-horario-y-tv-de-la-carrera-3.jpg\" width=\"290\" height=\"290\" decoding=\"async\" data-nimg=\"future\" loading=\"lazy\"><\/picture>\n<p><span>Mir\u00e1 tambi\u00e9n<\/span><\/p>\n<hr>\n<h3>Papel\u00f3n en el homenaje del TC2000 al Flaco Traverso y pedido de disculpas<\/h3>\n<\/p>\n<\/section>\n<\/div>\n<div class=\"sc-a7166897-0 exHLBh\" readability=\"6.5\">\n<section readability=\"3\"><picture><img alt=\"Agust\u00edn Canapino: c\u00f3mo sali\u00f3 en la pr\u00e1ctica del IndyCar de hoy y casco especial para las 500 Millas\" src=\"http:\/\/cordobadirecto.com\/wp-content\/uploads\/2024\/05\/gp-de-monaco-de-la-f1-horario-y-tv-de-la-carrera-4.jpg\" width=\"290\" height=\"290\" decoding=\"async\" data-nimg=\"future\" loading=\"lazy\"><\/picture>\n<p><span>Mir\u00e1 tambi\u00e9n<\/span><\/p>\n<hr>\n<h3>Agust\u00edn Canapino: c\u00f3mo sali\u00f3 en la pr\u00e1ctica del IndyCar de hoy y casco especial para las 500 Millas<\/h3>\n<\/p>\n<\/section>\n<\/div>\n<div class=\"sc-a7166897-0 exHLBh\" readability=\"6.5\">\n<section readability=\"3\"><picture><img alt=\"TC2000: doblete triunfal de Tiago Pern\u00eda en el Gran Premio &quot;Juan Mar\u00eda Traverso&quot; de San Nicol\u00e1s\" src=\"http:\/\/cordobadirecto.com\/wp-content\/uploads\/2024\/05\/gp-de-monaco-de-la-f1-horario-y-tv-de-la-carrera-5.jpg\" width=\"290\" height=\"290\" decoding=\"async\" data-nimg=\"future\" loading=\"lazy\"><\/picture>\n<p><span>Mir\u00e1 tambi\u00e9n<\/span><\/p>\n<hr>\n<h3>TC2000: doblete triunfal de Tiago Pern\u00eda en el Gran Premio &#8220;Juan Mar\u00eda Traverso&#8221; de San Nicol\u00e1s<\/h3>\n<\/p>\n<\/section>\n<\/div>\n<div class=\"sc-a7166897-0 exHLBh\" readability=\"7.5\">\n<section readability=\"5\"><picture><img alt=\"IndyCar: la falla que perjudic\u00f3 a Canapino, un choque contra los muros, un ins\u00f3lito error y m\u00e1s\" src=\"http:\/\/cordobadirecto.com\/wp-content\/uploads\/2024\/05\/gp-de-monaco-de-la-f1-horario-y-tv-de-la-carrera-6.jpg\" width=\"290\" height=\"290\" decoding=\"async\" data-nimg=\"future\" loading=\"lazy\"><\/picture>\n<p><span>Mir\u00e1 tambi\u00e9n<\/span><\/p>\n<hr>\n<h3>IndyCar: la falla que perjudic\u00f3 a Canapino, un choque contra los muros, un ins\u00f3lito error y m\u00e1s<\/h3>\n<\/p>\n<\/section>\n<\/div>\n<\/div>\n","protected":false},"excerpt":{"rendered":"<p>25\/05\/2024 18:07hs. Una de las carreras que m\u00e1s estaban esperando los pilotos, los equipos, los famosos que siempre asisten a verla y los fan\u00e1ticos est\u00e1 a la vuelta de la esquina: el GP de M\u00f3naco, uno de los hist\u00f3ricos de la F1, que se correr\u00e1 este domingo. Enterate el horario y d\u00f3nde se puede ver [&hellip;]<\/p>\n","protected":false},"author":1,"featured_media":150428,"comment_status":"closed","ping_status":"closed","sticky":false,"template":"","format":"standard","meta":[],"categories":[21],"tags":[],"_links":{"self":[{"href":"http:\/\/cordobadirecto.com\/index.php\/wp-json\/wp\/v2\/posts\/150427"}],"collection":[{"href":"http:\/\/cordobadirecto.com\/index.php\/wp-json\/wp\/v2\/posts"}],"about":[{"href":"http:\/\/cordobadirecto.com\/index.php\/wp-json\/wp\/v2\/types\/post"}],"author":[{"embeddable":true,"href":"http:\/\/cordobadirecto.com\/index.php\/wp-json\/wp\/v2\/users\/1"}],"replies":[{"embeddable":true,"href":"http:\/\/cordobadirecto.com\/index.php\/wp-json\/wp\/v2\/comments?post=150427"}],"version-history":[{"count":0,"href":"http:\/\/cordobadirecto.com\/index.php\/wp-json\/wp\/v2\/posts\/150427\/revisions"}],"wp:featuredmedia":[{"embeddable":true,"href":"http:\/\/cordobadirecto.com\/index.php\/wp-json\/wp\/v2\/media\/150428"}],"wp:attachment":[{"href":"http:\/\/cordobadirecto.com\/index.php\/wp-json\/wp\/v2\/media?parent=150427"}],"wp:term":[{"taxonomy":"category","embeddable":true,"href":"http:\/\/cordobadirecto.com\/index.php\/wp-json\/wp\/v2\/categories?post=150427"},{"taxonomy":"post_tag","embeddable":true,"href":"http:\/\/cordobadirecto.com\/index.php\/wp-json\/wp\/v2\/tags?post=150427"}],"curies":[{"name":"wp","href":"https:\/\/api.w.org\/{rel}","templated":true}]}}