{"id":150712,"date":"2024-06-03T18:41:07","date_gmt":"2024-06-03T18:41:07","guid":{"rendered":"https:\/\/puntoapunto.com.ar\/?p=361372"},"modified":"2024-06-03T18:41:07","modified_gmt":"2024-06-03T18:41:07","slug":"para-almaceneros-cordoba-la-inflacion-en-mayo-volvio-a-bajar-y-llego-al-48","status":"publish","type":"post","link":"http:\/\/cordobadirecto.com\/index.php\/2024\/06\/03\/para-almaceneros-cordoba-la-inflacion-en-mayo-volvio-a-bajar-y-llego-al-48\/","title":{"rendered":"Para almaceneros C\u00f3rdoba, la inflaci\u00f3n en mayo volvi\u00f3 a bajar y lleg\u00f3 al 4,8%"},"content":{"rendered":"<p>&nbsp;\n<\/p>\n<p>&nbsp;\n<\/p>\n<p><strong>La inflaci\u00f3n registrada para el mes de mayo 2024 fue de 4,8%<\/strong>, seg\u00fan un relevamiento del Departamento de Estad\u00edsticas y Tendencias del Centro de Almaceneros y Comerciantes Minoristas de la Provincia de C\u00f3rdoba.\n<\/p>\n<p>Seg\u00fan el Centro, este porcentaje marca una <strong>fuerte desaceleraci\u00f3n de la inflaci\u00f3n respecto a abril<\/strong> y alcanzando una cifra que no se ve desde principios de 2022.\n<\/p>\n<p>La inflaci\u00f3n interanual (\u00faltimos 12 meses) asciende al 332% y la acumulada en lo que va de 2024 es de 79,6%.&nbsp;\u201c<strong>La Inflaci\u00f3n proyectada para todo 2024, vuelve a disminuir, y se sit\u00faa en 160%<\/strong>\u201d, remarc\u00f3 el Centro de Almaceneros.\n<\/p>\n<p>Por otro lado, la Canasta B\u00e1sica Total, cifra para no caer en la <strong>pobreza<\/strong>, alcanz\u00f3 durante mayo un importe de <strong>$998.792. La l\u00ednea de indigencia fue de $ 575.690.<\/strong><\/p>\n<p>Sin embargo, en base a una encuesta a 2.500 jefas y jefes de hogares, 57,8 % de los hogares no pudieron acceder a la totalidad de los alimentos que conforman la Canasta B\u00e1sica Alimentaria (CBA).\n<\/p>\n<p>De aquellos hogares que SI pudieron acceder de manera total a la CB<strong>A, solo el 24,8 % pudo hacerlo con recursos propios; mientras que el 75,2 % restante, debi\u00f3 ser asistido con alg\u00fan tipo de ayuda estatal (mayoritariamente con AUH \/ Tarjeta Alimentar) para lograr ese objetivo.)<\/strong>\n<\/p>\n<p><img decoding=\"async\" class=\"aligncenter wp-image-343837 size-full\" src=\"http:\/\/cordobadirecto.com\/wp-content\/uploads\/2024\/06\/para-almaceneros-cordoba-la-inflacion-en-mayo-volvio-a-bajar-y-llego-al-48.jpg\" alt width=\"760\" height=\"469\" srcset=\"http:\/\/cordobadirecto.com\/wp-content\/uploads\/2024\/06\/para-almaceneros-cordoba-la-inflacion-en-mayo-volvio-a-bajar-y-llego-al-48.jpg 760w, http:\/\/cordobadirecto.com\/wp-content\/uploads\/2024\/06\/para-almaceneros-cordoba-la-inflacion-en-mayo-volvio-a-bajar-y-llego-al-48-1.jpg 300w, http:\/\/cordobadirecto.com\/wp-content\/uploads\/2024\/06\/para-almaceneros-cordoba-la-inflacion-en-mayo-volvio-a-bajar-y-llego-al-48-2.jpg 750w\" sizes=\"(max-width: 760px) 100vw, 760px\" loading=\"lazy\">\n<\/p>\n<p>El 10 % de las Familias encuestadas, manifest\u00f3 que durante Mayo 2024 por falta de recursos, alg\u00fan integrante de su Hogar s\u00f3lo comi\u00f3 una vez al d\u00eda o dej\u00f3 de comer todo un d\u00eda.\n<\/p>\n<p>Un 16 % de las Familias, expres\u00f3 que durante Mayo 2024, tuvieron que hacer algo que hubieran preferido no hacer para conseguir alimentos, tal como pedir dinero o pedir comida.\n<\/p>\n<p>El 18 % de Jefas y Jefes de Hogares encuestados, revel\u00f3 que por falta de recursos, alguna vez del mes de Mayo 2024, su Familia se qued\u00f3 sin alimentos.\n<\/p>\n<p>Durante Mayo 2024 por falta de recursos, 27 % de las Familias encuestadas, expresaron que algunos de sus integrantes, sinti\u00f3 hambre pero no ingiri\u00f3 alimentos.\n<\/p>\n<p>Un 47% de las Familias encuestadas, declararon que durante Mayo 2024, tambi\u00e9n por falta de recursos, alg\u00fan o algunos miembros integrantes de su hogar dejaron de desayunar, almorzar, merendar o cenar.\n<\/p>\n<p>El 88,5 % de los Hogares, financiaron alimentos durante Mayo 2024 (al fiado el 47,9%; con tarjetas de cr\u00e9ditos un 31,8% y\/o con dinero prestado el 8,8%)\n<\/p>\n<p>Las ventas en volumen en comercios de proximidad, <strong>rubro \u201cAlimentos\u201d (carnicer\u00edas, almacenes, poller\u00edas, fiambrer\u00edas, verduler\u00edas, etc.) cayeron durante Mayo 2024, un 29,6 %<\/strong> comparadas con igual periodo del a\u00f1o anterior (sobre misma cantidad de clientes). Dicha disminuci\u00f3n se refleja pr\u00e1cticamente id\u00e9ntica a las registradas durante marzo y abril del corriente a\u00f1o; lo que podr\u00eda significar un \u201cpiso\u201d en un nivel muy profundo; desde donde, sin una urgente recuperaci\u00f3n del poder adquisitivo, se dificulta elevarse.<\/p>\n","protected":false},"excerpt":{"rendered":"<p>&nbsp; &nbsp; La inflaci\u00f3n registrada para el mes de mayo 2024 fue de 4,8%, seg\u00fan un relevamiento del Departamento de Estad\u00edsticas y Tendencias del Centro de Almaceneros y Comerciantes Minoristas de la Provincia de C\u00f3rdoba. Seg\u00fan el Centro, este porcentaje marca una fuerte desaceleraci\u00f3n de la inflaci\u00f3n respecto a abril y alcanzando una cifra que [&hellip;]<\/p>\n","protected":false},"author":1,"featured_media":150713,"comment_status":"closed","ping_status":"closed","sticky":false,"template":"","format":"standard","meta":[],"categories":[25,1],"tags":[],"_links":{"self":[{"href":"http:\/\/cordobadirecto.com\/index.php\/wp-json\/wp\/v2\/posts\/150712"}],"collection":[{"href":"http:\/\/cordobadirecto.com\/index.php\/wp-json\/wp\/v2\/posts"}],"about":[{"href":"http:\/\/cordobadirecto.com\/index.php\/wp-json\/wp\/v2\/types\/post"}],"author":[{"embeddable":true,"href":"http:\/\/cordobadirecto.com\/index.php\/wp-json\/wp\/v2\/users\/1"}],"replies":[{"embeddable":true,"href":"http:\/\/cordobadirecto.com\/index.php\/wp-json\/wp\/v2\/comments?post=150712"}],"version-history":[{"count":0,"href":"http:\/\/cordobadirecto.com\/index.php\/wp-json\/wp\/v2\/posts\/150712\/revisions"}],"wp:featuredmedia":[{"embeddable":true,"href":"http:\/\/cordobadirecto.com\/index.php\/wp-json\/wp\/v2\/media\/150713"}],"wp:attachment":[{"href":"http:\/\/cordobadirecto.com\/index.php\/wp-json\/wp\/v2\/media?parent=150712"}],"wp:term":[{"taxonomy":"category","embeddable":true,"href":"http:\/\/cordobadirecto.com\/index.php\/wp-json\/wp\/v2\/categories?post=150712"},{"taxonomy":"post_tag","embeddable":true,"href":"http:\/\/cordobadirecto.com\/index.php\/wp-json\/wp\/v2\/tags?post=150712"}],"curies":[{"name":"wp","href":"https:\/\/api.w.org\/{rel}","templated":true}]}}