{"id":150725,"date":"2024-06-03T21:50:08","date_gmt":"2024-06-03T21:50:08","guid":{"rendered":"https:\/\/cordoba.gob.ar\/?p=58416"},"modified":"2024-06-03T21:50:08","modified_gmt":"2024-06-03T21:50:08","slug":"se-realizo-una-exposicion-de-arte-en-vivo-para-concientizar-sobre-la-seguridad-vial","status":"publish","type":"post","link":"http:\/\/cordobadirecto.com\/index.php\/2024\/06\/03\/se-realizo-una-exposicion-de-arte-en-vivo-para-concientizar-sobre-la-seguridad-vial\/","title":{"rendered":"Se realiz\u00f3 una exposici\u00f3n de arte en vivo para concientizar sobre la seguridad vial"},"content":{"rendered":"<div><img src=\"http:\/\/cordobadirecto.com\/wp-content\/uploads\/2024\/06\/se-realizo-una-exposicion-de-arte-en-vivo-para-concientizar-sobre-la-seguridad-vial.jpg\" class=\"ff-og-image-inserted\"><\/div>\n<ul class=\"ak-ul\">\n<li><strong>En la Escuela de Tr\u00e1nsito y Educaci\u00f3n Vial de la Municipalidad de C\u00f3rdoba se pint\u00f3 una cinta amarilla con frases educativas y se entregaron cintas de ese color a los asistentes.<\/strong><\/li>\n<\/ul>\n<hr>\n<p>En el marco del Mayo Amarillo por la Seguridad Vial, y bajo el slogan \u201cLa paz en tr\u00e1nsito empieza por vos\u201d, se realiz\u00f3 una intervenci\u00f3n de arte en vivo a trav\u00e9s de la realizaci\u00f3n de un mural en la Escuela de Tr\u00e1nsito y Educaci\u00f3n Vial de la Municipalidad de C\u00f3rdoba (Estanilao Learte 2150) de barrio Ferroviario Mitre.<\/p>\n<p>En el lugar se pintaron frases de educaci\u00f3n vial, junto a una cinta amarilla representativa del Mayo Amarillo, y se repartieron otras del mismo color a todos los asistentes.<\/p>\n<p>La propuesta, llevada a cabo por los muralistas Victoria Hamsen y Federico Camarata, fue en homenaje a Gonzalo P\u00e1ez, quien falleciera tras un accidente en moto cuando conduc\u00eda sin casco.<\/p>\n<p>La Escuela de Tr\u00e1nsito y Educaci\u00f3n Vial fue el espacio para la realizaci\u00f3n de este mural por ser el primer lugar al que asisten los conductores de motos para sacar su carnet.<\/p>\n<p>A trav\u00e9s de la actividad, se invita a reflexionar sobre la responsabilidad individual que todos tenemos en aquellos actos relacionados con la Seguridad Vial.<\/p>\n<p>La actividad fue organizada por el Ente Municipal BioC\u00f3rdoba, junto a la Secretar\u00eda de Ambiente Sustentable y Econom\u00eda Circular, Secretar\u00eda de Mobilidad Urbana, Secretar\u00eda de Participaci\u00f3n Ciudadana y Juventud y la Unidad Ejecutora Costanera.<\/p>\n","protected":false},"excerpt":{"rendered":"<p>En la Escuela de Tr\u00e1nsito y Educaci\u00f3n Vial de la Municipalidad de C\u00f3rdoba se pint\u00f3 una cinta amarilla con frases educativas y se entregaron cintas de ese color a los asistentes. En el marco del Mayo Amarillo por la Seguridad Vial, y bajo el slogan \u201cLa paz en tr\u00e1nsito empieza por vos\u201d, se realiz\u00f3 una [&hellip;]<\/p>\n","protected":false},"author":1,"featured_media":150726,"comment_status":"closed","ping_status":"closed","sticky":false,"template":"","format":"standard","meta":[],"categories":[44],"tags":[],"_links":{"self":[{"href":"http:\/\/cordobadirecto.com\/index.php\/wp-json\/wp\/v2\/posts\/150725"}],"collection":[{"href":"http:\/\/cordobadirecto.com\/index.php\/wp-json\/wp\/v2\/posts"}],"about":[{"href":"http:\/\/cordobadirecto.com\/index.php\/wp-json\/wp\/v2\/types\/post"}],"author":[{"embeddable":true,"href":"http:\/\/cordobadirecto.com\/index.php\/wp-json\/wp\/v2\/users\/1"}],"replies":[{"embeddable":true,"href":"http:\/\/cordobadirecto.com\/index.php\/wp-json\/wp\/v2\/comments?post=150725"}],"version-history":[{"count":0,"href":"http:\/\/cordobadirecto.com\/index.php\/wp-json\/wp\/v2\/posts\/150725\/revisions"}],"wp:featuredmedia":[{"embeddable":true,"href":"http:\/\/cordobadirecto.com\/index.php\/wp-json\/wp\/v2\/media\/150726"}],"wp:attachment":[{"href":"http:\/\/cordobadirecto.com\/index.php\/wp-json\/wp\/v2\/media?parent=150725"}],"wp:term":[{"taxonomy":"category","embeddable":true,"href":"http:\/\/cordobadirecto.com\/index.php\/wp-json\/wp\/v2\/categories?post=150725"},{"taxonomy":"post_tag","embeddable":true,"href":"http:\/\/cordobadirecto.com\/index.php\/wp-json\/wp\/v2\/tags?post=150725"}],"curies":[{"name":"wp","href":"https:\/\/api.w.org\/{rel}","templated":true}]}}