{"id":150727,"date":"2024-06-03T20:25:28","date_gmt":"2024-06-03T20:25:28","guid":{"rendered":"https:\/\/cordoba.gob.ar\/?p=58424"},"modified":"2024-06-03T20:25:28","modified_gmt":"2024-06-03T20:25:28","slug":"semana-del-cuarteto-llega-cuarteteando-en-el-comedia-con-charlas-y-musica","status":"publish","type":"post","link":"http:\/\/cordobadirecto.com\/index.php\/2024\/06\/03\/semana-del-cuarteto-llega-cuarteteando-en-el-comedia-con-charlas-y-musica\/","title":{"rendered":"Semana del cuarteto: llega \u201dCuarteteando en el Comedia con charlas y m\u00fasica\u201d"},"content":{"rendered":"<div><img src=\"http:\/\/cordobadirecto.com\/wp-content\/uploads\/2024\/06\/semana-del-cuarteto-llega-cuarteteando-en-el-comedia-con-charlas-y-musica.jpg\" class=\"ff-og-image-inserted\"><\/div>\n<ul class=\"ak-ul\">\n<li><strong>Desde hoy lunes 3 y hasta el domingo 9 de junio el Teatro Comedia ser\u00e1 sede de un ciclo de charlas y m\u00fasica en torno al g\u00e9nero cordob\u00e9s.<\/strong><\/li>\n<li><strong>Participar\u00e1n artistas como Magui Olave, Toro Quevedo y La Barra.<\/strong><\/li>\n<\/ul>\n<hr>\n<p>La Municipalidad de C\u00f3rdoba invita a participar del ciclo: \u201cCuarteteando en el Comedia: charlas y m\u00fasica\u201d. Las actividades tendr\u00e1n lugar los d\u00edas lunes, martes, mi\u00e9rcoles, viernes y domingo a partir de las 19 horas en el Teatro Comedia (Rivadavia 254).<\/p>\n<p>Las entradas ser\u00e1n gratuitas, con retiro anticipado por boleter\u00eda hasta agotar capacidad de sala (a partir de las 16 horas el mismo d\u00eda de la funci\u00f3n y dos entradas por persona).<\/p>\n<p>La transmisi\u00f3n en vivo estar\u00e1 disponible a trav\u00e9s de Cuarteteando M\u00e1s, M\u00e1s Radio y Red de Repetidoras. Adem\u00e1s, estar\u00e1 disponible la opci\u00f3n de streaming en YouTube y El Doce tv.<\/p>\n<p>La iniciativa est\u00e1 enmarcada en el \u201cD\u00eda del Cuarteto\u201d que se celebra cada 4 de junio con el fin de rememorar el ritmo que naci\u00f3 como s\u00edmbolo de la apropiaci\u00f3n popular y masiva, y que hoy en d\u00eda nos define y une.<\/p>\n<p>Este ciclo forma parte de una serie de pol\u00edticas p\u00fablicas que buscan visibilizar al cuarteto como expresi\u00f3n central de nuestra cultura popular, posicionando a C\u00f3rdoba como cuna del cuarteto, y proyect\u00e1ndola internacionalmente como nodo cultural y tur\u00edstico.<\/p>\n<p>En ese sentido, tambi\u00e9n se contin\u00faa trabajando en la postulaci\u00f3n del g\u00e9nero ante la UNESCO, para ser declarado Patrimonio Cultural Inmaterial de la Humanidad.<\/p>\n<p><strong>GRILLA<\/strong><\/p>\n<p>Todas las presentaciones ser\u00e1n a las 19 horas, y para cada funci\u00f3n, en el mismo d\u00eda se pueden retirar dos entradas por persona en la boleter\u00eda del teatro hasta agotar capacidad de sala.<\/p>\n<ul class=\"ak-ul\">\n<li><strong>Lunes 3:<\/strong> Magui Olave<\/li>\n<li><strong>Martes 4:<\/strong> Sabroso<\/li>\n<li><strong>Mi\u00e9rcoles 5:<\/strong> Fernando Bladys<\/li>\n<li><strong>Viernes 7:<\/strong> A confirmar<\/li>\n<li><strong>Domingo 9:<\/strong> La Barra<\/li>\n<\/ul>\n","protected":false},"excerpt":{"rendered":"<p>Desde hoy lunes 3 y hasta el domingo 9 de junio el Teatro Comedia ser\u00e1 sede de un ciclo de charlas y m\u00fasica en torno al g\u00e9nero cordob\u00e9s. Participar\u00e1n artistas como Magui Olave, Toro Quevedo y La Barra. La Municipalidad de C\u00f3rdoba invita a participar del ciclo: \u201cCuarteteando en el Comedia: charlas y m\u00fasica\u201d. Las [&hellip;]<\/p>\n","protected":false},"author":1,"featured_media":150728,"comment_status":"closed","ping_status":"closed","sticky":false,"template":"","format":"standard","meta":[],"categories":[44],"tags":[],"_links":{"self":[{"href":"http:\/\/cordobadirecto.com\/index.php\/wp-json\/wp\/v2\/posts\/150727"}],"collection":[{"href":"http:\/\/cordobadirecto.com\/index.php\/wp-json\/wp\/v2\/posts"}],"about":[{"href":"http:\/\/cordobadirecto.com\/index.php\/wp-json\/wp\/v2\/types\/post"}],"author":[{"embeddable":true,"href":"http:\/\/cordobadirecto.com\/index.php\/wp-json\/wp\/v2\/users\/1"}],"replies":[{"embeddable":true,"href":"http:\/\/cordobadirecto.com\/index.php\/wp-json\/wp\/v2\/comments?post=150727"}],"version-history":[{"count":0,"href":"http:\/\/cordobadirecto.com\/index.php\/wp-json\/wp\/v2\/posts\/150727\/revisions"}],"wp:featuredmedia":[{"embeddable":true,"href":"http:\/\/cordobadirecto.com\/index.php\/wp-json\/wp\/v2\/media\/150728"}],"wp:attachment":[{"href":"http:\/\/cordobadirecto.com\/index.php\/wp-json\/wp\/v2\/media?parent=150727"}],"wp:term":[{"taxonomy":"category","embeddable":true,"href":"http:\/\/cordobadirecto.com\/index.php\/wp-json\/wp\/v2\/categories?post=150727"},{"taxonomy":"post_tag","embeddable":true,"href":"http:\/\/cordobadirecto.com\/index.php\/wp-json\/wp\/v2\/tags?post=150727"}],"curies":[{"name":"wp","href":"https:\/\/api.w.org\/{rel}","templated":true}]}}