{"id":150818,"date":"2024-06-05T20:47:22","date_gmt":"2024-06-05T20:47:22","guid":{"rendered":"https:\/\/cordoba.gob.ar\/?p=58490"},"modified":"2024-06-05T20:47:22","modified_gmt":"2024-06-05T20:47:22","slug":"fernando-bladys-presente-esta-noche-en-el-ciclo-cuarteteando-en-el-comedia","status":"publish","type":"post","link":"http:\/\/cordobadirecto.com\/index.php\/2024\/06\/05\/fernando-bladys-presente-esta-noche-en-el-ciclo-cuarteteando-en-el-comedia\/","title":{"rendered":"Fernando Bladys presente esta noche en el ciclo \u00abCuarteteando en el Comedia"},"content":{"rendered":"<div><img src=\"http:\/\/cordobadirecto.com\/wp-content\/uploads\/2024\/06\/fernando-bladys-presente-esta-noche-en-el-ciclo-cuarteteando-en-el-comedia.jpg\" class=\"ff-og-image-inserted\"><\/div>\n<ul class=\"ak-ul\" data-pm-slice=\"3 1 []\">\n<li><strong>El Teatro es sede del espacio de charlas y m\u00fasica en torno al g\u00e9nero musical cordob\u00e9s, hasta el pr\u00f3ximo domingo.<\/strong><\/li>\n<li><strong>El viernes estar\u00e1 Facu Guti\u00e9rrez + Banda Mix, y el cierre del domingo estar\u00e1 a cargo de La Barra.<\/strong><\/li>\n<li><strong>La propuesta es gratuita y quien desee participar debe retirar su entrada el mismo d\u00eda de la funci\u00f3n a partir de las 16 horas.<\/strong><\/li>\n<\/ul>\n<hr>\n<p>En el marco del D\u00eda del Cuarteto, la Municipalidad de C\u00f3rdoba invita a los vecinos al ciclo denominado \u00abCuarteando en el Comedia\u00bb, que se lleva a cabo hasta el pr\u00f3ximo domingo en el recuperado Teatro Comedia (Rivadavia 254).<\/p>\n<p>Las dos primeras noches contaron con la actuaci\u00f3n de Magui Olave, una de las voces femeninas m\u00e1s reconocidas del cuarteto en la ciudad y el grupo Sabroso que deleit\u00f3 a los presentes con un recorrido de canciones de sus m\u00e1s de 30 \u00e1lbumes realizados en sus veintitr\u00e9s a\u00f1os de carrera.<\/p>\n<p>El ciclo contin\u00faa este mi\u00e9rcoles 5 de junio a partir de las 19 horas, con la presentaci\u00f3n del referente cuartetero Fernando Bladys, con entrada gratuita.<\/p>\n<p>Es importante se\u00f1alar que, las entradas deben retirarse el mismo d\u00eda de la funci\u00f3n, a partir de las 16 horas, por la boleter\u00eda del Teatro y que se entregan m\u00e1ximo dos entradas por persona, hasta agotar la capacidad de la sala.<\/p>\n<p>Grilla semanal:<\/p>\n<ul class=\"ak-ul\">\n<li>Mi\u00e9rcoles 5: Fernando Bladys<\/li>\n<li>Viernes 7: Facu Guti\u00e9rrez + Banda Mix<\/li>\n<li>Domingo 9: La Barra<\/li>\n<\/ul>\n<p>Tambi\u00e9n se puede seguir la transmisi\u00f3n en vivo a trav\u00e9s de Cuarteteando M\u00e1s , M\u00e1s Radio y Red de Repetidoras, o por streaming en sus canales de YouTube<\/p>\n","protected":false},"excerpt":{"rendered":"<p>El Teatro es sede del espacio de charlas y m\u00fasica en torno al g\u00e9nero musical cordob\u00e9s, hasta el pr\u00f3ximo domingo. El viernes estar\u00e1 Facu Guti\u00e9rrez + Banda Mix, y el cierre del domingo estar\u00e1 a cargo de La Barra. La propuesta es gratuita y quien desee participar debe retirar su entrada el mismo d\u00eda de [&hellip;]<\/p>\n","protected":false},"author":1,"featured_media":150819,"comment_status":"closed","ping_status":"closed","sticky":false,"template":"","format":"standard","meta":[],"categories":[44],"tags":[],"_links":{"self":[{"href":"http:\/\/cordobadirecto.com\/index.php\/wp-json\/wp\/v2\/posts\/150818"}],"collection":[{"href":"http:\/\/cordobadirecto.com\/index.php\/wp-json\/wp\/v2\/posts"}],"about":[{"href":"http:\/\/cordobadirecto.com\/index.php\/wp-json\/wp\/v2\/types\/post"}],"author":[{"embeddable":true,"href":"http:\/\/cordobadirecto.com\/index.php\/wp-json\/wp\/v2\/users\/1"}],"replies":[{"embeddable":true,"href":"http:\/\/cordobadirecto.com\/index.php\/wp-json\/wp\/v2\/comments?post=150818"}],"version-history":[{"count":0,"href":"http:\/\/cordobadirecto.com\/index.php\/wp-json\/wp\/v2\/posts\/150818\/revisions"}],"wp:featuredmedia":[{"embeddable":true,"href":"http:\/\/cordobadirecto.com\/index.php\/wp-json\/wp\/v2\/media\/150819"}],"wp:attachment":[{"href":"http:\/\/cordobadirecto.com\/index.php\/wp-json\/wp\/v2\/media?parent=150818"}],"wp:term":[{"taxonomy":"category","embeddable":true,"href":"http:\/\/cordobadirecto.com\/index.php\/wp-json\/wp\/v2\/categories?post=150818"},{"taxonomy":"post_tag","embeddable":true,"href":"http:\/\/cordobadirecto.com\/index.php\/wp-json\/wp\/v2\/tags?post=150818"}],"curies":[{"name":"wp","href":"https:\/\/api.w.org\/{rel}","templated":true}]}}