{"id":151465,"date":"2024-06-19T03:03:40","date_gmt":"2024-06-19T03:03:40","guid":{"rendered":"https:\/\/puntoapunto.com.ar\/?p=362047"},"modified":"2024-06-19T03:03:40","modified_gmt":"2024-06-19T03:03:40","slug":"industria-como-es-la-fotografia-que-dejo-el-primer-cuatrimestre","status":"publish","type":"post","link":"http:\/\/cordobadirecto.com\/index.php\/2024\/06\/19\/industria-como-es-la-fotografia-que-dejo-el-primer-cuatrimestre\/","title":{"rendered":"Industria: c\u00f3mo es la fotograf\u00eda que dej\u00f3 el primer cuatrimestre"},"content":{"rendered":"<div class=\"g g-36\">\n<div class=\"g-dyn a-29 c-1\"><a class=\"gofollow\" data-track=\"MjksMzYsMSw2MA==\" href=\"https:\/\/www.harmoniechateau.com.ar\/\" target=\"_blank\" rel=\"noopener\"><img src=\"http:\/\/cordobadirecto.com\/wp-content\/uploads\/2024\/06\/industria-como-es-la-fotografia-que-dejo-el-primer-cuatrimestre.jpg\" loading=\"lazy\"><\/a><\/div>\n<\/div>\n<p>&nbsp;\n<\/p>\n<p class=\"paragraph\">En abril, la<b>&nbsp;actividad industrial<\/b>&nbsp;registr\u00f3 una&nbsp;<b>ca\u00edda interanual de 14,2%<\/b>&nbsp;y un&nbsp;<b>repunte mensual de 4,5%<\/b>, despu\u00e9s del bajo desempe\u00f1o de marzo. As\u00ed, se trat\u00f3 del&nbsp;<b>onceavo mes de ca\u00edda interanual consecutiva&nbsp;<\/b>y el primer cuatrimestre de 2024 acumul\u00f3 una baja de 12,4% interanual, seg\u00fan un <a href=\"https:\/\/uiaorgar-cmsdev.s3.amazonaws.com\/pdf\/CEU_Informe_Industrial_N%C2%BA05_-_2024.pdf?X-Amz-Algorithm=AWS4-HMAC-SHA256&amp;X-Amz-Credential=AKIAJXL23AJMKLGIZFNA%2F20240618%2Fus-east-1%2Fs3%2Faws4_request&amp;X-Amz-Date=20240618T190027Z&amp;X-Amz-Expires=3600&amp;X-Amz-SignedHeaders=host&amp;X-Amz-Signature=f42e26c23d01f80943f017534161bd81aec252206b2874b93ae06ce01711aa30\">informe del Centro de Estudios de la Uni\u00f3n Industrial Argentina (UIA).<\/a>\n<\/p>\n<div class=\"AV6543bedcd858799fe90b5c47\">\n<div id=\"aniBox\">\n<div id=\"aniplayer_AV6543bedcd858799fe90b5c47-1718737862716\" readability=\"9\">\n<div id=\"aniplayer_AV6543bedcd858799fe90b5c47-1718737862716gui\" readability=\"13\">\n<p>En cuanto al empleo asalariado, aceler\u00f3 la ca\u00edda y <b>se perdieron m\u00e1s de 15.357 puestos de trabajo<\/b>&nbsp;desde agosto del 2023. En rigor, el sector industrial enfrenta dificultades por la<b>&nbsp;baja demanda<\/b>, as\u00ed como&nbsp;<b>aumentos de costos<\/b>, que impactan en los datos de empleo.<\/p>\n<\/div>\n<\/div>\n<\/div>\n<\/div>\n<p class=\"paragraph\">\u201cSer\u00e1 importante que, en la medida que haya una recuperaci\u00f3n del mercado interno, la misma no sea canalizada \u00fanicamente en mayores&nbsp;<b>importaciones<\/b>, sino que traccione una recuperaci\u00f3n de la<b>&nbsp;producci\u00f3n local y el empleo<\/b>\u201d, advirti\u00f3 la UIA.\n<\/p>\n<figure class data-testid=\"figure-testid\">\n<div class=\"aspect_ratio__container\"><picture class=\"responsive-image\"><source srcset=\"https:\/\/tn.com.ar\/resizer\/v2\/la-actividad-industrial-cayo-142-en-abril-captura-uia-G4CEHB7TWBG6LFBX44TV524KDI.PNG?auth=a8dbed4292e14cfaf62e2c7246ddf5e92308bd2e9da3cc8922fd704c993383a5&amp;width=767\" type=\"image\/jpg\" media=\"(max-width: 728px)\"><source srcset=\"https:\/\/tn.com.ar\/resizer\/v2\/la-actividad-industrial-cayo-142-en-abril-captura-uia-G4CEHB7TWBG6LFBX44TV524KDI.PNG?auth=a8dbed4292e14cfaf62e2c7246ddf5e92308bd2e9da3cc8922fd704c993383a5&amp;width=1023\" type=\"image\/jpg\" media=\"(max-width: 1023px)\"><source srcset=\"https:\/\/tn.com.ar\/resizer\/v2\/la-actividad-industrial-cayo-142-en-abril-captura-uia-G4CEHB7TWBG6LFBX44TV524KDI.PNG?auth=a8dbed4292e14cfaf62e2c7246ddf5e92308bd2e9da3cc8922fd704c993383a5&amp;width=1440\" type=\"image\/jpg\"><img decoding=\"async\" class=\"image content-image image_placeholder alignnone\" src=\"https:\/\/tn.com.ar\/resizer\/v2\/la-actividad-industrial-cayo-142-en-abril-captura-uia-G4CEHB7TWBG6LFBX44TV524KDI.PNG?auth=a8dbed4292e14cfaf62e2c7246ddf5e92308bd2e9da3cc8922fd704c993383a5&amp;width=767\" alt width=\"767\" height=\"884\" data-testid=\"loading-testid\" loading=\"lazy\"><\/picture><\/div><figcaption class=\"caption_image\" data-testid=\"figcaption-testid\"> <\/figcaption><\/figure>\n<p class=\"paragraph\">Desde la entidad que preside&nbsp;<b>Daniel Funes de Rioja<\/b>&nbsp;pronosticaron tambi\u00e9n que los datos preliminares de<b>&nbsp;mayo&nbsp;<\/b>podr\u00edan mostrar<b>&nbsp;\u201cuna leve ca\u00edda\u201d&nbsp;<\/b>y<b>&nbsp;<\/b>anticiparon que&nbsp;<b>continuar\u00e1 la baja interanual<\/b>.\n<\/p>\n<p class=\"paragraph\">Otras cifras que midi\u00f3 el informe fabril determinaron que el<b>&nbsp;<\/b>53% de las empresas tuvo&nbsp;<b>ca\u00eddas de la producci\u00f3n<\/b>, el 60% en las&nbsp;<b>ventas<\/b>, el 37% en las<b>&nbsp;exportaciones<\/b>&nbsp;y el 24% ca\u00eddas en el&nbsp;<b>empleo<\/b>. Esto muestra un peor escenario en comparaci\u00f3n al mismo mes del a\u00f1o pasado.<\/p>\n<p class=\"paragraph\">Por otro lado,&nbsp;<b>aumentaron las empresas con dificultades para hacer frente a sus pagos<\/b>: \u201cEl 12% de las empresas encuestadas present\u00f3 problemas para afrontar integralmente todas sus obligaciones (salarios, proveedores, compromisos financieros, tarifas de servicios p\u00fablicos e impuestos), el valor m\u00e1s alto de la serie\u201d, indicaron.\n<\/p>\n<p class=\"paragraph\">\u201cLos mayores&nbsp;<b>atrasos fueron en el rubro impuestos<\/b>. Finalmente, las empresas consideraron que<b>&nbsp;su situaci\u00f3n econ\u00f3mica est\u00e1 peor que hace un a\u00f1o<\/b>. No obstante, se volvi\u00f3 a prever una mejora en las expectativas para el 2025: el 62,1% de las empresas espera que la situaci\u00f3n econ\u00f3mica de su compa\u00f1\u00eda mejore, mientras el 68,3% espera que se ordene la situaci\u00f3n del pa\u00eds\u201d, apunt\u00f3 la Uni\u00f3n Industrial.\n<\/p>\n<p class=\"font--primary\"><strong>Cu\u00e1les fueron los sectores que registraron mayores ca\u00eddas en la producci\u00f3n, seg\u00fan la UIA<\/strong>\n<\/p>\n<p class=\"paragraph\">El informe detalla que, en t\u00e9rminos interanuales, predomin\u00f3 la&nbsp;<b>baja en todos<\/b>&nbsp;<b>rubros<\/b>&nbsp;que componen el \u00edndice. Los mayores descensos se dieron en&nbsp;<b>Minerales no met\u00e1licos&nbsp;<\/b>(-34,1%), y en el sector<b>&nbsp;Automotor<\/b>&nbsp;(-21%), impulsados por un menor nivel de ventas al mercado interno y a las exportaciones.\n<\/p>\n<p class=\"paragraph\">A su vez, cay\u00f3&nbsp;<b>Metalmec\u00e1nica<\/b>&nbsp;(-19,5%), acumulando once meses de baja consecutiva. Le sigue&nbsp;<b>Metales b\u00e1sicos&nbsp;<\/b>(-16,7%), afectado por la producci\u00f3n de acero, mientras que la fabricaci\u00f3n de aluminio creci\u00f3 un 5% respecto a abril del a\u00f1o pasado. En el caso del segmento de&nbsp;<b>Sustancias y productos qu\u00edmicos&nbsp;<\/b>volvi\u00f3 a caer de forma interanual (-12,2%) por un menor desempe\u00f1o en la producci\u00f3n de pinturas, productos de limpieza e higiene y medicamentos.\n<\/p>\n<p class=\"paragraph\">En el segmento CIQyP se destaca la ca\u00edda de&nbsp;<b>Petroqu\u00edmicos intermedios<\/b>&nbsp;(-33%) y&nbsp;<b>Materias primas pl\u00e1sticas y caucho sint\u00e9tico&nbsp;<\/b>(-14%.). En menor medida, cay\u00f3&nbsp;<b>Refinaci\u00f3n de petr\u00f3leo<\/b>&nbsp;(-4,5%) por cuarto mes consecutivo y la producci\u00f3n de&nbsp;<b>Alimentos y bebidas&nbsp;<\/b>(-4,2%).\n<\/p>\n<p class=\"paragraph\">Por su parte, la producci\u00f3n de<b>&nbsp;Papel y cart\u00f3n<\/b>&nbsp;tambi\u00e9n mostr\u00f3 una baja interanual de 3,8%, con tendencias mixtas al interior: mayores bajas en la producci\u00f3n papel para diarios y papel de impresi\u00f3n y relativa estabilidad en papel&nbsp;<i>tissue<\/i>&nbsp;y suba en papel para embalaje.\n<\/p>\n<div class=\"g g-38\">\n<div class=\"g-dyn a-12 c-1\"><a class=\"gofollow\" data-track=\"MTIsMzgsMSw2MA==\" href=\"https:\/\/form.jotform.com\/240784464263663\" target=\"_blank\" rel=\"noopener\"><img src=\"http:\/\/cordobadirecto.com\/wp-content\/uploads\/2024\/06\/industria-como-es-la-fotografia-que-dejo-el-primer-cuatrimestre-1.jpg\" loading=\"lazy\"><\/a><\/div>\n<\/div>\n","protected":false},"excerpt":{"rendered":"<p>&nbsp; En abril, la&nbsp;actividad industrial&nbsp;registr\u00f3 una&nbsp;ca\u00edda interanual de 14,2%&nbsp;y un&nbsp;repunte mensual de 4,5%, despu\u00e9s del bajo desempe\u00f1o de marzo. As\u00ed, se trat\u00f3 del&nbsp;onceavo mes de ca\u00edda interanual consecutiva&nbsp;y el primer cuatrimestre de 2024 acumul\u00f3 una baja de 12,4% interanual, seg\u00fan un informe del Centro de Estudios de la Uni\u00f3n Industrial Argentina (UIA). En cuanto al [&hellip;]<\/p>\n","protected":false},"author":1,"featured_media":151466,"comment_status":"closed","ping_status":"closed","sticky":false,"template":"","format":"standard","meta":[],"categories":[25],"tags":[],"_links":{"self":[{"href":"http:\/\/cordobadirecto.com\/index.php\/wp-json\/wp\/v2\/posts\/151465"}],"collection":[{"href":"http:\/\/cordobadirecto.com\/index.php\/wp-json\/wp\/v2\/posts"}],"about":[{"href":"http:\/\/cordobadirecto.com\/index.php\/wp-json\/wp\/v2\/types\/post"}],"author":[{"embeddable":true,"href":"http:\/\/cordobadirecto.com\/index.php\/wp-json\/wp\/v2\/users\/1"}],"replies":[{"embeddable":true,"href":"http:\/\/cordobadirecto.com\/index.php\/wp-json\/wp\/v2\/comments?post=151465"}],"version-history":[{"count":0,"href":"http:\/\/cordobadirecto.com\/index.php\/wp-json\/wp\/v2\/posts\/151465\/revisions"}],"wp:featuredmedia":[{"embeddable":true,"href":"http:\/\/cordobadirecto.com\/index.php\/wp-json\/wp\/v2\/media\/151466"}],"wp:attachment":[{"href":"http:\/\/cordobadirecto.com\/index.php\/wp-json\/wp\/v2\/media?parent=151465"}],"wp:term":[{"taxonomy":"category","embeddable":true,"href":"http:\/\/cordobadirecto.com\/index.php\/wp-json\/wp\/v2\/categories?post=151465"},{"taxonomy":"post_tag","embeddable":true,"href":"http:\/\/cordobadirecto.com\/index.php\/wp-json\/wp\/v2\/tags?post=151465"}],"curies":[{"name":"wp","href":"https:\/\/api.w.org\/{rel}","templated":true}]}}