{"id":151515,"date":"2024-06-19T17:41:40","date_gmt":"2024-06-19T17:41:40","guid":{"rendered":"https:\/\/cordoba.gob.ar\/?p=58831"},"modified":"2024-06-19T17:41:40","modified_gmt":"2024-06-19T17:41:40","slug":"el-teatro-comedia-sera-sede-del-festival-de-teatro-adolescente-vamos-que-venimos","status":"publish","type":"post","link":"http:\/\/cordobadirecto.com\/index.php\/2024\/06\/19\/el-teatro-comedia-sera-sede-del-festival-de-teatro-adolescente-vamos-que-venimos\/","title":{"rendered":"El Teatro Comedia ser\u00e1 sede del Festival de Teatro Adolescente \u201cVamos que venimos\u201d"},"content":{"rendered":"<div><img src=\"http:\/\/cordobadirecto.com\/wp-content\/uploads\/2024\/06\/el-teatro-comedia-sera-sede-del-festival-de-teatro-adolescente-vamos-que-venimos.jpg\" class=\"ff-og-image-inserted\"><\/div>\n<ul>\n<li><strong>Este jueves, viernes y s\u00e1bado se vivir\u00e1 una nueva edici\u00f3n del proyecto internacional que busca difundir las artes esc\u00e9nicas generadas por escuelas y grupos de j\u00f3venes.<\/strong><\/li>\n<li><strong>Las entradas ser\u00e1n gratuitas hasta agotar capacidad de sala y se podr\u00e1n retirar una hora antes por la boleter\u00eda del teatro.<\/strong><\/li>\n<\/ul>\n<hr>\n<p>La Secretar\u00eda de Comunicaci\u00f3n y Cultura invita a ser parte de un festival en el que los protagonistas ser\u00e1n los grupos teatrales juveniles de nuestra ciudad.<\/p>\n<p>\u201cVamos que venimos\u201d es una iniciativa que comenz\u00f3 en la Ciudad Aut\u00f3noma de Buenos Aires en 2009 y se fue extendiendo hasta convertirse en un encuentro mundial. Se desarrolla en distintas provincias del pa\u00eds con una misma b\u00fasqueda: fomentar, enriquecer, apoyar y difundir el teatro adolescente en todo el mundo.<\/p>\n<p>En nuestra ciudad, el evento se realizar\u00e1 en el Teatro Comedia (Rivadavia 255) los d\u00edas jueves 20, viernes 21 y s\u00e1bado 22 de junio. Todas las actividades ser\u00e1n gratuitas hasta agotar capacidad de sala y las entradas se retiran una hora antes de cada funci\u00f3n por boleter\u00eda.<\/p>\n<p>La programaci\u00f3n invita a vivir tres d\u00edas a puro teatro, en el que distintos talleres y grupos esc\u00e9nicos compartir\u00e1n sus obras. Para ver los horarios y funciones ingresar en el siguiente <a href=\"https:\/\/docs.google.com\/document\/d\/1CaIQvAW8JenZ3LMLCjdCtr57cC8pS3wsR2SlT3PDLdM\/edit?usp=sharing\">link<\/a>.<\/p>\n","protected":false},"excerpt":{"rendered":"<p>Este jueves, viernes y s\u00e1bado se vivir\u00e1 una nueva edici\u00f3n del proyecto internacional que busca difundir las artes esc\u00e9nicas generadas por escuelas y grupos de j\u00f3venes. Las entradas ser\u00e1n gratuitas hasta agotar capacidad de sala y se podr\u00e1n retirar una hora antes por la boleter\u00eda del teatro. La Secretar\u00eda de Comunicaci\u00f3n y Cultura invita a [&hellip;]<\/p>\n","protected":false},"author":1,"featured_media":151516,"comment_status":"closed","ping_status":"closed","sticky":false,"template":"","format":"standard","meta":[],"categories":[44],"tags":[],"_links":{"self":[{"href":"http:\/\/cordobadirecto.com\/index.php\/wp-json\/wp\/v2\/posts\/151515"}],"collection":[{"href":"http:\/\/cordobadirecto.com\/index.php\/wp-json\/wp\/v2\/posts"}],"about":[{"href":"http:\/\/cordobadirecto.com\/index.php\/wp-json\/wp\/v2\/types\/post"}],"author":[{"embeddable":true,"href":"http:\/\/cordobadirecto.com\/index.php\/wp-json\/wp\/v2\/users\/1"}],"replies":[{"embeddable":true,"href":"http:\/\/cordobadirecto.com\/index.php\/wp-json\/wp\/v2\/comments?post=151515"}],"version-history":[{"count":0,"href":"http:\/\/cordobadirecto.com\/index.php\/wp-json\/wp\/v2\/posts\/151515\/revisions"}],"wp:featuredmedia":[{"embeddable":true,"href":"http:\/\/cordobadirecto.com\/index.php\/wp-json\/wp\/v2\/media\/151516"}],"wp:attachment":[{"href":"http:\/\/cordobadirecto.com\/index.php\/wp-json\/wp\/v2\/media?parent=151515"}],"wp:term":[{"taxonomy":"category","embeddable":true,"href":"http:\/\/cordobadirecto.com\/index.php\/wp-json\/wp\/v2\/categories?post=151515"},{"taxonomy":"post_tag","embeddable":true,"href":"http:\/\/cordobadirecto.com\/index.php\/wp-json\/wp\/v2\/tags?post=151515"}],"curies":[{"name":"wp","href":"https:\/\/api.w.org\/{rel}","templated":true}]}}