{"id":151554,"date":"2024-06-19T22:12:00","date_gmt":"2024-06-19T22:12:00","guid":{"rendered":"https:\/\/cordoba.gob.ar\/?p=58868"},"modified":"2024-06-19T22:12:00","modified_gmt":"2024-06-19T22:12:00","slug":"los-mercados-y-las-ferias-francas-atenderan-este-jueves-y-viernes","status":"publish","type":"post","link":"http:\/\/cordobadirecto.com\/index.php\/2024\/06\/19\/los-mercados-y-las-ferias-francas-atenderan-este-jueves-y-viernes\/","title":{"rendered":"Los mercados y las Ferias Francas atender\u00e1n este jueves y viernes"},"content":{"rendered":"<div><img src=\"http:\/\/cordobadirecto.com\/wp-content\/uploads\/2024\/06\/los-mercados-y-las-ferias-francas-atenderan-este-jueves-y-viernes.jpg\" class=\"ff-og-image-inserted\"><\/div>\n<p data-pm-slice=\"1 3 []\">Los mercados de la ciudad abrir\u00e1n sus puertas durante este feriado XXL.<\/p>\n<p>Estos sitios ofrecen a los vecinos, vecinas y turistas, productos saludables y frescos: frutas, verduras, puestos de panificaci\u00f3n, cereales, alimentos sin TACC, carnes, pescados, entre otros.<\/p>\n<p>El cronograma para jueves y viernes es el siguiente:<\/p>\n<ul class=\"ak-ul\">\n<li>Mercado de Abasto (Av. de la Semilleria s\/n): Jueves y viernes, de 14:00 a 19:00 horas.<\/li>\n<li>Mercado Norte (Oncativo 50): Jueves de 07:00 a 13:00 horas y viernes de 07:00 a 17:30 horas.<\/li>\n<li>Mercado Sur (Bv Pte. Umberto Arturo Illia 155): Jueves de 07:00 a 13:00 horas y viernes de 07:00 a 17:30 horas.<\/li>\n<\/ul>\n<p>En tanto que las ferias francas atender\u00e1, de 08:00 a 14:00 horas en los siguientes barrios:<\/p>\n<ul class=\"ak-ul\">\n<li>Jueves:<br \/>B\u00b0 Los Naranjos \u2013 Manuel G\u00f3mez Carrillo (2550-2650) entre Padre Lozano y Echeverr\u00eda<br \/>B\u00b0 Nueva C\u00f3rdoba-Rondeau (600-700) entre Balcarce y Tr\u00e1nsito C\u00e1ceres de Allende<br \/>B\u00b0 Crisol \u2013 Extremadura y Castilla (Plazoleta Independencia)<br \/>B\u00b0 Altamira \u2013 R\u00edo Paran\u00e1(1100-1200) entre EE.UU. y L\u00f3pez y Planes<br \/>B\u00b0 Providencia -Dumesnil (1500-1600) entre Chaco y Chubut<br \/>Alto Verde \u2013 Curapaligue (3300-3400) entre Javier L\u00f3pez y Bv. Los Granaderos<br \/>B\u00b0 Marquez de Sobremonte -Melchor Ram\u00edrez (550-600) entre Juan Barrag\u00e1n y Nuflo de Aguilar.<\/li>\n<li>Viernes:<br \/>B\u00b0 Alto Alberdi \u2013 Caseros (3100-3300) entre Concejal Pe\u00f1aloza y Maestro Vidal.<br \/>B\u00b0 Alberdi- Humberto1\u00b0(2300- 2400)entre Cnel Pedro Zanni y Dr. Pedro Chutro<br \/>B\u00b0 ATE \u2013 Peteroa (1920) y Av. Fuerza A\u00e9rea<br \/>B\u00b0 Los Boulevares \u2013 Los Alemanes y Jorge Delpech<br \/>B\u00b0 Jard\u00edn- Cosqu\u00edn (1000-1050) Plaza del Ni\u00f1o<\/li>\n<\/ul>\n","protected":false},"excerpt":{"rendered":"<p>Los mercados de la ciudad abrir\u00e1n sus puertas durante este feriado XXL. Estos sitios ofrecen a los vecinos, vecinas y turistas, productos saludables y frescos: frutas, verduras, puestos de panificaci\u00f3n, cereales, alimentos sin TACC, carnes, pescados, entre otros. El cronograma para jueves y viernes es el siguiente: Mercado de Abasto (Av. de la Semilleria s\/n): [&hellip;]<\/p>\n","protected":false},"author":1,"featured_media":151555,"comment_status":"closed","ping_status":"closed","sticky":false,"template":"","format":"standard","meta":[],"categories":[44],"tags":[],"_links":{"self":[{"href":"http:\/\/cordobadirecto.com\/index.php\/wp-json\/wp\/v2\/posts\/151554"}],"collection":[{"href":"http:\/\/cordobadirecto.com\/index.php\/wp-json\/wp\/v2\/posts"}],"about":[{"href":"http:\/\/cordobadirecto.com\/index.php\/wp-json\/wp\/v2\/types\/post"}],"author":[{"embeddable":true,"href":"http:\/\/cordobadirecto.com\/index.php\/wp-json\/wp\/v2\/users\/1"}],"replies":[{"embeddable":true,"href":"http:\/\/cordobadirecto.com\/index.php\/wp-json\/wp\/v2\/comments?post=151554"}],"version-history":[{"count":0,"href":"http:\/\/cordobadirecto.com\/index.php\/wp-json\/wp\/v2\/posts\/151554\/revisions"}],"wp:featuredmedia":[{"embeddable":true,"href":"http:\/\/cordobadirecto.com\/index.php\/wp-json\/wp\/v2\/media\/151555"}],"wp:attachment":[{"href":"http:\/\/cordobadirecto.com\/index.php\/wp-json\/wp\/v2\/media?parent=151554"}],"wp:term":[{"taxonomy":"category","embeddable":true,"href":"http:\/\/cordobadirecto.com\/index.php\/wp-json\/wp\/v2\/categories?post=151554"},{"taxonomy":"post_tag","embeddable":true,"href":"http:\/\/cordobadirecto.com\/index.php\/wp-json\/wp\/v2\/tags?post=151554"}],"curies":[{"name":"wp","href":"https:\/\/api.w.org\/{rel}","templated":true}]}}