{"id":151557,"date":"2024-06-19T14:58:16","date_gmt":"2024-06-19T14:58:16","guid":{"rendered":"https:\/\/cordoba.gob.ar\/?p=58826"},"modified":"2024-06-19T14:58:16","modified_gmt":"2024-06-19T14:58:16","slug":"vuelve-cordoba-sonrie-el-ciclo-que-brinda-herramientas-para-entender-las-emociones","status":"publish","type":"post","link":"http:\/\/cordobadirecto.com\/index.php\/2024\/06\/19\/vuelve-cordoba-sonrie-el-ciclo-que-brinda-herramientas-para-entender-las-emociones\/","title":{"rendered":"Vuelve C\u00f3rdoba Sonr\u00ede, el ciclo que brinda herramientas para entender las emociones"},"content":{"rendered":"<div><img src=\"http:\/\/cordobadirecto.com\/wp-content\/uploads\/2024\/06\/vuelve-cordoba-sonrie-el-ciclo-que-brinda-herramientas-para-entender-las-emociones.jpg\" class=\"ff-og-image-inserted\"><\/div>\n<ul>\n<li><strong>La primera charla sobre \u201cLa Importancia de la Educaci\u00f3n Emocional\u201d ser\u00e1 hoy en el CPC Pueyrred\u00f3n.<\/strong><\/li>\n<li><strong>Los encuentros, que se realizan en distintos lugares de la ciudad, sirven para indagar porqu\u00e9 sentimos lo que sentimos.<\/strong><\/li>\n<\/ul>\n<hr>\n<p>El Programa de Educaci\u00f3n Emocional \u00abC\u00f3rdoba Sonr\u00ede\u00bb promueve la importancia y la educaci\u00f3n sobre inteligencia y salud emocional.<\/p>\n<p>El segundo ciclo inicia este mi\u00e9rcoles a las 18:00 horas, en el CPC Pueyrred\u00f3n.<\/p>\n<p>La charla versar\u00e1 sobre \u201cLa Importancia de la Educaci\u00f3n Emocional\u201d y continuar\u00e1 en diferentes espacios con el siguiente cronograma:<\/p>\n<ul>\n<li>2\u00aa Charla: Manejo del Miedo y la Ansiedad<\/li>\n<li>3\u00aa Charla: Manejo de la Ira<\/li>\n<li>4\u00aa Charla: Manejo de la Tristeza<\/li>\n<\/ul>\n<p>A trav\u00e9s de actividades estructuradas y con una metodolog\u00eda clara, en los encuentros se entrena a los ciudadanos en el reconocimiento de las propias emociones y las de las dem\u00e1s personas.<\/p>\n<p>Adem\u00e1s, se brindan t\u00e9cnicas y herramientas para manejarlas a cargo del m\u00e9dico y psicoterapeuta Sebasti\u00e1n Palermo.<\/p>\n<p>El programa, que es gratuito y abierto para todo p\u00fablico, surge de la necesidad que se transmiten desde algunos espacios como centros educativos, organizaciones vecinales, entre otros; de llevar a cabo una intervenci\u00f3n de prevenci\u00f3n y promoci\u00f3n de la salud emocional.<\/p>\n<p>Ante esta demanda de la comunidad, desde la Direcci\u00f3n del Consejo Social de la Municipalidad de C\u00f3rdoba en conjunto con la Asociaci\u00f3n Civil Nueva Mente, se crea el programa para mejorar y analizar las emociones sociales.<\/p>\n<p>Los encuentros que brindan herramientas psicoeducativas para aprender a administrar las emociones de manera funcional y eficaz, comprende la amplia trayectoria y trabajo que realiza el Dr. Palermo desde la organizaci\u00f3n que integra para la ayuda de las emociones y el acompa\u00f1amiento en los conflictos por el consumo de sustancias, en este caso se centra en:<\/p>\n<ul>\n<li>Aprender a gestionar el miedo, la ira y la tristeza de manera saludable.<\/li>\n<li>Conocer las herramientas pr\u00e1cticas para mejorar tu bienestar emocional.<\/li>\n<li>Conectarse con expertos en el campo de la educaci\u00f3n emocional.<\/li>\n<\/ul>\n<p>Estos programas significan una oportunidad de transformar la vida emocional y construir un futuro m\u00e1s brillante para toda la comunidad.<\/p>\n<p>Para quienes deseen m\u00e1s informaci\u00f3n pueden contactarse v\u00eda whatsapp con Wilson Genesio al n\u00famero 3513830000.<\/p>\n","protected":false},"excerpt":{"rendered":"<p>La primera charla sobre \u201cLa Importancia de la Educaci\u00f3n Emocional\u201d ser\u00e1 hoy en el CPC Pueyrred\u00f3n. Los encuentros, que se realizan en distintos lugares de la ciudad, sirven para indagar porqu\u00e9 sentimos lo que sentimos. El Programa de Educaci\u00f3n Emocional \u00abC\u00f3rdoba Sonr\u00ede\u00bb promueve la importancia y la educaci\u00f3n sobre inteligencia y salud emocional. El segundo [&hellip;]<\/p>\n","protected":false},"author":1,"featured_media":151558,"comment_status":"closed","ping_status":"closed","sticky":false,"template":"","format":"standard","meta":[],"categories":[44],"tags":[],"_links":{"self":[{"href":"http:\/\/cordobadirecto.com\/index.php\/wp-json\/wp\/v2\/posts\/151557"}],"collection":[{"href":"http:\/\/cordobadirecto.com\/index.php\/wp-json\/wp\/v2\/posts"}],"about":[{"href":"http:\/\/cordobadirecto.com\/index.php\/wp-json\/wp\/v2\/types\/post"}],"author":[{"embeddable":true,"href":"http:\/\/cordobadirecto.com\/index.php\/wp-json\/wp\/v2\/users\/1"}],"replies":[{"embeddable":true,"href":"http:\/\/cordobadirecto.com\/index.php\/wp-json\/wp\/v2\/comments?post=151557"}],"version-history":[{"count":0,"href":"http:\/\/cordobadirecto.com\/index.php\/wp-json\/wp\/v2\/posts\/151557\/revisions"}],"wp:featuredmedia":[{"embeddable":true,"href":"http:\/\/cordobadirecto.com\/index.php\/wp-json\/wp\/v2\/media\/151558"}],"wp:attachment":[{"href":"http:\/\/cordobadirecto.com\/index.php\/wp-json\/wp\/v2\/media?parent=151557"}],"wp:term":[{"taxonomy":"category","embeddable":true,"href":"http:\/\/cordobadirecto.com\/index.php\/wp-json\/wp\/v2\/categories?post=151557"},{"taxonomy":"post_tag","embeddable":true,"href":"http:\/\/cordobadirecto.com\/index.php\/wp-json\/wp\/v2\/tags?post=151557"}],"curies":[{"name":"wp","href":"https:\/\/api.w.org\/{rel}","templated":true}]}}