{"id":151561,"date":"2024-06-20T15:30:07","date_gmt":"2024-06-20T15:30:07","guid":{"rendered":"http:\/\/cordobadirecto.com\/index.php\/2024\/06\/20\/ante-la-baja-del-consumo-de-lacteos-la-produccion-lechera-retrocedio-145-en-el-primer\/"},"modified":"2024-06-20T15:30:07","modified_gmt":"2024-06-20T15:30:07","slug":"ante-la-baja-del-consumo-de-lacteos-la-produccion-lechera-retrocedio-145-en-el-primer","status":"publish","type":"post","link":"http:\/\/cordobadirecto.com\/index.php\/2024\/06\/20\/ante-la-baja-del-consumo-de-lacteos-la-produccion-lechera-retrocedio-145-en-el-primer\/","title":{"rendered":"Ante la baja del consumo de l\u00e1cteos, la producci\u00f3n lechera retrocedi\u00f3 14,5% en el primer &#8230;"},"content":{"rendered":"<p>La <b>NUEVA<\/b> Ma\u00f1ana, <b>C\u00f3rdoba<\/b>, Rep\u00fablica Argentina. Ingresar &middot; <b>C\u00f3rdoba<\/b> &middot; Pa\u00eds &#8230; <b>econ\u00f3mica<\/b> cay\u00f3 4,3% en enero. Redacci\u00f3n La <b>NUEVA<\/b> Ma\u00f1ana. <b>Econom\u00eda<\/b> 26\/03\/&nbsp;&#8230; <\/p>\n","protected":false},"excerpt":{"rendered":"<p>La NUEVA Ma\u00f1ana, C\u00f3rdoba, Rep\u00fablica Argentina. Ingresar &middot; C\u00f3rdoba &middot; Pa\u00eds &#8230; econ\u00f3mica cay\u00f3 4,3% en enero. Redacci\u00f3n La NUEVA Ma\u00f1ana. Econom\u00eda 26\/03\/&nbsp;&#8230;<\/p>\n","protected":false},"author":1,"featured_media":0,"comment_status":"closed","ping_status":"closed","sticky":false,"template":"","format":"standard","meta":[],"categories":[40],"tags":[],"_links":{"self":[{"href":"http:\/\/cordobadirecto.com\/index.php\/wp-json\/wp\/v2\/posts\/151561"}],"collection":[{"href":"http:\/\/cordobadirecto.com\/index.php\/wp-json\/wp\/v2\/posts"}],"about":[{"href":"http:\/\/cordobadirecto.com\/index.php\/wp-json\/wp\/v2\/types\/post"}],"author":[{"embeddable":true,"href":"http:\/\/cordobadirecto.com\/index.php\/wp-json\/wp\/v2\/users\/1"}],"replies":[{"embeddable":true,"href":"http:\/\/cordobadirecto.com\/index.php\/wp-json\/wp\/v2\/comments?post=151561"}],"version-history":[{"count":0,"href":"http:\/\/cordobadirecto.com\/index.php\/wp-json\/wp\/v2\/posts\/151561\/revisions"}],"wp:attachment":[{"href":"http:\/\/cordobadirecto.com\/index.php\/wp-json\/wp\/v2\/media?parent=151561"}],"wp:term":[{"taxonomy":"category","embeddable":true,"href":"http:\/\/cordobadirecto.com\/index.php\/wp-json\/wp\/v2\/categories?post=151561"},{"taxonomy":"post_tag","embeddable":true,"href":"http:\/\/cordobadirecto.com\/index.php\/wp-json\/wp\/v2\/tags?post=151561"}],"curies":[{"name":"wp","href":"https:\/\/api.w.org\/{rel}","templated":true}]}}