{"id":151566,"date":"2024-06-20T21:03:50","date_gmt":"2024-06-20T21:03:50","guid":{"rendered":"https:\/\/cordoba.gob.ar\/?p=58917"},"modified":"2024-06-20T21:03:50","modified_gmt":"2024-06-20T21:03:50","slug":"la-guardia-urbana-detuvo-a-dos-asaltantes-en-avenida-malvinas","status":"publish","type":"post","link":"http:\/\/cordobadirecto.com\/index.php\/2024\/06\/20\/la-guardia-urbana-detuvo-a-dos-asaltantes-en-avenida-malvinas\/","title":{"rendered":"La Guardia Urbana detuvo a dos asaltantes en avenida Malvinas"},"content":{"rendered":"<div><img src=\"http:\/\/cordobadirecto.com\/wp-content\/uploads\/2024\/06\/la-guardia-urbana-detuvo-a-dos-asaltantes-en-avenida-malvinas.jpg\" class=\"ff-og-image-inserted\"><\/div>\n<ul>\n<li><strong>Se recuperaron los tel\u00e9fonos celulares robados y se secuestr\u00f3 la motocicleta involucrada.<\/strong><\/li>\n<\/ul>\n<hr>\n<p>A las 05:20 de la madrugada de este lunes, personal de la Guardia Urbana Municipal (GUM) detuvo a dos personas que robaron tel\u00e9fonos celulares a peatones en avenida Malvinas Argentinas, a la altura del Polideportivo.<\/p>\n<p>Durante los recorridos de patrullaje preventivo que ejecutan de manera rutinaria, agentes de la GUM presenciaron el asalto e iniciaron la persecuci\u00f3n.<\/p>\n<p>Ambos perpetradores se dieron a la fuga por Malvinas y luego por Bv. Bulnes. Lograron ser aprehendidos por la Guardia Urbana junto a personal policial, adem\u00e1s de otros efectivos que acudieron como refuerzo.<\/p>\n<p>Se secuestraron los tel\u00e9fonos celulares robados y la motocicleta involucrada, mientras que&nbsp;los asaltantes fueron trasladados a la comisar\u00eda sexta.<\/p>\n<p>M\u00e1s acciones de la Guardia Urbana<\/p>\n<p>El domingo captur\u00f3 a un hombre que hab\u00eda robado y golpeado a dos vecinos en avenida Bulnes, quienes fueron atendidos en el Hospital de Pronta Atenci\u00f3n Comipaz.<\/p>\n<p>Durante un recorrido de rutina, un m\u00f3vil de la Guardia que ten\u00eda la descripci\u00f3n f\u00edsica del asaltante lo intercepta e inicia su persecuci\u00f3n. Finalmente se secuestr\u00f3 el veh\u00edculo y el sujeto fue aprehendido.<\/p>\n<p>Por otra parte, tambi\u00e9n se detuvo a una persona que agred\u00eda a quienes no le daban dinero en avenida Sabattini y Samay Huasi. La acci\u00f3n surgi\u00f3 del pedido de un vecino que avis\u00f3 al m\u00f3vil de la GUM mientras recorr\u00eda la zona.<\/p>\n<p>En otras intervenciones, la GUM realiz\u00f3 operativos especiales en distintos eventos masivos como la Cuarta Cumbre Mundial de Econom\u00eda Circular, Juli Bellese, Hern\u00e1n Cattaneo, Lorena Perello, Feria G\u00fcemes y el partido entre Talleres y Platense.<\/p>\n","protected":false},"excerpt":{"rendered":"<p>Se recuperaron los tel\u00e9fonos celulares robados y se secuestr\u00f3 la motocicleta involucrada. A las 05:20 de la madrugada de este lunes, personal de la Guardia Urbana Municipal (GUM) detuvo a dos personas que robaron tel\u00e9fonos celulares a peatones en avenida Malvinas Argentinas, a la altura del Polideportivo. Durante los recorridos de patrullaje preventivo que ejecutan [&hellip;]<\/p>\n","protected":false},"author":1,"featured_media":151567,"comment_status":"closed","ping_status":"closed","sticky":false,"template":"","format":"standard","meta":[],"categories":[44],"tags":[],"_links":{"self":[{"href":"http:\/\/cordobadirecto.com\/index.php\/wp-json\/wp\/v2\/posts\/151566"}],"collection":[{"href":"http:\/\/cordobadirecto.com\/index.php\/wp-json\/wp\/v2\/posts"}],"about":[{"href":"http:\/\/cordobadirecto.com\/index.php\/wp-json\/wp\/v2\/types\/post"}],"author":[{"embeddable":true,"href":"http:\/\/cordobadirecto.com\/index.php\/wp-json\/wp\/v2\/users\/1"}],"replies":[{"embeddable":true,"href":"http:\/\/cordobadirecto.com\/index.php\/wp-json\/wp\/v2\/comments?post=151566"}],"version-history":[{"count":0,"href":"http:\/\/cordobadirecto.com\/index.php\/wp-json\/wp\/v2\/posts\/151566\/revisions"}],"wp:featuredmedia":[{"embeddable":true,"href":"http:\/\/cordobadirecto.com\/index.php\/wp-json\/wp\/v2\/media\/151567"}],"wp:attachment":[{"href":"http:\/\/cordobadirecto.com\/index.php\/wp-json\/wp\/v2\/media?parent=151566"}],"wp:term":[{"taxonomy":"category","embeddable":true,"href":"http:\/\/cordobadirecto.com\/index.php\/wp-json\/wp\/v2\/categories?post=151566"},{"taxonomy":"post_tag","embeddable":true,"href":"http:\/\/cordobadirecto.com\/index.php\/wp-json\/wp\/v2\/tags?post=151566"}],"curies":[{"name":"wp","href":"https:\/\/api.w.org\/{rel}","templated":true}]}}