{"id":151585,"date":"2024-06-20T18:49:03","date_gmt":"2024-06-20T18:49:03","guid":{"rendered":"https:\/\/www.ole.com.ar\/autos\/franco-colapinto-sexta-fecha-formula-2barcelona-horarios-ver_0_LOxtUwNNue.html"},"modified":"2024-06-20T18:49:03","modified_gmt":"2024-06-20T18:49:03","slug":"colapinto-corre-en-barcelona-horarios-y-como-ver-la-sexta-fecha-de-la-formula-2","status":"publish","type":"post","link":"http:\/\/cordobadirecto.com\/index.php\/2024\/06\/20\/colapinto-corre-en-barcelona-horarios-y-como-ver-la-sexta-fecha-de-la-formula-2\/","title":{"rendered":"Colapinto corre en Barcelona: horarios y c\u00f3mo ver la sexta fecha de la F\u00f3rmula 2"},"content":{"rendered":"<p><time class=\"createDate\" datetime=\"2024-06-20T15:49:03-03:00\">20\/06\/2024 15:49hs.<\/time><\/p>\n<div id=\"storyBody\">\n<div class=\"custom-text \" readability=\"38.897435897436\">\n<p>Se viene una nueva fecha de la Formula 2, la sexta, que como todas es doble, con dos carreras por los puntos: la Sprint del s\u00e1bado y la que da m\u00e1s unidades para la tabla, el domingo. <strong><a href=\"https:\/\/www.ole.com.ar\/tema\/franco-colapinto.html\" title=\"Franco Colapinto\" alt=\"Franco Colapinto\" class=\"slug\">Franco Colapinto<\/a><\/strong>, con el <strong>Williams <\/strong>del equipo <strong>MP Motorsports<\/strong>, es uno de los protagonistas que ya pis\u00f3 el circuito de Barcelona.<\/p>\n<\/div>\n<div class=\"custom-text \" readability=\"34.427244582043\">\n<p>El pilarense de 21 a\u00f1os, <a href=\"https:\/\/www.ole.com.ar\/autos\/franco-colapinto-entrevista-formula-2-cerca-formula-1-camiseta-casco-messi-apoyo-bizarrap_0_Rkc8h5zAWL.html\" target=\"_self\" title=\"que en la previa le dio una entrevista a Ol\u00e9\" alt=\"que en la previa le dio una entrevista a Ol\u00e9\" rel=\"noopener\">que en la previa le dio una entrevista a Ol\u00e9<\/a>, llega con mucha confianza a la pista catalana, donde realiz\u00f3 los tests de este a\u00f1o que le permitieron mejorar el rendimiento de su monoposto, y <strong>en la F\u00f3rmula 3 obtuvo un segundo puesto de la carrera larga hace casi un a\u00f1o<\/strong>, el 4 de junio del 2024.<\/p>\n<\/div>\n<div class=\"sc-e7b891c4-0 jPbnQF\"><img alt=\"Franco hablando en la Academy Drivers.\" src=\"http:\/\/cordobadirecto.com\/wp-content\/uploads\/2024\/06\/colapinto-corre-en-barcelona-horarios-y-como-ver-la-sexta-fecha-de-la-formula-2.jpg\" width=\"720\" height=\"100\" decoding=\"async\" data-nimg=\"future\" loading=\"lazy\"><span class=\"epigraphe\">Franco hablando en la Academy Drivers.<\/span><\/div>\n<div class=\"custom-text \" readability=\"41\">\n<p>Tras una victoria en la Sprint de Imola, donde al d\u00eda siguiente consigui\u00f3 el cuarto puesto, y un quinto lugar en M\u00f3naco con abandono el domingo, el hincha de Boca busca llegar al podio en Espa\u00f1a. &#8220;<strong>Tengo ganas de correr en Barcelona, es un circuito que me gusta y conozco<\/strong>. El auto nuestro funciona bien y tuve muy buenos tests, puede ser una buena carrera&#8221;, augur\u00f3. <\/p>\n<\/div>\n<p><h2>Horarios y c\u00f3mo ver la sexta fecha de la F\u00f3rmula 2 en Barcelona<\/h2>\n<\/p>\n<div class=\"custom-text \" readability=\"38\">\n<p>La categor\u00eda correr\u00e1 nuevamente con la F\u00f3rmula 1, de la que ser\u00e1 telonera, y comenzar\u00e1 m\u00e1s temprano con su actividad. La acci\u00f3n se iniciar\u00e1 <strong>este viernes 21 con la pr\u00e1ctica libre a las 6.05<\/strong>; ese mismo d\u00eda,<strong> a las 10.55, de realizar\u00e1 la clasificaci\u00f3n<\/strong> para la carrera del domingo.<\/p>\n<\/div>\n<div class=\"sc-e7b891c4-0 jPbnQF\"><img alt=\"Un hincha de Colapinto.\" src=\"http:\/\/cordobadirecto.com\/wp-content\/uploads\/2024\/06\/colapinto-corre-en-barcelona-horarios-y-como-ver-la-sexta-fecha-de-la-formula-2-1.jpg\" width=\"720\" height=\"100\" decoding=\"async\" data-nimg=\"future\" loading=\"lazy\"><span class=\"epigraphe\">Un hincha de Colapinto.<\/span><\/div>\n<div class=\"custom-text \" readability=\"42\">\n<p><strong>El s\u00e1bado 22, a las 9.15 se correr\u00e1 la carrera Sprint<\/strong>, con los diez primeros lugares de la grilla invertidos respecto de la qualy: el que se clasific\u00f3 1\u00b0 para el domingo, largar\u00e1 10\u00b0; el 2\u00b0, noveno, y as\u00ed sucesivamente. <strong>La carrera <em>feature<\/em>, el domingo, largar\u00e1 a las 6.35<\/strong>. Todo ser\u00e1 televisado por <strong>Star+<\/strong>. <\/p>\n<\/div>\n<div class=\"sc-e7b891c4-0 jPbnQF\"><img alt=\"Colapinto en su Williams N\u00b0 12.\" src=\"http:\/\/cordobadirecto.com\/wp-content\/uploads\/2024\/06\/colapinto-corre-en-barcelona-horarios-y-como-ver-la-sexta-fecha-de-la-formula-2-2.jpg\" width=\"720\" height=\"100\" decoding=\"async\" data-nimg=\"future\" loading=\"lazy\"><span class=\"epigraphe\">Colapinto en su Williams N\u00b0 12.<\/span><\/div>\n<div class=\"custom-text \" readability=\"35\">\n<p>Colapinto llega al Circuito de Barcelona en el 8\u00b0 puesto, con 38 unidades. El l\u00edder es el neozeland\u00e9s Paul Aron (80), a quien Franco super\u00f3 en la \u00faltima vuelta para ganar en Imola.<\/p>\n<\/div>\n<p><h2>Las palabras de Franco Colapinto en la Academy Drivers<\/h2>\n<\/p>\n<div class=\"custom-text \" readability=\"42\">\n<p>Franco se present\u00f3 con el equipo brit\u00e1nico Williams en la Academy Drivers y comenz\u00f3 a hablar en ingl\u00e9s, pero viendo el contexto -banderas argentinas, espa\u00f1oles- cambi\u00f3 el idioma. &#8220;\u201cMejor en espa\u00f1ol, \u00bfno? <strong>Veo muchas remeras con las tres estrellas, me encanta<\/strong>. Muchas gracias a todos por venir. Para m\u00ed es muy importante el apoyo que tuve de todo mi pa\u00eds\u201d, dijo. \u201cMejor hablar un poco en espa\u00f1ol porque si no me van a entender la mitad. Que aprendan un poquito los ingleses, ja\u201d, agreg\u00f3.<\/p>\n<\/div>\n<div class=\"custom-embedhtml\" readability=\"6.0869565217391\">\n<blockquote class=\"twitter-tweet\" readability=\"6.4927536231884\">\n<p lang=\"es\" dir=\"ltr\">Franco\ud83d\udde3 &#8220;Mejor hablemos un poquito en Espa\u00f1ol, sino no me van a entender la mitad&#8221;.<\/p>\n<p>&#8220;Que aprendan un poco los ingleses&#8221;.<a href=\"https:\/\/t.co\/zI76WTa6vc\">pic.twitter.com\/zI76WTa6vc<\/a><\/p>\n<p>\u2014 Colapinto News\ud83c\udde6\ud83c\uddf7 (@Colapinto_news) <a href=\"https:\/\/twitter.com\/Colapinto_news\/status\/1803444831517057259?ref_src=twsrc%5Etfw\">June 19, 2024<\/a><\/p><\/blockquote><\/div>\n<div class=\"custom-text \" readability=\"46\">\n<p>Tambi\u00e9n le preguntaron si iba a ver la Copa Am\u00e9rica, con el debut de Argentina este jueves pero coincidente con la fecha de Barcelona. &#8220;<strong>No tenemos carrera en la final, as\u00ed que, si llega, voy a ir. Realmente admiro a Lionel Messi, por supuesto<\/strong>, lo respeto como persona y como deportista. Es una gran persona, muy humilde y, por el \u00e9xito que ha tenido, es bastante impresionante\u201d, aclar\u00f3 Franco, quien recibi\u00f3 una camiseta del 10 antes de ganar en Imola el 18 de mayo.<\/p>\n<\/div>\n<div class=\"sc-a7166897-0 exHLBh\" readability=\"7\">\n<section readability=\"4\"><picture><img alt=\"Franco Colapinto: se siente cerca de la F\u00f3rmula 1, el casco para Messi y el apoyo de Bizarrap\" src=\"http:\/\/cordobadirecto.com\/wp-content\/uploads\/2024\/06\/colapinto-corre-en-barcelona-horarios-y-como-ver-la-sexta-fecha-de-la-formula-2-3.jpg\" width=\"290\" height=\"290\" decoding=\"async\" data-nimg=\"future\" loading=\"lazy\"><\/picture>\n<p><span>Mir\u00e1 tambi\u00e9n<\/span><\/p>\n<hr>\n<h3>Franco Colapinto: se siente cerca de la F\u00f3rmula 1, el casco para Messi y el apoyo de Bizarrap<\/h3>\n<\/p>\n<\/section>\n<\/div>\n<div class=\"sc-a7166897-0 exHLBh\" readability=\"6\">\n<section readability=\"2\"><picture><img alt=\"Kevin Benavides tras su grave accidente: &quot;Ya tengo ganas de andar en moto&quot;\" src=\"http:\/\/cordobadirecto.com\/wp-content\/uploads\/2024\/06\/colapinto-corre-en-barcelona-horarios-y-como-ver-la-sexta-fecha-de-la-formula-2-4.jpg\" width=\"290\" height=\"290\" decoding=\"async\" data-nimg=\"future\" loading=\"lazy\"><\/picture>\n<p><span>Mir\u00e1 tambi\u00e9n<\/span><\/p>\n<hr>\n<h3>Kevin Benavides tras su grave accidente: &#8220;Ya tengo ganas de andar en moto&#8221;<\/h3>\n<\/p>\n<\/section>\n<\/div>\n<div class=\"sc-a7166897-0 exHLBh\" readability=\"6.5\">\n<section readability=\"3\"><picture><img alt=\"Agust\u00edn Canapino en Laguna Seca: d\u00eda, horario y d\u00f3nde ver la carrera del IndyCar\" src=\"http:\/\/cordobadirecto.com\/wp-content\/uploads\/2024\/06\/colapinto-corre-en-barcelona-horarios-y-como-ver-la-sexta-fecha-de-la-formula-2-5.jpg\" width=\"290\" height=\"290\" decoding=\"async\" data-nimg=\"future\" loading=\"lazy\"><\/picture>\n<p><span>Mir\u00e1 tambi\u00e9n<\/span><\/p>\n<hr>\n<h3>Agust\u00edn Canapino en Laguna Seca: d\u00eda, horario y d\u00f3nde ver la carrera del IndyCar<\/h3>\n<\/p>\n<\/section>\n<\/div>\n<\/div>\n","protected":false},"excerpt":{"rendered":"<p>20\/06\/2024 15:49hs. Se viene una nueva fecha de la Formula 2, la sexta, que como todas es doble, con dos carreras por los puntos: la Sprint del s\u00e1bado y la que da m\u00e1s unidades para la tabla, el domingo. Franco Colapinto, con el Williams del equipo MP Motorsports, es uno de los protagonistas que ya [&hellip;]<\/p>\n","protected":false},"author":1,"featured_media":151586,"comment_status":"closed","ping_status":"closed","sticky":false,"template":"","format":"standard","meta":[],"categories":[21],"tags":[],"_links":{"self":[{"href":"http:\/\/cordobadirecto.com\/index.php\/wp-json\/wp\/v2\/posts\/151585"}],"collection":[{"href":"http:\/\/cordobadirecto.com\/index.php\/wp-json\/wp\/v2\/posts"}],"about":[{"href":"http:\/\/cordobadirecto.com\/index.php\/wp-json\/wp\/v2\/types\/post"}],"author":[{"embeddable":true,"href":"http:\/\/cordobadirecto.com\/index.php\/wp-json\/wp\/v2\/users\/1"}],"replies":[{"embeddable":true,"href":"http:\/\/cordobadirecto.com\/index.php\/wp-json\/wp\/v2\/comments?post=151585"}],"version-history":[{"count":0,"href":"http:\/\/cordobadirecto.com\/index.php\/wp-json\/wp\/v2\/posts\/151585\/revisions"}],"wp:featuredmedia":[{"embeddable":true,"href":"http:\/\/cordobadirecto.com\/index.php\/wp-json\/wp\/v2\/media\/151586"}],"wp:attachment":[{"href":"http:\/\/cordobadirecto.com\/index.php\/wp-json\/wp\/v2\/media?parent=151585"}],"wp:term":[{"taxonomy":"category","embeddable":true,"href":"http:\/\/cordobadirecto.com\/index.php\/wp-json\/wp\/v2\/categories?post=151585"},{"taxonomy":"post_tag","embeddable":true,"href":"http:\/\/cordobadirecto.com\/index.php\/wp-json\/wp\/v2\/tags?post=151585"}],"curies":[{"name":"wp","href":"https:\/\/api.w.org\/{rel}","templated":true}]}}