{"id":151607,"date":"2024-06-19T15:10:47","date_gmt":"2024-06-19T15:10:47","guid":{"rendered":"https:\/\/notepeines.com.ar\/?p=3340"},"modified":"2024-06-19T15:10:47","modified_gmt":"2024-06-19T15:10:47","slug":"en-el-ojo-de-roger-kozaen-las-profundidades-del-sena-y-cuando-acecha-la-maldad","status":"publish","type":"post","link":"http:\/\/cordobadirecto.com\/index.php\/2024\/06\/19\/en-el-ojo-de-roger-kozaen-las-profundidades-del-sena-y-cuando-acecha-la-maldad\/","title":{"rendered":"En el ojo de Roger Koza,\u00bbEn las profundidades del Sena\u00bb y \u00abCuando acecha la maldad\u00bb"},"content":{"rendered":"<div><img src=\"http:\/\/cordobadirecto.com\/wp-content\/uploads\/2024\/06\/en-el-ojo-de-roger-kozaen-las-profundidades-del-sena-y-cuando-acecha-la-maldad.jpg\" class=\"ff-og-image-inserted\"><\/div>\n<p>Para Leer<\/p>\n<p>En el ojo de Roger Koza,\u00bbEn las profundidades del Sena\u00bb y \u00abCuando acecha la maldad\u00bb<\/p>\n<p>El cr\u00edtico de cine Roger Koza analiza las pel\u00edculas \u00abEn las profundidades del Sena\u00bb y \u00abCuando acecha la maldad\u00bb.<\/p>\n<p>\u00abEn las produndidades del Sena\u00bb, es un film franc\u00e9s dirigido por Xavier Gens. Trata sobre un enorme tibur\u00f3n que aparece en el Sena y una cient\u00edfica en duelo, debe enfrentar su tr\u00e1gico pasado y evitar una masacre internacional en Par\u00eds.<\/p>\n<p>\u00abCuando acecha la maldad\u00bb, es una pel\u00edcula argentina dirigida por Demi\u00e1n Rugna. Narra la historia de un hombre encarnado por un demonio en la ruralidad de un pueblo perdido. Dos hermanos encuentran a este hombre a punto de dar a luz al mal y advierten a los vecinos\/as sobre el horror que est\u00e1 por estallar Deciden deshacerse del \u201cembichado\u201d, pero lo \u00fanico que logran es acelerar el proceso<\/p>\n<p>Columna en el programa radial Mir\u00e1 Quien Habla, que va todas las ma\u00f1anas por FM 102.3 C\u00f3rdoba.<\/p>\n<p>Para volver a escuchar:<\/p>\n<figure class=\"wp-block-embed is-type-rich is-provider-spotify wp-block-embed-spotify wp-embed-aspect-21-9 wp-has-aspect-ratio\"><\/figure>\n","protected":false},"excerpt":{"rendered":"<p>Para Leer En el ojo de Roger Koza,\u00bbEn las profundidades del Sena\u00bb y \u00abCuando acecha la maldad\u00bb El cr\u00edtico de cine Roger Koza analiza las pel\u00edculas \u00abEn las profundidades del Sena\u00bb y \u00abCuando acecha la maldad\u00bb. \u00abEn las produndidades del Sena\u00bb, es un film franc\u00e9s dirigido por Xavier Gens. Trata sobre un enorme tibur\u00f3n que [&hellip;]<\/p>\n","protected":false},"author":1,"featured_media":151608,"comment_status":"open","ping_status":"closed","sticky":false,"template":"","format":"standard","meta":[],"categories":[19],"tags":[],"_links":{"self":[{"href":"http:\/\/cordobadirecto.com\/index.php\/wp-json\/wp\/v2\/posts\/151607"}],"collection":[{"href":"http:\/\/cordobadirecto.com\/index.php\/wp-json\/wp\/v2\/posts"}],"about":[{"href":"http:\/\/cordobadirecto.com\/index.php\/wp-json\/wp\/v2\/types\/post"}],"author":[{"embeddable":true,"href":"http:\/\/cordobadirecto.com\/index.php\/wp-json\/wp\/v2\/users\/1"}],"replies":[{"embeddable":true,"href":"http:\/\/cordobadirecto.com\/index.php\/wp-json\/wp\/v2\/comments?post=151607"}],"version-history":[{"count":0,"href":"http:\/\/cordobadirecto.com\/index.php\/wp-json\/wp\/v2\/posts\/151607\/revisions"}],"wp:featuredmedia":[{"embeddable":true,"href":"http:\/\/cordobadirecto.com\/index.php\/wp-json\/wp\/v2\/media\/151608"}],"wp:attachment":[{"href":"http:\/\/cordobadirecto.com\/index.php\/wp-json\/wp\/v2\/media?parent=151607"}],"wp:term":[{"taxonomy":"category","embeddable":true,"href":"http:\/\/cordobadirecto.com\/index.php\/wp-json\/wp\/v2\/categories?post=151607"},{"taxonomy":"post_tag","embeddable":true,"href":"http:\/\/cordobadirecto.com\/index.php\/wp-json\/wp\/v2\/tags?post=151607"}],"curies":[{"name":"wp","href":"https:\/\/api.w.org\/{rel}","templated":true}]}}