{"id":15161,"date":"2021-08-23T17:04:00","date_gmt":"2021-08-23T17:04:00","guid":{"rendered":"http:\/\/cordobadirecto.com\/index.php\/2021\/08\/23\/deja-de-regir-la-cuarentena-obligatoria-en-espana-para-viajeros-procedentes-de-argentina\/"},"modified":"2021-08-23T17:04:00","modified_gmt":"2021-08-23T17:04:00","slug":"deja-de-regir-la-cuarentena-obligatoria-en-espana-para-viajeros-procedentes-de-argentina","status":"publish","type":"post","link":"http:\/\/cordobadirecto.com\/index.php\/2021\/08\/23\/deja-de-regir-la-cuarentena-obligatoria-en-espana-para-viajeros-procedentes-de-argentina\/","title":{"rendered":"Deja de regir la cuarentena obligatoria en Espa\u00f1a para viajeros procedentes de Argentina"},"content":{"rendered":"<div class=\"image\" id=\"image\" readability=\"8\"> <img src=\"http:\/\/cordobadirecto.com\/wp-content\/uploads\/2021\/08\/deja-de-regir-la-cuarentena-obligatoria-en-espana-para-viajeros-procedentes-de-argentina.jpg\" alt=\"Los aeropuertos de Madrid y de Barcelona son actualmente la principal puerta de entrada a Europa para los argentinos.\" title=\"Los aeropuertos de Madrid y de Barcelona son actualmente la principal puerta de entrada a Europa para los argentinos.\"><\/p>\n<p>Los aeropuertos de Madrid y de Barcelona son actualmente la principal puerta de entrada a Europa para los argentinos.<\/p>\n<\/div>\n<p>Los viajeros vacunados contra el coronavirus que lleguen a Espa\u00f1a procedentes de Argentina, Bolivia, Brasil, Colombia, Namibia y Sud\u00e1frica, no tendr\u00e1n que hacer desde este martes la cuarentena obligatoria de diez d\u00edas, vigente desde junio, a partir de una decisi\u00f3n del Ministerio de Salud del Gobierno espa\u00f1ol de no prorrogar el decreto que venc\u00eda hoy lunes.<\/p>\n<p>Asimismo, se inform\u00f3 que podr\u00e1n ingresar a Espa\u00f1a aquellos que tengan esquema completo de vacunas aprobadas por la EMA o la OMS, con el requisito de haber recibido la segunda dosis al menos 14 d\u00edas antes del viaje.<\/p>\n<blockquote readability=\"11\">\n<p>Hasta el momento, las vacunas autorizadas por la EMA o la OMS son las producidas por Pfizer-Biontech, Moderna, AstraZeneca, Jansen\/Johnson&amp;Johnson, Sinovac y Sinopharm<span class=\"comilla\">\u201d<\/span><\/p>\n<\/blockquote>\n<p>La vacuna Sputnik no figura en el listado porque a\u00fan no fue autorizada por la EMA<\/p>\n<p>En medio de la crisis sanitaria del coronavirus, el Ministerio de Salud de Espa\u00f1a public\u00f3 el 24 de julio en el Bolet\u00edn Oficial del Estado la Orden el decreto SND\/791\/2021, de 23 de julio, sobre las condiciones de cuarentena a las que deb\u00edan someterse las personas procedentes de pa\u00edses de alto riesgo -Argentina incluido- a su llegada a Espa\u00f1a.<\/p>\n<p><strong>La orden entr\u00f3 en vigor desde las 00:00 horas del 27 de julio por un per\u00edodo inicial de catorce d\u00edas, pero fue extendida el 7 de agosto hasta las 00 de ma\u00f1ana, martes 24 de agosto,<\/strong> sin que se volviera a pedir una nueva pr\u00f3rroga.<\/p>\n<p>\u201cEl Ministerio de Sanidad no ha prorrogado la Orden SND\/791\/2021 sobre condiciones de cuarentena. Por tanto, a partir de las 00 de ma\u00f1ana martes 24 de agosto, decae la exigencia de cuarentena a los viajeros provenientes de Argentina, Bolivia, Brasil, Colombia, Namibia y Sud\u00e1frica\u201d, inform\u00f3 la Embajada de ese pa\u00eds en la Argentina.<\/p>\n<p><strong>\u201cTodos los pa\u00edses pasan, por tanto, a la categor\u00eda general de pa\u00edses de riesgo\u201d,<\/strong> indic\u00f3 la sede diplom\u00e1tica espa\u00f1ola en Buenos Aires.<\/p>\n<p>Requisitos<\/p>\n<p>La persona que viaje <strong>debe completar un formulario online en las 48 horas previas al vuelo para generar un c\u00f3digo QR que deber\u00e1 presentar al ingresar al pa\u00eds.<\/strong><\/p>\n<p>Por el momento, el f\u00e1rmaco producido por el Instituto Gamaleya, Sputnik V, no se encuentra en el listado aceptado para ingresar a Espa\u00f1a.<\/p>\n<p>Sin embargo, si las razones del viaje son por motivo laborales o personales, como la enfermedad grave de un familiar, la persona que no est\u00e9 vacunada o haya sido inoculada con alg\u00fan inmunizante a\u00fan no aprobado, <strong>deber\u00e1 presentar un PCR negativo emitido 48 horas antes de abordar el vuelo.<\/strong><\/p>\n<p>Tambi\u00e9n puede ingresar si cuenta con un certificado m\u00e9dico en que se afirma que tuvo Covid-19, que se recuper\u00f3 hace m\u00e1s de 180 d\u00edas y que detalle que desarroll\u00f3 anticuerpos.<\/p>\n<p>Finalmente, los menores de 12 a\u00f1os que ingresen junto a su familia, ya vacunada, no precisan estar vacunados.<\/p>\n","protected":false},"excerpt":{"rendered":"<p>Los aeropuertos de Madrid y de Barcelona son actualmente la principal puerta de entrada a Europa para los argentinos. Los viajeros vacunados contra el coronavirus que lleguen a Espa\u00f1a procedentes de Argentina, Bolivia, Brasil, Colombia, Namibia y Sud\u00e1frica, no tendr\u00e1n que hacer desde este martes la cuarentena obligatoria de diez d\u00edas, vigente desde junio, a [&hellip;]<\/p>\n","protected":false},"author":1,"featured_media":15162,"comment_status":"closed","ping_status":"closed","sticky":false,"template":"","format":"standard","meta":[],"categories":[24],"tags":[],"_links":{"self":[{"href":"http:\/\/cordobadirecto.com\/index.php\/wp-json\/wp\/v2\/posts\/15161"}],"collection":[{"href":"http:\/\/cordobadirecto.com\/index.php\/wp-json\/wp\/v2\/posts"}],"about":[{"href":"http:\/\/cordobadirecto.com\/index.php\/wp-json\/wp\/v2\/types\/post"}],"author":[{"embeddable":true,"href":"http:\/\/cordobadirecto.com\/index.php\/wp-json\/wp\/v2\/users\/1"}],"replies":[{"embeddable":true,"href":"http:\/\/cordobadirecto.com\/index.php\/wp-json\/wp\/v2\/comments?post=15161"}],"version-history":[{"count":0,"href":"http:\/\/cordobadirecto.com\/index.php\/wp-json\/wp\/v2\/posts\/15161\/revisions"}],"wp:featuredmedia":[{"embeddable":true,"href":"http:\/\/cordobadirecto.com\/index.php\/wp-json\/wp\/v2\/media\/15162"}],"wp:attachment":[{"href":"http:\/\/cordobadirecto.com\/index.php\/wp-json\/wp\/v2\/media?parent=15161"}],"wp:term":[{"taxonomy":"category","embeddable":true,"href":"http:\/\/cordobadirecto.com\/index.php\/wp-json\/wp\/v2\/categories?post=15161"},{"taxonomy":"post_tag","embeddable":true,"href":"http:\/\/cordobadirecto.com\/index.php\/wp-json\/wp\/v2\/tags?post=15161"}],"curies":[{"name":"wp","href":"https:\/\/api.w.org\/{rel}","templated":true}]}}