{"id":151639,"date":"2024-06-21T23:16:09","date_gmt":"2024-06-21T23:16:09","guid":{"rendered":"https:\/\/www.ole.com.ar\/autos\/agustin-canapino-practica-laguna-seca-indycar_0_Zq0dZ9YVAO.html"},"modified":"2024-06-21T23:16:09","modified_gmt":"2024-06-21T23:16:09","slug":"canapino-en-su-vuelta-a-la-indycar-en-laguna-seca-un-trompo-y-buen-tiempo-en-el-entrenamiento","status":"publish","type":"post","link":"http:\/\/cordobadirecto.com\/index.php\/2024\/06\/21\/canapino-en-su-vuelta-a-la-indycar-en-laguna-seca-un-trompo-y-buen-tiempo-en-el-entrenamiento\/","title":{"rendered":"Canapino, en su vuelta a la IndyCar en Laguna Seca: un trompo y buen tiempo en el entrenamiento"},"content":{"rendered":"<p><time class=\"createDate\" datetime=\"2024-06-21T20:16:09-03:00\">21\/06\/2024 20:16hs.<\/time><\/p>\n<div id=\"storyBody\">\n<div class=\"custom-text \" readability=\"33.236842105263\">\n<p><strong>Agust\u00edn Canapino<\/strong> regres\u00f3 a la <strong>IndyCar<\/strong>. Con su sonrisa caracter\u00edstica, recorri\u00f3 el <strong><a href=\"https:\/\/www.ole.com.ar\/autos\/agustin-canapino-indycar-laguna-seca-ver_0_zTOHw9h4ip.html\" target=\"_blank\" title=\"circuito californiano de Laguna Seca\" alt=\"circuito californiano de Laguna Seca\" rel=\"noopener\">circuito californiano de Laguna Seca<\/a><\/strong>, charl\u00f3 con sus compa\u00f1eros de equipo y sali\u00f3 a rodar en lo que fue su primer contacto oficial con el auto, despu\u00e9s de lo sucedido en Detroit y de <strong><a href=\"https:\/\/www.ole.com.ar\/autos\/agustin-canapino-indycar-2024-hoy-ricardo-juncos-hollinger-racing_0_rNtgUPNBYN.html\" target=\"_blank\" title=\"no haber podido estar en Road America\" alt=\"no haber podido estar en Road America\" rel=\"noopener\">no haber podido estar en Road America<\/a><\/strong>. Y pese a haber cometido errores por buscar los l\u00edmites en una pista complicada que no perdona, redonde\u00f3 una correcta actuaci\u00f3n: <strong>finaliz\u00f3 en el puesto 13<\/strong> con un crono de 1m08s173.<\/p>\n<\/div>\n<div class=\"custom-text \" readability=\"44\">\n<p>Si bien en sus primeros intentos dio un trompo y luego se fue a la tierra, el Tit\u00e1n supo ser paciente, pas\u00f3 por los boxes y volvi\u00f3 a la cinta asf\u00e1ltica para mejorar su actuaci\u00f3n. Y el ritmo lo acompa\u00f1\u00f3, dado que <strong>qued\u00f3 delante de Romain Grosjean<\/strong>, su compa\u00f1ero en el Juncos Holliger Racing, por poco m\u00e1s de dos d\u00e9cimas. Eso s\u00ed, a\u00fan debe pisar m\u00e1s el pedal del acelerador si es que quiere llegar a los tiempos de los de arriba, ya que los cuatro m\u00e1s veloces (Scott MgLaughlin, Colton Hertha, Alex Palou y Josef Newgarden) rompieron la barrera del 1m08s00.<\/p>\n<\/div>\n<div type=\"embed\" class=\"sc-3f46f5ae-0 djVTgz\">\n<div class=\"sc-3f46f5ae-1 fTjZec videoText\" id=\"contentTitleembedJvwnzuk7\" type=\"embed\"><svg fill=\"#ffffff\"><symbol id=\"play\" viewBox=\"0 0 512 512\"><path d=\"M512 256C512 397.4 397.4 512 256 512C114.6 512 0 397.4 0 256C0 114.6 114.6 0 256 0C397.4 0 512 114.6 512 256zM176 168V344C176 352.7 180.7 360.7 188.3 364.9C195.8 369.2 205.1 369 212.5 364.5L356.5 276.5C363.6 272.1 368 264.4 368 256C368 247.6 363.6 239.9 356.5 235.5L212.5 147.5C205.1 142.1 195.8 142.8 188.3 147.1C180.7 151.3 176 159.3 176 168V168z\" \/><\/symbol><use xlink:href=\"#play\" \/><\/svg><\/p>\n<div class=\"right\">\n<p>Agust\u00edn Canapino<!-- --> &#8211;<!-- --> <span>&nbsp;<\/span><\/p>\n<h2 class=\"title-vid\">Trompo de Canapino en el circuito de Laguna Seca<\/h2>\n<\/div>\n<\/div>\n<p><span class=\"back\" id=\"spanBackembedJvwnzuk7\"><\/span><\/div>\n<div class=\"custom-text \" readability=\"30.833333333333\">\n<p>Por su parte, <strong>Nogal Siegel<\/strong>, quien hab\u00eda reemplazado al arrecife\u00f1o en Road America y que ahora <strong><a href=\"https:\/\/www.ole.com.ar\/autos\/theo-pourchaire-indycar-canapino-mensaje-mclaren_0_M9gcHzocvA.html\" target=\"_blank\" title=\"se hizo con la butaca de Theo Pourchaire\" alt=\"se hizo con la butaca de Theo Pourchaire\" rel=\"noopener\">se hizo con la butaca de Theo Pourchaire<\/a><\/strong>, no se sinti\u00f3 c\u00f3modo con su auto y cerr\u00f3 la grilla con la peor marca del d\u00eda: fue 27\u00ba con 1m10s01.<\/p>\n<\/div>\n<p><h2><strong>D\u00eda, hora y TV de Agust\u00edn Canapino en Laguna Seca<\/strong><\/h2>\n<\/p>\n<div class=\"custom-text \" readability=\"39\">\n<p>La actividad en el GP de Monterrey seguir\u00e1 este s\u00e1bado con el segundo test, a las 14, y con <strong>la clasificaci\u00f3n a partir de las 18.15<\/strong>. Finalmente, el domingo a las 16 se har\u00e1 el warm up y la carrera, a 95 vueltas, ser\u00e1 a las 19. Todo ir\u00e1 en vivo por Star +.<\/p>\n<\/div>\n<p><h3><strong>El antecedente positivo para el Tit\u00e1n<\/strong><\/h3>\n<\/p>\n<div class=\"custom-text \" readability=\"39\">\n<p>El circuito en el que va a correr el Tit\u00e1n es uno de los que mejor le han sentado: el a\u00f1o pasado hizo una de sus mejores carreras de la temporada (fue 14\u00b0) y este a\u00f1o ir\u00e1 por m\u00e1s. La pista est\u00e1 en Monterrey, ciudad de California en la Costa Oeste de Estados Unidos, y ser\u00e1 sede de la IndyCar por 27\u00aa ocasi\u00f3n. Usada desde 1957 y con 3,6 kil\u00f3metros, tiene una de las curvas m\u00e1s cerradas de la competencia y recibe varios eventos deportivos y musicales durante todo el a\u00f1o.<\/p>\n<\/div>\n<div class=\"sc-a7166897-0 exHLBh\" readability=\"7\">\n<section readability=\"4\"><picture><img alt=\"Tuvo un chispazo con Canapino, lo echaron y dej\u00f3 un mensaje contundente: &quot;Volver\u00e9...&quot;\" src=\"http:\/\/cordobadirecto.com\/wp-content\/uploads\/2024\/06\/canapino-en-su-vuelta-a-la-indycar-en-laguna-seca-un-trompo-y-buen-tiempo-en-el-entrenamiento.jpg\" width=\"290\" height=\"290\" decoding=\"async\" data-nimg=\"future\" loading=\"lazy\"><\/picture>\n<p><span>Mir\u00e1 tambi\u00e9n<\/span><\/p>\n<hr>\n<h3>Tuvo un chispazo con Canapino, lo echaron y dej\u00f3 un mensaje contundente: &#8220;Volver\u00e9&#8230;&#8221;<\/h3>\n<\/p>\n<\/section>\n<\/div>\n<div class=\"sc-a7166897-0 exHLBh\" readability=\"6.5\">\n<section readability=\"3\"><picture><img alt=\"Agust\u00edn Canapino en Laguna Seca: d\u00eda, horario y d\u00f3nde ver la carrera del IndyCar\" src=\"http:\/\/cordobadirecto.com\/wp-content\/uploads\/2024\/06\/canapino-en-su-vuelta-a-la-indycar-en-laguna-seca-un-trompo-y-buen-tiempo-en-el-entrenamiento-1.jpg\" width=\"290\" height=\"290\" decoding=\"async\" data-nimg=\"future\" loading=\"lazy\"><\/picture>\n<p><span>Mir\u00e1 tambi\u00e9n<\/span><\/p>\n<hr>\n<h3>Agust\u00edn Canapino en Laguna Seca: d\u00eda, horario y d\u00f3nde ver la carrera del IndyCar<\/h3>\n<\/p>\n<\/section>\n<\/div>\n<div class=\"sc-a7166897-0 exHLBh\" readability=\"7\">\n<section readability=\"4\"><picture><img alt=\"Franco Colapinto: se siente cerca de la F\u00f3rmula 1, el casco para Messi y el apoyo de Bizarrap\" src=\"http:\/\/cordobadirecto.com\/wp-content\/uploads\/2024\/06\/canapino-en-su-vuelta-a-la-indycar-en-laguna-seca-un-trompo-y-buen-tiempo-en-el-entrenamiento-2.jpg\" width=\"290\" height=\"290\" decoding=\"async\" data-nimg=\"future\" loading=\"lazy\"><\/picture>\n<p><span>Mir\u00e1 tambi\u00e9n<\/span><\/p>\n<hr>\n<h3>Franco Colapinto: se siente cerca de la F\u00f3rmula 1, el casco para Messi y el apoyo de Bizarrap<\/h3>\n<\/p>\n<\/section>\n<\/div>\n<\/div>\n","protected":false},"excerpt":{"rendered":"<p>21\/06\/2024 20:16hs. Agust\u00edn Canapino regres\u00f3 a la IndyCar. Con su sonrisa caracter\u00edstica, recorri\u00f3 el circuito californiano de Laguna Seca, charl\u00f3 con sus compa\u00f1eros de equipo y sali\u00f3 a rodar en lo que fue su primer contacto oficial con el auto, despu\u00e9s de lo sucedido en Detroit y de no haber podido estar en Road America. [&hellip;]<\/p>\n","protected":false},"author":1,"featured_media":151640,"comment_status":"closed","ping_status":"closed","sticky":false,"template":"","format":"standard","meta":[],"categories":[21],"tags":[],"_links":{"self":[{"href":"http:\/\/cordobadirecto.com\/index.php\/wp-json\/wp\/v2\/posts\/151639"}],"collection":[{"href":"http:\/\/cordobadirecto.com\/index.php\/wp-json\/wp\/v2\/posts"}],"about":[{"href":"http:\/\/cordobadirecto.com\/index.php\/wp-json\/wp\/v2\/types\/post"}],"author":[{"embeddable":true,"href":"http:\/\/cordobadirecto.com\/index.php\/wp-json\/wp\/v2\/users\/1"}],"replies":[{"embeddable":true,"href":"http:\/\/cordobadirecto.com\/index.php\/wp-json\/wp\/v2\/comments?post=151639"}],"version-history":[{"count":0,"href":"http:\/\/cordobadirecto.com\/index.php\/wp-json\/wp\/v2\/posts\/151639\/revisions"}],"wp:featuredmedia":[{"embeddable":true,"href":"http:\/\/cordobadirecto.com\/index.php\/wp-json\/wp\/v2\/media\/151640"}],"wp:attachment":[{"href":"http:\/\/cordobadirecto.com\/index.php\/wp-json\/wp\/v2\/media?parent=151639"}],"wp:term":[{"taxonomy":"category","embeddable":true,"href":"http:\/\/cordobadirecto.com\/index.php\/wp-json\/wp\/v2\/categories?post=151639"},{"taxonomy":"post_tag","embeddable":true,"href":"http:\/\/cordobadirecto.com\/index.php\/wp-json\/wp\/v2\/tags?post=151639"}],"curies":[{"name":"wp","href":"https:\/\/api.w.org\/{rel}","templated":true}]}}