{"id":151641,"date":"2024-06-21T20:45:14","date_gmt":"2024-06-21T20:45:14","guid":{"rendered":"https:\/\/www.ole.com.ar\/autos\/theo-pourchaire-indycar-canapino-mensaje-mclaren_0_M9gcHzocvA.html"},"modified":"2024-06-21T20:45:14","modified_gmt":"2024-06-21T20:45:14","slug":"tuvo-un-chispazo-con-canapino-lo-echaron-y-dejo-un-mensaje-contundente-volvere","status":"publish","type":"post","link":"http:\/\/cordobadirecto.com\/index.php\/2024\/06\/21\/tuvo-un-chispazo-con-canapino-lo-echaron-y-dejo-un-mensaje-contundente-volvere\/","title":{"rendered":"Tuvo un chispazo con Canapino, lo echaron y dej\u00f3 un mensaje contundente: &#8220;Volver\u00e9&#8230;&#8221;"},"content":{"rendered":"<p><time class=\"createDate\" datetime=\"2024-06-21T17:45:14-03:00\">21\/06\/2024 17:45hs.<\/time><time class=\"modificatedDate\" datetime=\"2024-06-21T17:48:14-03:00\"> Actualizado al 21\/06\/2024 17:48hs.<\/time><\/p>\n<div id=\"storyBody\">\n<div class=\"custom-text \" readability=\"28.684410646388\">\n<p>Unas semanas intensas vivi\u00f3 <strong>Theo Pourchaire<\/strong> en su vida. Y todo producto del choque que ocasion\u00f3 por i<strong><a href=\"https:\/\/www.ole.com.ar\/autos\/agustin-canapino-declaraciones-post-detroit-indycar_0_yrXdUlDTYg.html\" target=\"_blank\" title=\"ntentar sobrepasar a Agust\u00edn Canapino\" alt=\"ntentar sobrepasar a Agust\u00edn Canapino\" rel=\"noopener\">ntentar sobrepasar a Agust\u00edn Canapino<\/a><\/strong> en una zona donde no hab\u00eda espacio, en el GP de Detroit. Desde entonces, pas\u00f3 de todo: <strong><a href=\"https:\/\/www.ole.com.ar\/autos\/canapino-indy-pourchaire-callum-zak-brown_0_PId1tHa6mN.html\" target=\"_blank\" title=\"insultos recibidos en redes sociales\" alt=\"insultos recibidos en redes sociales\" rel=\"noopener\">insultos recibidos en redes sociales<\/a><\/strong>, el descanso del Tit\u00e1n, su buena <strong><a href=\"https:\/\/www.ole.com.ar\/autos\/agustin-canapino-declaraciones-post-detroit-indycar_0_yrXdUlDTYg.html\" target=\"_blank\" title=\"actuaci\u00f3n en el GP de Road America \" alt=\"actuaci\u00f3n en el GP de Road America \" rel=\"noopener\"><cite>actuaci\u00f3n en el GP de Road America <\/cite><\/a><\/strong>(13\u00ba) y la reciente <strong><a href=\"https:\/\/www.ole.com.ar\/autos\/nolan-siegel-indycar-2024-reemplazante-agustin-canapino-theo-pourchaire-arrow-mclaren-laguna-seca-hoy_0_PkWkgPLVWB.html\" target=\"_blank\" title=\"decisi\u00f3n del Arrow McLaren de sacarlo del equipo\" alt=\"decisi\u00f3n del Arrow McLaren de sacarlo del equipo\" rel=\"noopener\">decisi\u00f3n del Arrow McLaren de sacarlo del equipo<\/a><\/strong>. Ahora bien, tras unos d\u00edas de silencio, el franc\u00e9s decidi\u00f3 publicar un mensaje en sus redes sociales: &#8220;Volver\u00e9&#8221;.<\/p>\n<\/div>\n<div class=\"custom-text \" readability=\"35\">\n<p>En su cuenta de X, Pourchaire escribi\u00f3: &#8220;<strong>Yo corro, con pasi\u00f3n. Trabajo fuerte. Dedicaci\u00f3n. Dios. Volver\u00e9<\/strong>&#8220;.<\/p>\n<\/div>\n<p><h2><strong>\u00bfPor qu\u00e9 Pourchaire se volvi\u00f3 un apellido muy nombrado en el mundo de los fan\u00e1ticos tuercas argentinos?<\/strong><\/h2>\n<\/p>\n<div class=\"custom-text \" readability=\"40\">\n<p>Theo se hizo muy popular en estas latitudes por haber sido el protagonista principal del l\u00edo que involucr\u00f3 a Canapino. En la carrera en Detroit, repleta de incidentes, choc\u00f3 al Tit\u00e1n e inici\u00f3 una bola que no dej\u00f3 de agrandarse: <strong>amenazas virtuales<\/strong>, comunicados conjuntos, desvinculaci\u00f3n comercial del Juncos y McLaren -ten\u00edan un acuerdo- y la baja del argentino, que finalmente fue temporal.<\/p>\n<\/div>\n<div class=\"sc-e7b891c4-0 jPbnQF\"><img alt=\"Theo Pourchaire vivi\u00f3 un toque con Canapino.\" src=\"http:\/\/cordobadirecto.com\/wp-content\/uploads\/2024\/06\/tuvo-un-chispazo-con-canapino-lo-echaron-y-dejo-un-mensaje-contundente-volvere.jpg\" width=\"720\" height=\"100\" decoding=\"async\" data-nimg=\"future\" loading=\"lazy\"><span class=\"epigraphe\">Theo Pourchaire vivi\u00f3 un toque con Canapino.<\/span><\/div>\n<div class=\"custom-text \" readability=\"38\">\n<p>Luego, Ricardo Juncos y Brad Hollinger reafirmaron su apoyo para el tetracampe\u00f3n de TC. Quien no corri\u00f3 la misma suerte fue Pourchaire, que lleg\u00f3 al equipo despu\u00e9s de que fuera despedido David Malukas y, sorprendentemente, fue bajado del barco despu\u00e9s de haber sido confirmado.<\/p>\n<\/div>\n<div type=\"embed\" class=\"sc-3f46f5ae-0 djVTgz\">\n<div class=\"sc-3f46f5ae-1 fTjZec videoText\" id=\"contentTitleembedtvqCpV2O\" type=\"embed\"><svg fill=\"#ffffff\"><symbol id=\"play\" viewBox=\"0 0 512 512\"><path d=\"M512 256C512 397.4 397.4 512 256 512C114.6 512 0 397.4 0 256C0 114.6 114.6 0 256 0C397.4 0 512 114.6 512 256zM176 168V344C176 352.7 180.7 360.7 188.3 364.9C195.8 369.2 205.1 369 212.5 364.5L356.5 276.5C363.6 272.1 368 264.4 368 256C368 247.6 363.6 239.9 356.5 235.5L212.5 147.5C205.1 142.1 195.8 142.8 188.3 147.1C180.7 151.3 176 159.3 176 168V168z\" \/><\/symbol><use xlink:href=\"#play\" \/><\/svg><\/p>\n<div class=\"right\">\n<p>Agust\u00edn Canapino<!-- --> &#8211;<!-- --> <span>&nbsp;<\/span><\/p>\n<h2 class=\"title-vid\">Lo tocaron a Canapino en el GP de Detroit del IndyCar<\/h2>\n<\/div>\n<\/div>\n<p><span class=\"back\" id=\"spanBackembedtvqCpV2O\"><\/span><\/div>\n<div class=\"custom-text \" readability=\"39\">\n<p>&#8220;Quiero agradecer a Th\u00e9o por el tiempo que pas\u00f3 con nosotros en las \u00faltimas semanas. Hacer este cambio por Nolan, ahora que est\u00e1 disponible, nos da la oportunidad de construir una base para el futuro. Es un piloto joven y talentoso con una inmensa experiencia en esta etapa de su carrera&#8221;, fue la palabra de Gavin Ward, director de equipo de Arrow McLaren.<\/p>\n<\/div>\n<div class=\"sc-e7b891c4-0 jPbnQF\"><img alt=\"Nolan Siegel, reemplazante de Agust\u00edn Canapino en Road America, se unir\u00e1 la IndyCar a tiempo completo. (Prensa IndyCar)\" src=\"http:\/\/cordobadirecto.com\/wp-content\/uploads\/2024\/06\/tuvo-un-chispazo-con-canapino-lo-echaron-y-dejo-un-mensaje-contundente-volvere-1.jpg\" width=\"720\" height=\"100\" decoding=\"async\" data-nimg=\"future\" loading=\"lazy\"><span class=\"epigraphe\">Nolan Siegel, reemplazante de Agust\u00edn Canapino en Road America, se unir\u00e1 la IndyCar a tiempo completo. (Prensa IndyCar)<\/span><\/div>\n<p><h2><strong>\u00bfQui\u00e9n ser\u00e1 su reemplazante en lo que resta de la temporada de IndyCar?<\/strong><\/h2>\n<\/p>\n<div class=\"custom-text \" readability=\"31.492366412214\">\n<p>Nogal Siegel, el piloto de 19 a\u00f1os, con un 23\u00b0 puesto en Road America en el asiento de Canapino del Juncos Holliger Racing y <strong><a href=\"https:\/\/www.ole.com.ar\/usa\/nolan-siegel-ganador-24-horas-mans-reemplazo-canapino-indycar_0_HUNyeXZ2pg.html\" target=\"_blank\" title=\"una victoria en las 24 Horas de Le Mans\" alt=\"una victoria en las 24 Horas de Le Mans\" rel=\"noopener\">una victoria en las 24 Horas de Le Mans<\/a><\/strong> (en la categor\u00eda LMP2), firm\u00f3 un contrato multianual para manejar el Chevrolet #6 de McLaren.<\/p>\n<\/div>\n<div class=\"sc-a7166897-0 exHLBh\" readability=\"6.5\">\n<section readability=\"3\"><picture><img alt=\"Agust\u00edn Canapino en Laguna Seca: d\u00eda, horario y d\u00f3nde ver la carrera del IndyCar\" src=\"http:\/\/cordobadirecto.com\/wp-content\/uploads\/2024\/06\/tuvo-un-chispazo-con-canapino-lo-echaron-y-dejo-un-mensaje-contundente-volvere-2.jpg\" width=\"290\" height=\"290\" decoding=\"async\" data-nimg=\"future\" loading=\"lazy\"><\/picture>\n<p><span>Mir\u00e1 tambi\u00e9n<\/span><\/p>\n<hr>\n<h3>Agust\u00edn Canapino en Laguna Seca: d\u00eda, horario y d\u00f3nde ver la carrera del IndyCar<\/h3>\n<\/p>\n<\/section>\n<\/div>\n<div class=\"sc-a7166897-0 exHLBh\" readability=\"6\">\n<section readability=\"2\"><picture><img alt=\"El reemplazante de Canapino consigui\u00f3 un asiento en el IndyCar: \u00a1el de Pourchaire!\" src=\"http:\/\/cordobadirecto.com\/wp-content\/uploads\/2024\/06\/tuvo-un-chispazo-con-canapino-lo-echaron-y-dejo-un-mensaje-contundente-volvere-3.jpg\" width=\"290\" height=\"290\" decoding=\"async\" data-nimg=\"future\" loading=\"lazy\"><\/picture>\n<p><span>Mir\u00e1 tambi\u00e9n<\/span><\/p>\n<hr>\n<h3>El reemplazante de Canapino consigui\u00f3 un asiento en el IndyCar: \u00a1el de Pourchaire!<\/h3>\n<\/p>\n<\/section>\n<\/div>\n<\/div>\n","protected":false},"excerpt":{"rendered":"<p>21\/06\/2024 17:45hs. Actualizado al 21\/06\/2024 17:48hs. Unas semanas intensas vivi\u00f3 Theo Pourchaire en su vida. Y todo producto del choque que ocasion\u00f3 por intentar sobrepasar a Agust\u00edn Canapino en una zona donde no hab\u00eda espacio, en el GP de Detroit. Desde entonces, pas\u00f3 de todo: insultos recibidos en redes sociales, el descanso del Tit\u00e1n, su [&hellip;]<\/p>\n","protected":false},"author":1,"featured_media":151642,"comment_status":"closed","ping_status":"closed","sticky":false,"template":"","format":"standard","meta":[],"categories":[21],"tags":[],"_links":{"self":[{"href":"http:\/\/cordobadirecto.com\/index.php\/wp-json\/wp\/v2\/posts\/151641"}],"collection":[{"href":"http:\/\/cordobadirecto.com\/index.php\/wp-json\/wp\/v2\/posts"}],"about":[{"href":"http:\/\/cordobadirecto.com\/index.php\/wp-json\/wp\/v2\/types\/post"}],"author":[{"embeddable":true,"href":"http:\/\/cordobadirecto.com\/index.php\/wp-json\/wp\/v2\/users\/1"}],"replies":[{"embeddable":true,"href":"http:\/\/cordobadirecto.com\/index.php\/wp-json\/wp\/v2\/comments?post=151641"}],"version-history":[{"count":0,"href":"http:\/\/cordobadirecto.com\/index.php\/wp-json\/wp\/v2\/posts\/151641\/revisions"}],"wp:featuredmedia":[{"embeddable":true,"href":"http:\/\/cordobadirecto.com\/index.php\/wp-json\/wp\/v2\/media\/151642"}],"wp:attachment":[{"href":"http:\/\/cordobadirecto.com\/index.php\/wp-json\/wp\/v2\/media?parent=151641"}],"wp:term":[{"taxonomy":"category","embeddable":true,"href":"http:\/\/cordobadirecto.com\/index.php\/wp-json\/wp\/v2\/categories?post=151641"},{"taxonomy":"post_tag","embeddable":true,"href":"http:\/\/cordobadirecto.com\/index.php\/wp-json\/wp\/v2\/tags?post=151641"}],"curies":[{"name":"wp","href":"https:\/\/api.w.org\/{rel}","templated":true}]}}