{"id":151643,"date":"2024-06-22T06:08:55","date_gmt":"2024-06-22T06:08:55","guid":{"rendered":"https:\/\/www.ole.com.ar\/futbol-ascenso\/ascenso-primera-nacional-aldosivi-andrada_0_32Gg1fuYlj.html"},"modified":"2024-06-22T06:08:55","modified_gmt":"2024-06-22T06:08:55","slug":"el-goleador-historico-de-las-inferiores-de-river-se-va-a-luxemburgo","status":"publish","type":"post","link":"http:\/\/cordobadirecto.com\/index.php\/2024\/06\/22\/el-goleador-historico-de-las-inferiores-de-river-se-va-a-luxemburgo\/","title":{"rendered":"El goleador hist\u00f3rico de las Inferiores de River se va a Luxemburgo"},"content":{"rendered":"<p><time class=\"createDate\" datetime=\"2024-06-19T17:49:29-03:00\">19\/06\/2024 17:49hs.<\/time><time class=\"modificatedDate\" datetime=\"2024-06-19T18:50:58-03:00\"> Actualizado al 19\/06\/2024 18:50hs.<\/time><\/p>\n<div id=\"storyBody\">\n<div class=\"custom-text \" readability=\"32.565217391304\">\n<p>Los movimientos en el mercado de pases no cesan para la <a href=\"https:\/\/www.ole.com.ar\/tema\/primera-nacional.html\" title=\"Primera Nacional\" alt=\"Primera Nacional\" class=\"slug\">Primera Nacional<\/a>. Aprovechando el mini parate entre la primera y segunda rueda del torneo,<strong> los equipos terminan de afilar los planteles <\/strong>para la recta final de la competencia.<\/p>\n<\/div>\n<div class=\"custom-text \" readability=\"38.492753623188\">\n<p>En este contexto, el que sufri\u00f3 una nueva baja es <a href=\"https:\/\/www.ole.com.ar\/tema\/aldosivi.html\" title=\"Aldosivi\" alt=\"Aldosivi\" class=\"slug\">Aldosivi<\/a>. Federico Andrada, delantero de 30 a\u00f1os surgido en <a href=\"https:\/\/www.ole.com.ar\/tema\/river-plate.html\" title=\"River Plate\" alt=\"River Plate\" class=\"slug\">River<\/a>, manifest\u00f3 su salida del Tibur\u00f3n en sus redes sociales: &#8220;<strong>Me toca despedirme nuevamente del club, esta vez con un sabor amargo<\/strong>. Me hubiese gustado seguir formando parte del proyecto del club para ascenderlo a Primera&#8221;, solt\u00f3.<\/p>\n<\/div>\n<div class=\"custom-text \" readability=\"37\">\n<p>Andrada termina su segundo ciclo en el conjunto marplatense. Previamente visti\u00f3 la camiseta del Tibur\u00f3n dejando un buen recuerdo: 57 partidos entre mediados de 2019 y comienzos de 2022,<strong> convirtiendo 12 goles<\/strong> en la m\u00e1xima categor\u00eda. <strong>Su destino estar\u00eda en el Differdange de Luxemburgo<\/strong>, conjunto que disputar\u00e1 los playoffs para la Champions League 2024\/25.<\/p>\n<\/div>\n<div class=\"sc-e7b891c4-0 jPbnQF\"><img alt=\"Gol frente a Banfield en 2021 (Foto: Prensa Aldosivi).\" src=\"http:\/\/cordobadirecto.com\/wp-content\/uploads\/2024\/06\/el-goleador-historico-de-las-inferiores-de-river-se-va-a-luxemburgo.jpg\" width=\"720\" height=\"100\" decoding=\"async\" data-nimg=\"future\" loading=\"lazy\"><span class=\"epigraphe\">Gol frente a Banfield en 2021 (Foto: Prensa Aldosivi).<\/span><\/div>\n<p><h2><strong>Sus primeros pasos en N\u00fa\u00f1ez<\/strong><\/h2>\n<\/p>\n<div class=\"custom-text \" readability=\"36\">\n<p>Tras arribar a River con temprana edad, Andrada comenz\u00f3 a desplegar su capacidad goleadora: super\u00f3 la marca del Pepe Sand y <strong>alcanz\u00f3 los 143 goles en su paso por las divisiones inferiores del Millonario<\/strong>. L\u00f3gicamente, esto llam\u00f3 la atenci\u00f3n para ser considerado dentro del plantel de Primera.<\/p>\n<\/div>\n<div class=\"custom-text \" readability=\"37\">\n<p>Tras realizar una pretemporada con Mat\u00edas Almeyda, Ram\u00f3n D\u00edaz fue quien lo hizo debutar en el plantel profesional<strong>. En el Torneo Final 2013, ingres\u00f3 en el match con Argentinos y debut\u00f3 de forma oficial<\/strong>. Su primer y \u00fanico gol con La Banda lo convirti\u00f3 ese mismo a\u00f1o, frente a Rosario Central.<\/p>\n<\/div>\n<div class=\"sc-e7b891c4-0 jPbnQF\"><img alt=\"Andrada supo destacarse en las inferiores del Millonario.\" src=\"http:\/\/cordobadirecto.com\/wp-content\/uploads\/2024\/06\/el-goleador-historico-de-las-inferiores-de-river-se-va-a-luxemburgo-1.jpg\" width=\"720\" height=\"100\" decoding=\"async\" data-nimg=\"future\" loading=\"lazy\"><span class=\"epigraphe\">Andrada supo destacarse en las inferiores del Millonario.<\/span><\/div>\n<div class=\"custom-text \" readability=\"46\">\n<p><strong>Disput\u00f3 20 partidos con la casaca Millonaria, y tras varios pr\u00e9stamos, finalmente qued\u00f3 libre<\/strong>. En el exterior jug\u00f3 en el Metz de Francia, Bari de Italia, La Serena de Chile, Real Uni\u00f3n de Espa\u00f1a y Universidad Cat\u00f3lica de Ecuador. Mientras que en el f\u00fatbol argentino, pas\u00f3 por Atl. Rafaela, Quilmes, V\u00e9lez, Uni\u00f3n, Atl. Tucum\u00e1n, y los ya mencionados pasos por Aldosivi.<\/p>\n<\/div>\n<div class=\"custom-text \" readability=\"40\">\n<p>No s\u00f3lo eso, sino que tambi\u00e9n tuvo sus participaciones en las juveniles de la Selecci\u00f3n Argentina: en primer lugar, fue parte del plantel que qued\u00f3 eliminado en primera ronda <strong>en el Sudamericano Sub 15 en Bolivia<\/strong>, en el 2009. Adem\u00e1s, dos a\u00f1os despu\u00e9s,<strong> integr\u00f3 el equipo que alcanz\u00f3 el tercer puesto en el Sudamericano Sub 17 <\/strong>en Ecuador.<\/p>\n<\/div>\n<p><h2><strong>El reemplazo lleg\u00f3 r\u00e1pido&#8230;<\/strong><\/h2>\n<\/p>\n<div class=\"custom-text \" readability=\"38\">\n<p>Pese a sufrir la baja de Andrada, la dirigencia de Aldosivi se movi\u00f3 r\u00e1pido y ya cerr\u00f3 el reemplazo. <strong>Se trata de Lucas Gonz\u00e1lez, delantero de 26 a\u00f1os que llega desde Deportes Tolima de Colombia<\/strong>. Un viejo conocido de Andr\u00e9s Yllana, que supo tenerlo en su gran paso por Deportivo Madryn en el torneo 2022\/23.<\/p>\n<\/div>\n<div class=\"custom-text \" readability=\"37\">\n<p>Ser\u00e1 su cuarta experiencia en un equipo del Nacional: surgido en <strong>San Mart\u00edn de Tucum\u00e1n, tambi\u00e9n pas\u00f3 por Defensores de Belgrano, y el ya mencionado conjunto sure\u00f1o<\/strong>. En Madryn se vio su mejor versi\u00f3n, disputando 44 partidos y convirtiendo 21 goles. \u00bfLograr\u00e1 igualar ese nivel en Aldosivi?<\/p>\n<\/div>\n<div class=\"sc-a7166897-0 exHLBh\" readability=\"6\">\n<section readability=\"2\"><picture><img alt=\"Festeja Cristiano: ag\u00f3nico 2-1 de Portugal ante Rep\u00fablica Checa\" src=\"http:\/\/cordobadirecto.com\/wp-content\/uploads\/2024\/06\/el-goleador-historico-de-las-inferiores-de-river-se-va-a-luxemburgo-2.jpg\" width=\"290\" height=\"290\" decoding=\"async\" data-nimg=\"future\" loading=\"lazy\"><\/picture>\n<p><span>Mir\u00e1 tambi\u00e9n<\/span><\/p>\n<hr>\n<h3>Festeja Cristiano: ag\u00f3nico 2-1 de Portugal ante Rep\u00fablica Checa<\/h3>\n<\/p>\n<\/section>\n<\/div>\n<div class=\"sc-a7166897-0 exHLBh\" readability=\"6.5\">\n<section readability=\"3\"><picture><img alt=\"La cantera est\u00e1 en orden: el hist\u00f3rico formador de River sigue hasta diciembre de 2025\" src=\"http:\/\/cordobadirecto.com\/wp-content\/uploads\/2024\/06\/el-goleador-historico-de-las-inferiores-de-river-se-va-a-luxemburgo-3.jpg\" width=\"290\" height=\"290\" decoding=\"async\" data-nimg=\"future\" loading=\"lazy\"><\/picture>\n<p><span>Mir\u00e1 tambi\u00e9n<\/span><\/p>\n<hr>\n<h3>La cantera est\u00e1 en orden: el hist\u00f3rico formador de River sigue hasta diciembre de 2025<\/h3>\n<\/p>\n<\/section>\n<\/div>\n<div class=\"sc-a7166897-0 exHLBh\" readability=\"6.5\">\n<section readability=\"3\"><picture><img alt=\"El nuevo r\u00e9cord de Cristiano Ronaldo en la Eurocopa y la provocaci\u00f3n en el gol del triunfo\" src=\"http:\/\/cordobadirecto.com\/wp-content\/uploads\/2024\/06\/el-goleador-historico-de-las-inferiores-de-river-se-va-a-luxemburgo-4.jpg\" width=\"290\" height=\"290\" decoding=\"async\" data-nimg=\"future\" loading=\"lazy\"><\/picture>\n<p><span>Mir\u00e1 tambi\u00e9n<\/span><\/p>\n<hr>\n<h3>El nuevo r\u00e9cord de Cristiano Ronaldo en la Eurocopa y la provocaci\u00f3n en el gol del triunfo<\/h3>\n<\/p>\n<\/section>\n<\/div>\n<div class=\"sc-a7166897-0 exHLBh\" readability=\"6.5\">\n<section readability=\"3\"><picture><img alt=\"Mercado de pases: uno por uno, los refuerzos y las bajas en los 28 equipos\" src=\"http:\/\/cordobadirecto.com\/wp-content\/uploads\/2024\/06\/el-goleador-historico-de-las-inferiores-de-river-se-va-a-luxemburgo-5.jpg\" width=\"290\" height=\"290\" decoding=\"async\" data-nimg=\"future\" loading=\"lazy\"><\/picture>\n<p><span>Mir\u00e1 tambi\u00e9n<\/span><\/p>\n<hr>\n<h3>Mercado de pases: uno por uno, los refuerzos y las bajas en los 28 equipos<\/h3>\n<\/p>\n<\/section>\n<\/div>\n<\/div>\n","protected":false},"excerpt":{"rendered":"<p>19\/06\/2024 17:49hs. Actualizado al 19\/06\/2024 18:50hs. Los movimientos en el mercado de pases no cesan para la Primera Nacional. Aprovechando el mini parate entre la primera y segunda rueda del torneo, los equipos terminan de afilar los planteles para la recta final de la competencia. En este contexto, el que sufri\u00f3 una nueva baja es [&hellip;]<\/p>\n","protected":false},"author":1,"featured_media":151644,"comment_status":"closed","ping_status":"closed","sticky":false,"template":"","format":"standard","meta":[],"categories":[21],"tags":[],"_links":{"self":[{"href":"http:\/\/cordobadirecto.com\/index.php\/wp-json\/wp\/v2\/posts\/151643"}],"collection":[{"href":"http:\/\/cordobadirecto.com\/index.php\/wp-json\/wp\/v2\/posts"}],"about":[{"href":"http:\/\/cordobadirecto.com\/index.php\/wp-json\/wp\/v2\/types\/post"}],"author":[{"embeddable":true,"href":"http:\/\/cordobadirecto.com\/index.php\/wp-json\/wp\/v2\/users\/1"}],"replies":[{"embeddable":true,"href":"http:\/\/cordobadirecto.com\/index.php\/wp-json\/wp\/v2\/comments?post=151643"}],"version-history":[{"count":0,"href":"http:\/\/cordobadirecto.com\/index.php\/wp-json\/wp\/v2\/posts\/151643\/revisions"}],"wp:featuredmedia":[{"embeddable":true,"href":"http:\/\/cordobadirecto.com\/index.php\/wp-json\/wp\/v2\/media\/151644"}],"wp:attachment":[{"href":"http:\/\/cordobadirecto.com\/index.php\/wp-json\/wp\/v2\/media?parent=151643"}],"wp:term":[{"taxonomy":"category","embeddable":true,"href":"http:\/\/cordobadirecto.com\/index.php\/wp-json\/wp\/v2\/categories?post=151643"},{"taxonomy":"post_tag","embeddable":true,"href":"http:\/\/cordobadirecto.com\/index.php\/wp-json\/wp\/v2\/tags?post=151643"}],"curies":[{"name":"wp","href":"https:\/\/api.w.org\/{rel}","templated":true}]}}