{"id":151649,"date":"2024-06-21T20:41:50","date_gmt":"2024-06-21T20:41:50","guid":{"rendered":"https:\/\/cordoba.gob.ar\/?p=58805"},"modified":"2024-06-21T20:41:50","modified_gmt":"2024-06-21T20:41:50","slug":"500-docentes-municipales-participaron-de-una-jornada-de-capacitacion-sobre-el-cuidado-de-la-voz","status":"publish","type":"post","link":"http:\/\/cordobadirecto.com\/index.php\/2024\/06\/21\/500-docentes-municipales-participaron-de-una-jornada-de-capacitacion-sobre-el-cuidado-de-la-voz\/","title":{"rendered":"500 docentes municipales participaron de una jornada de capacitaci\u00f3n sobre el cuidado de la voz"},"content":{"rendered":"<div><img src=\"http:\/\/cordobadirecto.com\/wp-content\/uploads\/2024\/06\/500-docentes-municipales-participaron-de-una-jornada-de-capacitacion-sobre-el-cuidado-de-la-voz.jpg\" class=\"ff-og-image-inserted\"><\/div>\n<ul>\n<li><strong><strong>El evento se llev\u00f3 a cabo en el Teatro Comedia con docentes de escuelas primarias.<\/strong><\/strong><br \/>\n<hr>\n<\/li>\n<\/ul>\n<p>La Municipalidad de C\u00f3rdoba, a trav\u00e9s de la Secretar\u00eda de Educaci\u00f3n, llev\u00f3 a cabo una jornada sobre el cuidado de la voz donde participaron 500 docentes del sistema educativo municipal.<\/p>\n<p>Se llev\u00f3 a cabo en el Teatro Comedia y cont\u00f3 con el trabajo articulado de la Secretar\u00eda de Educaci\u00f3n, la Secretar\u00eda de Administraci\u00f3n P\u00fablica y Capital Humano, la Secretar\u00eda de Comunicaci\u00f3n y Cultura, la Universidad Nacional de C\u00f3rdoba y la empresa ASECOR.<\/p>\n<p>En esta ocasi\u00f3n se sumaron docentes de escuelas primarias y est\u00e1 previsto incluir m\u00e1s adelante nuevos encuentros con profesoras\/es de inicial y educaci\u00f3n especial.<\/p>\n<p>La jornada cont\u00f3 con disertaciones y charlas sensibilizadoras; trabajo corporal con la voz, ritmo, autopercepci\u00f3n y presentaci\u00f3n de n\u00fameros musicales.<\/p>\n<p>La empresa ASECOR propuso el dispositivo de capacitaci\u00f3n dise\u00f1ado por los profesionales de la Escuela de Fonoaudiolog\u00eda (Facultad de Ciencias M\u00e9dicas, UNC), convocados en virtud de saberes y experiencias s\u00f3lidas en este campo.<\/p>\n<p>La secretaria de Educaci\u00f3n, Alicia La Terza, expres\u00f3 al respecto: <em>\u201cNuestra voz requiere cuidados especiales y este encuentro representa un primer paso para comenzar a preocuparnos y ocuparnos del cuidado del sistema fonoaudiol\u00f3gico\u201d<\/em>.<\/p>\n<p>Por su parte, el director de Seguro, Riesgos del Trabajo, Higiene y Seguridad, explic\u00f3 que <em>\u201cen los primeros meses del a\u00f1o hemos detectado una alta incidencia respecto de enfermedades profesionales relacionadas a laringopat\u00edas, producidas durante algunos per\u00edodos en su totalidad, dentro del \u00e1mbito docente\u201d<\/em>.<\/p>\n","protected":false},"excerpt":{"rendered":"<p>El evento se llev\u00f3 a cabo en el Teatro Comedia con docentes de escuelas primarias. La Municipalidad de C\u00f3rdoba, a trav\u00e9s de la Secretar\u00eda de Educaci\u00f3n, llev\u00f3 a cabo una jornada sobre el cuidado de la voz donde participaron 500 docentes del sistema educativo municipal. Se llev\u00f3 a cabo en el Teatro Comedia y cont\u00f3 [&hellip;]<\/p>\n","protected":false},"author":1,"featured_media":151650,"comment_status":"closed","ping_status":"closed","sticky":false,"template":"","format":"standard","meta":[],"categories":[44],"tags":[],"_links":{"self":[{"href":"http:\/\/cordobadirecto.com\/index.php\/wp-json\/wp\/v2\/posts\/151649"}],"collection":[{"href":"http:\/\/cordobadirecto.com\/index.php\/wp-json\/wp\/v2\/posts"}],"about":[{"href":"http:\/\/cordobadirecto.com\/index.php\/wp-json\/wp\/v2\/types\/post"}],"author":[{"embeddable":true,"href":"http:\/\/cordobadirecto.com\/index.php\/wp-json\/wp\/v2\/users\/1"}],"replies":[{"embeddable":true,"href":"http:\/\/cordobadirecto.com\/index.php\/wp-json\/wp\/v2\/comments?post=151649"}],"version-history":[{"count":0,"href":"http:\/\/cordobadirecto.com\/index.php\/wp-json\/wp\/v2\/posts\/151649\/revisions"}],"wp:featuredmedia":[{"embeddable":true,"href":"http:\/\/cordobadirecto.com\/index.php\/wp-json\/wp\/v2\/media\/151650"}],"wp:attachment":[{"href":"http:\/\/cordobadirecto.com\/index.php\/wp-json\/wp\/v2\/media?parent=151649"}],"wp:term":[{"taxonomy":"category","embeddable":true,"href":"http:\/\/cordobadirecto.com\/index.php\/wp-json\/wp\/v2\/categories?post=151649"},{"taxonomy":"post_tag","embeddable":true,"href":"http:\/\/cordobadirecto.com\/index.php\/wp-json\/wp\/v2\/tags?post=151649"}],"curies":[{"name":"wp","href":"https:\/\/api.w.org\/{rel}","templated":true}]}}