{"id":151651,"date":"2024-06-21T18:33:01","date_gmt":"2024-06-21T18:33:01","guid":{"rendered":"https:\/\/cordoba.gob.ar\/?p=58883"},"modified":"2024-06-21T18:33:01","modified_gmt":"2024-06-21T18:33:01","slug":"este-finde-xxl-se-puede-visitar-el-museo-juan-de-tejeda","status":"publish","type":"post","link":"http:\/\/cordobadirecto.com\/index.php\/2024\/06\/21\/este-finde-xxl-se-puede-visitar-el-museo-juan-de-tejeda\/","title":{"rendered":"Este finde XXL se puede visitar el Museo Juan de Tejeda"},"content":{"rendered":"<div><img src=\"http:\/\/cordobadirecto.com\/wp-content\/uploads\/2024\/06\/este-finde-xxl-se-puede-visitar-el-museo-juan-de-tejeda.jpg\" class=\"ff-og-image-inserted\"><\/div>\n<ul>\n<li><strong><strong>En el mes de junio se puede recorrer su historia, patrimonio y la muestra temporal \u201cEntre el cielo y la tierra\u201d de Cecilia Pecini.<\/strong><\/strong><br \/>\n<hr>\n<\/li>\n<\/ul>\n<p>En el mes de junio, la Municipalidad de C\u00f3rdoba invita a vecinos y turistas recorrer la historia del museo, la muestra permanente que se encuentra en las tres salas del espacio y la muestra temporaria de Cecilia Pecini.<\/p>\n<p>Un finde XXL para conocer el Museo de Arte Religioso Juan de Tejeda que alberga un patrimonio exquisito, y dice mucho de la historia e idiosincrasia del ser cordob\u00e9s.<\/p>\n<p>Con m\u00e1s de 400 a\u00f1os de historia se encuentra emplazado en la calle Independencia al 122, a pocos metros de la Plaza San Mart\u00edn y Cabildo en el casco hist\u00f3rico de la ciudad.<\/p>\n<p>El espacio municipal abre al p\u00fablico de lunes a s\u00e1bado, de 10:00 a 14:00 horas y las visitas guiadas en el mes de junio son todos los s\u00e1bados a las 11:00 horas.<\/p>\n<p>El circuito general incluye el origen del sitio como vivienda de la familia Tejeda, luego el Monasterio San Jos\u00e9 de Carmelitas Descalzas y finalmente el museo de arte religioso. En 1941 el lugar fue declarado Monumento Hist\u00f3rico Nacional.<\/p>\n<p>La entrada para residentes argentinos es de $500, jubilados argentinos $300, y extranjeros $1000. Los menores de 12 a\u00f1os entran gratis.<\/p>\n<p><strong>Contin\u00faa la muestra temporaria \u201cEntre el Cielo y la Tierra\u201d de Celia Pecini<\/strong><\/p>\n<p>La artista Celia Pecini expone en la Sala Fragmentos del Para\u00edso, una serie de cuadros realizados exclusivamente para esta muestra temporaria que recorren su vida en v\u00ednculo con la fe y con el arte religioso. Desde sus inicios como pintora, las im\u00e1genes tradicionales de Semana Santa y del cristianismo la han motivado a plasmar en el lienzo los sentimientos m\u00e1s puros de fe y esperanza. La muestra podr\u00e1 visitarse hasta el s\u00e1bado 22 de junio.<\/p>\n<p><strong>M\u00e1s de medio siglo custodiando el arte religioso<\/strong><\/p>\n<p>Se trata de la exposici\u00f3n de la muestra permanente en salas del hist\u00f3rico museo y su magn\u00edfico patio colonial y galer\u00edas. El Museo Juan de Tejeda resguarda una de las colecciones de arte religioso m\u00e1s importantes de Am\u00e9rica del Sur en un claustro monacal del siglo XVII. En torno al patio se exhiben piezas destacadas de una colecci\u00f3n de m\u00e1s de 9300 piezas.<\/p>\n","protected":false},"excerpt":{"rendered":"<p>En el mes de junio se puede recorrer su historia, patrimonio y la muestra temporal \u201cEntre el cielo y la tierra\u201d de Cecilia Pecini. En el mes de junio, la Municipalidad de C\u00f3rdoba invita a vecinos y turistas recorrer la historia del museo, la muestra permanente que se encuentra en las tres salas del espacio [&hellip;]<\/p>\n","protected":false},"author":1,"featured_media":151652,"comment_status":"closed","ping_status":"closed","sticky":false,"template":"","format":"standard","meta":[],"categories":[44],"tags":[],"_links":{"self":[{"href":"http:\/\/cordobadirecto.com\/index.php\/wp-json\/wp\/v2\/posts\/151651"}],"collection":[{"href":"http:\/\/cordobadirecto.com\/index.php\/wp-json\/wp\/v2\/posts"}],"about":[{"href":"http:\/\/cordobadirecto.com\/index.php\/wp-json\/wp\/v2\/types\/post"}],"author":[{"embeddable":true,"href":"http:\/\/cordobadirecto.com\/index.php\/wp-json\/wp\/v2\/users\/1"}],"replies":[{"embeddable":true,"href":"http:\/\/cordobadirecto.com\/index.php\/wp-json\/wp\/v2\/comments?post=151651"}],"version-history":[{"count":0,"href":"http:\/\/cordobadirecto.com\/index.php\/wp-json\/wp\/v2\/posts\/151651\/revisions"}],"wp:featuredmedia":[{"embeddable":true,"href":"http:\/\/cordobadirecto.com\/index.php\/wp-json\/wp\/v2\/media\/151652"}],"wp:attachment":[{"href":"http:\/\/cordobadirecto.com\/index.php\/wp-json\/wp\/v2\/media?parent=151651"}],"wp:term":[{"taxonomy":"category","embeddable":true,"href":"http:\/\/cordobadirecto.com\/index.php\/wp-json\/wp\/v2\/categories?post=151651"},{"taxonomy":"post_tag","embeddable":true,"href":"http:\/\/cordobadirecto.com\/index.php\/wp-json\/wp\/v2\/tags?post=151651"}],"curies":[{"name":"wp","href":"https:\/\/api.w.org\/{rel}","templated":true}]}}