{"id":151666,"date":"2024-06-22T20:30:28","date_gmt":"2024-06-22T20:30:28","guid":{"rendered":"https:\/\/cordoba.gob.ar\/?p=58890"},"modified":"2024-06-22T20:30:28","modified_gmt":"2024-06-22T20:30:28","slug":"hace-69-anos-la-municipalidad-adoptaba-el-escudo-de-la-ciudad","status":"publish","type":"post","link":"http:\/\/cordobadirecto.com\/index.php\/2024\/06\/22\/hace-69-anos-la-municipalidad-adoptaba-el-escudo-de-la-ciudad\/","title":{"rendered":"Hace 69 a\u00f1os la Municipalidad adoptaba el escudo de la ciudad"},"content":{"rendered":"<div><img src=\"http:\/\/cordobadirecto.com\/wp-content\/uploads\/2024\/06\/hace-69-anos-la-municipalidad-adoptaba-el-escudo-de-la-ciudad.jpg\" class=\"ff-og-image-inserted\"><\/div>\n<p data-pm-slice=\"1 1 []\">El 9 de junio del a\u00f1o 1955, la Municipalidad de C\u00f3rdoba adoptaba oficialmente su escudo y desde entonces nos identifica en la ciudad.<\/p>\n<p>Y aunque se cumplen 69 a\u00f1os de esta decisi\u00f3n, el escudo ya exist\u00eda desde la fundaci\u00f3n, trat\u00e1ndose de una derivaci\u00f3n del creado durante la g\u00e9nesis de La Docta por Jer\u00f3nimo Luis de Cabrera en 1573 y que ser\u00eda obra del escribano Francisco de Torres, miembro de la expedici\u00f3n que acompa\u00f1aba al conquistador espa\u00f1ol.<\/p>\n<p>El escudo apareci\u00f3 por primera vez el 6 de julio de 1573 en el acta fundacional.<\/p>\n<p>En su interior incluye los dos r\u00edos y el castillo sin almenas con tres banderas nacionales de cada lado y una s\u00e9ptima que se apoya en la torre del castillo y excede los l\u00edmites de la esfera. Entre otros s\u00edmbolos, espeta con fidelidad los lineamientos del escudo original de 1573.<\/p>\n<p>La Carta Org\u00e1nica de la ciudad de 1995, en su art\u00edculo 5 lo describe as\u00ed: \u201cSu descripci\u00f3n es: en campo de oro, un castillo redondo de piedra de su color, con una sola torre y sin almenas, sobre dos r\u00edos caudales de azul oscuro y, a cada lado del castillo, tres banderas nacionales de dos puntas. A manera de timbre, una bandera nacional de dos puntas, asta de oro, cuyo hierro de color natural surge del interior del escudo y se apoya en la torre del castillo\u201d.<\/p>\n<p>Algunas diferencias principales respecto al escudo de la provincia de C\u00f3rdoba, que tambi\u00e9n deriva del de 1573, est\u00e1n en que el escudo de la ciudad tiene la forma del torre\u00f3n central sin tres almenas sino con una esfera en la cumbre, sobre dos r\u00edos azul oscuro, siendo el oro su color distintivo, mientras que en el de la provincia es el rojo vivo.<\/p>\n<p>Otra particularidad es que en el escudo de la ciudad (fiel en esto al dise\u00f1o original) una de las banderas no est\u00e1 dentro de la esfera del escudo. Adem\u00e1s, en el de la provincia sus dos r\u00edos de color azul descansan sobre un campo verde.<\/p>\n","protected":false},"excerpt":{"rendered":"<p>El 9 de junio del a\u00f1o 1955, la Municipalidad de C\u00f3rdoba adoptaba oficialmente su escudo y desde entonces nos identifica en la ciudad. Y aunque se cumplen 69 a\u00f1os de esta decisi\u00f3n, el escudo ya exist\u00eda desde la fundaci\u00f3n, trat\u00e1ndose de una derivaci\u00f3n del creado durante la g\u00e9nesis de La Docta por Jer\u00f3nimo Luis de [&hellip;]<\/p>\n","protected":false},"author":1,"featured_media":151667,"comment_status":"closed","ping_status":"closed","sticky":false,"template":"","format":"standard","meta":[],"categories":[44],"tags":[],"_links":{"self":[{"href":"http:\/\/cordobadirecto.com\/index.php\/wp-json\/wp\/v2\/posts\/151666"}],"collection":[{"href":"http:\/\/cordobadirecto.com\/index.php\/wp-json\/wp\/v2\/posts"}],"about":[{"href":"http:\/\/cordobadirecto.com\/index.php\/wp-json\/wp\/v2\/types\/post"}],"author":[{"embeddable":true,"href":"http:\/\/cordobadirecto.com\/index.php\/wp-json\/wp\/v2\/users\/1"}],"replies":[{"embeddable":true,"href":"http:\/\/cordobadirecto.com\/index.php\/wp-json\/wp\/v2\/comments?post=151666"}],"version-history":[{"count":0,"href":"http:\/\/cordobadirecto.com\/index.php\/wp-json\/wp\/v2\/posts\/151666\/revisions"}],"wp:featuredmedia":[{"embeddable":true,"href":"http:\/\/cordobadirecto.com\/index.php\/wp-json\/wp\/v2\/media\/151667"}],"wp:attachment":[{"href":"http:\/\/cordobadirecto.com\/index.php\/wp-json\/wp\/v2\/media?parent=151666"}],"wp:term":[{"taxonomy":"category","embeddable":true,"href":"http:\/\/cordobadirecto.com\/index.php\/wp-json\/wp\/v2\/categories?post=151666"},{"taxonomy":"post_tag","embeddable":true,"href":"http:\/\/cordobadirecto.com\/index.php\/wp-json\/wp\/v2\/tags?post=151666"}],"curies":[{"name":"wp","href":"https:\/\/api.w.org\/{rel}","templated":true}]}}