{"id":151668,"date":"2024-06-22T18:10:45","date_gmt":"2024-06-22T18:10:45","guid":{"rendered":"https:\/\/cordoba.gob.ar\/?p=58811"},"modified":"2024-06-22T18:10:45","modified_gmt":"2024-06-22T18:10:45","slug":"mas-de-70-jovenes-participaron-de-una-jornada-de-divulgacion-cientifica-sobre-neurociencia-en-el-parque-educativo-este","status":"publish","type":"post","link":"http:\/\/cordobadirecto.com\/index.php\/2024\/06\/22\/mas-de-70-jovenes-participaron-de-una-jornada-de-divulgacion-cientifica-sobre-neurociencia-en-el-parque-educativo-este\/","title":{"rendered":"M\u00e1s de 70 j\u00f3venes participaron de una jornada de divulgaci\u00f3n cient\u00edfica sobre neurociencia en el Parque Educativo Este"},"content":{"rendered":"<div><img src=\"http:\/\/cordobadirecto.com\/wp-content\/uploads\/2024\/06\/mas-de-70-jovenes-participaron-de-una-jornada-de-divulgacion-cientifica-sobre-neurociencia-en-el-parque-educativo-este.jpg\" class=\"ff-og-image-inserted\"><\/div>\n<ul>\n<li><strong><strong>Asistieron estudiantes del IPEM 184 Mariano Fragueiro y del IPETyM 133 Florencio Escard\u00f3.<\/strong><\/strong><br \/>\n<hr>\n<\/li>\n<\/ul>\n<p>La Municipalidad de C\u00f3rdoba, a trav\u00e9s de la Secretar\u00eda de Educaci\u00f3n, junto a la Facultad de Ciencia Exactas, F\u00edsicas y Naturales de la Universidad Nacional de C\u00f3rdoba, llevaron a cabo una jornada de divulgaci\u00f3n cient\u00edfica sobre neurociencia.<\/p>\n<p>La jornada, que se llev\u00f3 a cabo en el Parque Educativo Este, cont\u00f3 con m\u00e1s de 70 estudiantes del IPEM 184 Mariano Fragueiro y del IPETyM 133 Florencio Escard\u00f3.<\/p>\n<p>Durante la jornada, se realiz\u00f3 una muestra interactiva con diferentes stands que contaron con juegos de cartas de memoria, actividades l\u00fadicas sobre la percepci\u00f3n de nuestros sentidos y exhibiciones de cerebros humanos y animales.<\/p>\n<p>En la Tecnoteca Municipal CREA los j\u00f3venes experimentaron con el uso de Inteligencia Artificial y se recre\u00f3 un laboratorio de neurociencias con una instalaci\u00f3n para jugar a&nbsp; ser cient\u00edficos.<\/p>\n<p>Sobre el final de la jornada se present\u00f3 la charla \u201c\u00bfPara que nos sirven las neurociencias?\u201d que brind\u00f3 el neurocient\u00edfico Franco Mir, en la que se profundiz\u00f3 en la importancia de conocer, estudiar e investigar en el campo de las neurociencias, sobre el cerebro y sus funciones.<\/p>\n<p>Se trata del proyecto \u201cUn cerebro a la vez\u201d, que tiene por objetivo promover las vocaciones cient\u00edficas de los j\u00f3venes estudiantes de colegios secundarios de la ciudad y difundir el conocimiento que se produce en equipos de investigaci\u00f3n y divulgaci\u00f3n de universidades p\u00fablicas.<\/p>\n<p><em>\u201cEstos aprendizajes son valiosos y relevantes para entendernos y comprender mejor el mundo en el cual vivimos, desde una perspectiva que alienta la alfabetizaci\u00f3n cient\u00edfica\u201d<\/em>, expres\u00f3 la secretaria de Educaci\u00f3n, Alicia La Terza.<\/p>\n<p>Por su parte, la subsecretaria de Educaci\u00f3n Social, Cient\u00edfica y Tecnol\u00f3gica Eugenia Rotondi, expres\u00f3: <em>\u201ccelebramos esta iniciativa que promueve actividades innovadoras para explicar el funcionamiento del cerebro y fortalecen el v\u00ednculo de las instituciones educativas municipales con las universidades de nuestra ciudad\u201d<\/em>.<\/p>\n","protected":false},"excerpt":{"rendered":"<p>Asistieron estudiantes del IPEM 184 Mariano Fragueiro y del IPETyM 133 Florencio Escard\u00f3. La Municipalidad de C\u00f3rdoba, a trav\u00e9s de la Secretar\u00eda de Educaci\u00f3n, junto a la Facultad de Ciencia Exactas, F\u00edsicas y Naturales de la Universidad Nacional de C\u00f3rdoba, llevaron a cabo una jornada de divulgaci\u00f3n cient\u00edfica sobre neurociencia. La jornada, que se llev\u00f3 [&hellip;]<\/p>\n","protected":false},"author":1,"featured_media":151669,"comment_status":"closed","ping_status":"closed","sticky":false,"template":"","format":"standard","meta":[],"categories":[44],"tags":[],"_links":{"self":[{"href":"http:\/\/cordobadirecto.com\/index.php\/wp-json\/wp\/v2\/posts\/151668"}],"collection":[{"href":"http:\/\/cordobadirecto.com\/index.php\/wp-json\/wp\/v2\/posts"}],"about":[{"href":"http:\/\/cordobadirecto.com\/index.php\/wp-json\/wp\/v2\/types\/post"}],"author":[{"embeddable":true,"href":"http:\/\/cordobadirecto.com\/index.php\/wp-json\/wp\/v2\/users\/1"}],"replies":[{"embeddable":true,"href":"http:\/\/cordobadirecto.com\/index.php\/wp-json\/wp\/v2\/comments?post=151668"}],"version-history":[{"count":0,"href":"http:\/\/cordobadirecto.com\/index.php\/wp-json\/wp\/v2\/posts\/151668\/revisions"}],"wp:featuredmedia":[{"embeddable":true,"href":"http:\/\/cordobadirecto.com\/index.php\/wp-json\/wp\/v2\/media\/151669"}],"wp:attachment":[{"href":"http:\/\/cordobadirecto.com\/index.php\/wp-json\/wp\/v2\/media?parent=151668"}],"wp:term":[{"taxonomy":"category","embeddable":true,"href":"http:\/\/cordobadirecto.com\/index.php\/wp-json\/wp\/v2\/categories?post=151668"},{"taxonomy":"post_tag","embeddable":true,"href":"http:\/\/cordobadirecto.com\/index.php\/wp-json\/wp\/v2\/tags?post=151668"}],"curies":[{"name":"wp","href":"https:\/\/api.w.org\/{rel}","templated":true}]}}