{"id":151697,"date":"2024-06-22T22:33:00","date_gmt":"2024-06-22T22:33:00","guid":{"rendered":"https:\/\/www.ole.com.ar\/autos\/agustin-canapino-indycar-laguna-seca-monterrey-2024-hoy-horario-hora-ver-tv-online_0_zTOHw9h4ip.html"},"modified":"2024-06-22T22:33:00","modified_gmt":"2024-06-22T22:33:00","slug":"agustin-canapino-en-laguna-seca-horario-y-donde-ver-la-carrera-del-indycar","status":"publish","type":"post","link":"http:\/\/cordobadirecto.com\/index.php\/2024\/06\/22\/agustin-canapino-en-laguna-seca-horario-y-donde-ver-la-carrera-del-indycar\/","title":{"rendered":"Agust\u00edn Canapino en Laguna Seca: horario y d\u00f3nde ver la carrera del IndyCar"},"content":{"rendered":"<p><time class=\"createDate\" datetime=\"2024-06-22T19:33:00-03:00\">22\/06\/2024 19:33hs.<\/time><time class=\"modificatedDate\" datetime=\"2024-06-22T19:34:00-03:00\"> Actualizado al 22\/06\/2024 19:34hs.<\/time><\/p>\n<div id=\"storyBody\">\n<div class=\"custom-text \" readability=\"32.649082568807\">\n<p><strong>Agust\u00edn Canapino volvi\u00f3 a acelerar en la IndyCar<\/strong>. Despu\u00e9s de haberse perdido la carrera en Road America, de la que fue bajado por el Juncos Hollinger Racing tras haberlo visto mal por <a href=\"https:\/\/www.ole.com.ar\/autos\/nolan-siegel-indycar-2024-reemplazante-agustin-canapino-theo-pourchaire-arrow-mclaren-laguna-seca-hoy_0_PkWkgPLVWB.html\" target=\"_self\" title=\"el &quot;abuso online y hostigamiento&quot; producto del l\u00edo con Theo Pourchaire\" alt=\"el &quot;abuso online y hostigamiento&quot; producto del l\u00edo con Theo Pourchaire\" rel=\"noopener\">el &#8220;abuso online y hostigamiento&#8221; producto del l\u00edo con Theo Pourchaire<\/a>, retorn\u00f3 a la actividad este fin de semana en<strong> Laguna Seca<\/strong>, por la octava fecha. Conoc\u00e9 todos los detalles de la carrera de este domingo, <strong>como el<\/strong> <strong>horario y d\u00f3nde se puede ver.<\/strong><\/p>\n<\/div>\n<p><h2><strong>D\u00eda, hora y TV de Agust\u00edn Canapino en Laguna Seca<\/strong><\/h2>\n<\/p>\n<div class=\"custom-text \" readability=\"26.057142857143\">\n<p>Pasada la clasificaci\u00f3n del s\u00e1bado, <a href=\"https:\/\/www.ole.com.ar\/autos\/agustin-canapino-indycar-2024-hoy-laguna-seca-monterrey-clasificacion-resultado-juncos_0_0hQnwQa0UK.html\" target=\"_self\" title=\"en la que el Tit\u00e1n tuvo su mejor producci\u00f3n (partir\u00e1 desde el 13\u00b0 puesto)\" alt=\"en la que el Tit\u00e1n tuvo su mejor producci\u00f3n (partir\u00e1 desde el 13\u00b0 puesto)\" rel=\"noopener\">en la que el Tit\u00e1n tuvo su mejor producci\u00f3n hist\u00f3rica (partir\u00e1 desde el 13\u00b0 puesto)<\/a>, se viene lo mejor del fin de semana: el domingo a las 16 se har\u00e1 el warm up, <strong>y a las 19,<\/strong> <strong>la carrera (ser\u00e1 a 95 vueltas)<\/strong>. Todo ir\u00e1 en vivo por <strong>Star +<\/strong>.<\/p>\n<\/div>\n<div class=\"custom-text \" readability=\"40\">\n<p>El circuito en el que est\u00e1 corriendo el Tit\u00e1n es uno de los que mejor le han sentado: <strong>el a\u00f1o pasado hizo una de sus mejores carreras de la temporada (fue 14\u00b0)<\/strong> y esta vez ir\u00e1 por m\u00e1s. La pista est\u00e1 ubicada en Monterrey, ciudad de California, en la Costa Oeste de Estados Unidos, y forma parte del calendario de la IndyCar por 27\u00aa ocasi\u00f3n. <strong>Usada desde 1957 y con 3,6 kil\u00f3metros<\/strong>, tiene una de las curvas m\u00e1s cerradas de la competencia (el Sacacorchos) y recibe varios eventos deportivos y musicales durante todo el a\u00f1o.<\/p>\n<\/div>\n<div class=\"sc-e7b891c4-0 jPbnQF\"><img alt=\"Agust\u00edn Canapino qued\u00f3 13\u00b0 en la clasificaci\u00f3n en Laguna Seca. (Juncos Hollinger Racing)\" src=\"http:\/\/cordobadirecto.com\/wp-content\/uploads\/2024\/06\/agustin-canapino-en-laguna-seca-horario-y-donde-ver-la-carrera-del-indycar.jpg\" width=\"720\" height=\"100\" decoding=\"async\" data-nimg=\"future\" loading=\"lazy\"><span class=\"epigraphe\">Agust\u00edn Canapino qued\u00f3 13\u00b0 en la clasificaci\u00f3n en Laguna Seca. (Juncos Hollinger Racing)<\/span><\/div>\n<p><h2><strong>Fueron semanas complicadas para Canapino<\/strong><\/h2>\n<\/p>\n<div class=\"custom-text \" readability=\"36\">\n<p>El arrecife\u00f1o fue noticia en las \u00faltimas semanas por asuntos ajenos a la pista. <strong>El encontronazo con el franc\u00e9s Theo Pourchaire<\/strong> <strong>en Detroit <\/strong>desat\u00f3 un c\u00famulo de situaciones que fueron desde amenazas en redes sociales hasta rupturas de acuerdos comerciales (como pas\u00f3 entre Juncos Hollinger Racing y Arrow McLaren) <strong>hasta llegar al punto de ponerle un signo de pregunta a la continuidad del argentino en la categor\u00eda<\/strong>. Finalmente, todo termin\u00f3 en buen puerto.<\/p>\n<\/div>\n<div class=\"custom-text \" readability=\"36.128834355828\">\n<p>&#8220;Todo pas\u00f3 rapid\u00edsimo y sin que nadie lo quisiera. El equipo consider\u00f3 que no estaba tranquilo como para manejar un IndyCar as\u00ed que <strong>tomaron la decisi\u00f3n de cuidarme<\/strong>. Ahora lo comprendo y lo veo con claridad, para m\u00ed en ese sentido, fue una gran lecci\u00f3n&#8221;, reflexion\u00f3 Canapino por lo sucedido. A su vez, <a href=\"https:\/\/www.ole.com.ar\/autos\/canapino_0_1ZBddbRHlm.html\" target=\"_self\" title=\"dej\u00f3 un mensaje para sus fan\u00e1ticos \" alt=\"dej\u00f3 un mensaje para sus fan\u00e1ticos \" rel=\"noopener\">dej\u00f3 un mensaje para sus fan\u00e1ticos <\/a>de Argentina: &#8220;Yo estoy corriendo ac\u00e1 y <strong>le pido a todos nuestros seguidores que se adapten y entiendan la diferencia de cultura<\/strong> que hay ac\u00e1&#8221;.<\/p>\n<\/div>\n<div class=\"sc-e7b891c4-0 jPbnQF\"><img alt=\"Agust\u00edn Canapino en una sesi\u00f3n de fotos del IndyCar. (IndyCar Series)\" src=\"http:\/\/cordobadirecto.com\/wp-content\/uploads\/2024\/06\/agustin-canapino-en-laguna-seca-horario-y-donde-ver-la-carrera-del-indycar-1.jpg\" width=\"720\" height=\"100\" decoding=\"async\" data-nimg=\"future\" loading=\"lazy\"><span class=\"epigraphe\">Agust\u00edn Canapino en una sesi\u00f3n de fotos del IndyCar. (IndyCar Series)<\/span><\/div>\n<div class=\"custom-text \" readability=\"34.151898734177\">\n<p>Mientras tanto, el equipo comandado por Ricardo Juncos opt\u00f3 por preservar al Tit\u00e1n y cederle el volante del Chevrolet-Dallara a <strong>Nolan Siegel<\/strong>, piloto de reserva del Team que corri\u00f3 en Road America en lugar del volante principal, termin\u00f3 en el puesto 23 y el \u00faltimo fin de semana <a href=\"https:\/\/www.ole.com.ar\/autos\/nolan-siegel-ganador-24-horas-mans-reemplazo-canapino-indycar_0_HUNyeXZ2pg.html\" target=\"_self\" title=\"gan\u00f3 en las 24 horas de Le Mans\" alt=\"gan\u00f3 en las 24 horas de Le Mans\" rel=\"noopener\">gan\u00f3 en las 24 horas de Le Mans<\/a>.<\/p>\n<\/div>\n<div class=\"custom-text \" readability=\"34.995893223819\">\n<p><a href=\"https:\/\/www.ole.com.ar\/autos\/agustin-canapino-indycar-2024-hoy-juncos-hollinger-racing-continuidad-laguna-seca_0_7bJtPOJKK1.html\" target=\"_self\" title=\"El 2024 de Canapino en la IndyCar est\u00e1 asegurado \" alt=\"El 2024 de Canapino en la IndyCar est\u00e1 asegurado \" rel=\"noopener\">El 2024 de Canapino en la IndyCar est\u00e1 asegurado,<\/a> pero el 2025 a\u00fan no, y el propio l\u00edder de la estructura fue el encargado de contar de qu\u00e9 depender\u00e1 su continuidad en di\u00e1logo con Campeones: &#8220;<strong>Es una cuesti\u00f3n econ\u00f3mica<\/strong>. Ten\u00edamos el presupuesto estipulado para 2024 y el del a\u00f1o 2025 a\u00fan no lo tenemos, reci\u00e9n ah\u00ed sabremos las cartas que tenemos para jugar. <strong>Agust\u00edn se merece la continuidad, pero esto depende de la situaci\u00f3n<\/strong>. El costo de un campeonato hay que solventarlo&#8221;.<\/p>\n<\/div>\n<div class=\"sc-e7b891c4-0 jPbnQF\"><img alt=\"Ya se sabe que Agust\u00edn Canapino seguir\u00e1 en el IndyCar este a\u00f1o. \u00bfQu\u00e9 hay del 2025?\" src=\"http:\/\/cordobadirecto.com\/wp-content\/uploads\/2024\/06\/agustin-canapino-en-laguna-seca-horario-y-donde-ver-la-carrera-del-indycar-2.jpg\" width=\"720\" height=\"100\" decoding=\"async\" data-nimg=\"future\" loading=\"lazy\"><span class=\"epigraphe\">Ya se sabe que Agust\u00edn Canapino seguir\u00e1 en el IndyCar este a\u00f1o. \u00bfQu\u00e9 hay del 2025?<\/span><\/div>\n<div class=\"custom-text \" readability=\"37\">\n<p>Lo cierto es que Canapa tendr\u00e1 este fin de semana la oportunidad de volver a sumar puntos para intentar escalar posiciones en la tabla que lo encuentra <strong>22\u00b0 con 74 unidades<\/strong>. Su coequiper del Juncos Hollinger, el franc\u00e9s <strong>Romain Grosjean<\/strong>, est\u00e1 16\u00b0 con 112 porotos y dos finalizaciones en el Top 10. <strong>El l\u00edder es Will Power con 236.<\/strong><\/p>\n<\/div>\n<div class=\"sc-a7166897-0 exHLBh\" readability=\"6\">\n<section readability=\"2\"><picture><img alt=\"De reemplazar a Canapino en IndyCar a ganar las 24 Horas de Le Mans\" src=\"http:\/\/cordobadirecto.com\/wp-content\/uploads\/2024\/06\/agustin-canapino-en-laguna-seca-horario-y-donde-ver-la-carrera-del-indycar-3.jpg\" width=\"290\" height=\"290\" decoding=\"async\" data-nimg=\"future\" loading=\"lazy\"><\/picture>\n<p><span>Mir\u00e1 tambi\u00e9n<\/span><\/p>\n<hr>\n<h3>De reemplazar a Canapino en IndyCar a ganar las 24 Horas de Le Mans<\/h3>\n<\/p>\n<\/section>\n<\/div>\n<div class=\"sc-a7166897-0 exHLBh\" readability=\"6.5\">\n<section readability=\"3\"><picture><img alt=\"Canapino rompi\u00f3 el silencio por primera vez tras su conflicto en la IndyCar: \u00bfQu\u00e9 dijo?\" src=\"http:\/\/cordobadirecto.com\/wp-content\/uploads\/2024\/06\/agustin-canapino-en-laguna-seca-horario-y-donde-ver-la-carrera-del-indycar-4.jpg\" width=\"290\" height=\"290\" decoding=\"async\" data-nimg=\"future\" loading=\"lazy\"><\/picture>\n<p><span>Mir\u00e1 tambi\u00e9n<\/span><\/p>\n<hr>\n<h3>Canapino rompi\u00f3 el silencio por primera vez tras su conflicto en la IndyCar: \u00bfQu\u00e9 dijo?<\/h3>\n<\/p>\n<\/section>\n<\/div>\n<div class=\"sc-a7166897-0 exHLBh\" readability=\"6\">\n<section readability=\"2\"><picture><img alt=\"El futuro de Agust\u00edn Canapino en el IndyCar: \u00bfde qu\u00e9 depende?\" src=\"http:\/\/cordobadirecto.com\/wp-content\/uploads\/2024\/06\/agustin-canapino-en-laguna-seca-horario-y-donde-ver-la-carrera-del-indycar-5.jpg\" width=\"290\" height=\"290\" decoding=\"async\" data-nimg=\"future\" loading=\"lazy\"><\/picture>\n<p><span>Mir\u00e1 tambi\u00e9n<\/span><\/p>\n<hr>\n<h3>El futuro de Agust\u00edn Canapino en el IndyCar: \u00bfde qu\u00e9 depende?<\/h3>\n<\/p>\n<\/section>\n<\/div>\n<div class=\"sc-a7166897-0 exHLBh\" readability=\"6\">\n<section readability=\"2\"><picture><img alt=\"La contundente aclaraci\u00f3n de Hollinger sobre el futuro de Canapino en la IndyCar\" src=\"http:\/\/cordobadirecto.com\/wp-content\/uploads\/2024\/06\/agustin-canapino-en-laguna-seca-horario-y-donde-ver-la-carrera-del-indycar-6.jpg\" width=\"290\" height=\"290\" decoding=\"async\" data-nimg=\"future\" loading=\"lazy\"><\/picture>\n<p><span>Mir\u00e1 tambi\u00e9n<\/span><\/p>\n<hr>\n<h3>La contundente aclaraci\u00f3n de Hollinger sobre el futuro de Canapino en la IndyCar<\/h3>\n<\/p>\n<\/section>\n<\/div>\n<\/div>\n","protected":false},"excerpt":{"rendered":"<p>22\/06\/2024 19:33hs. Actualizado al 22\/06\/2024 19:34hs. Agust\u00edn Canapino volvi\u00f3 a acelerar en la IndyCar. Despu\u00e9s de haberse perdido la carrera en Road America, de la que fue bajado por el Juncos Hollinger Racing tras haberlo visto mal por el &#8220;abuso online y hostigamiento&#8221; producto del l\u00edo con Theo Pourchaire, retorn\u00f3 a la actividad este fin [&hellip;]<\/p>\n","protected":false},"author":1,"featured_media":151698,"comment_status":"closed","ping_status":"closed","sticky":false,"template":"","format":"standard","meta":[],"categories":[21],"tags":[],"_links":{"self":[{"href":"http:\/\/cordobadirecto.com\/index.php\/wp-json\/wp\/v2\/posts\/151697"}],"collection":[{"href":"http:\/\/cordobadirecto.com\/index.php\/wp-json\/wp\/v2\/posts"}],"about":[{"href":"http:\/\/cordobadirecto.com\/index.php\/wp-json\/wp\/v2\/types\/post"}],"author":[{"embeddable":true,"href":"http:\/\/cordobadirecto.com\/index.php\/wp-json\/wp\/v2\/users\/1"}],"replies":[{"embeddable":true,"href":"http:\/\/cordobadirecto.com\/index.php\/wp-json\/wp\/v2\/comments?post=151697"}],"version-history":[{"count":0,"href":"http:\/\/cordobadirecto.com\/index.php\/wp-json\/wp\/v2\/posts\/151697\/revisions"}],"wp:featuredmedia":[{"embeddable":true,"href":"http:\/\/cordobadirecto.com\/index.php\/wp-json\/wp\/v2\/media\/151698"}],"wp:attachment":[{"href":"http:\/\/cordobadirecto.com\/index.php\/wp-json\/wp\/v2\/media?parent=151697"}],"wp:term":[{"taxonomy":"category","embeddable":true,"href":"http:\/\/cordobadirecto.com\/index.php\/wp-json\/wp\/v2\/categories?post=151697"},{"taxonomy":"post_tag","embeddable":true,"href":"http:\/\/cordobadirecto.com\/index.php\/wp-json\/wp\/v2\/tags?post=151697"}],"curies":[{"name":"wp","href":"https:\/\/api.w.org\/{rel}","templated":true}]}}