{"id":151699,"date":"2024-06-22T21:49:48","date_gmt":"2024-06-22T21:49:48","guid":{"rendered":"https:\/\/www.ole.com.ar\/autos\/agustin-canapino-indycar-2024-hoy-laguna-seca-monterrey-clasificacion-resultado-juncos_0_0hQnwQa0UK.html"},"modified":"2024-06-22T21:49:48","modified_gmt":"2024-06-22T21:49:48","slug":"agustin-canapino-hizo-su-mejor-clasificacion-en-la-indycar-hoy-en-laguna-seca","status":"publish","type":"post","link":"http:\/\/cordobadirecto.com\/index.php\/2024\/06\/22\/agustin-canapino-hizo-su-mejor-clasificacion-en-la-indycar-hoy-en-laguna-seca\/","title":{"rendered":"Agust\u00edn Canapino hizo su mejor clasificaci\u00f3n en la IndyCar hoy, en Laguna Seca"},"content":{"rendered":"<p><time class=\"createDate\" datetime=\"2024-06-22T18:49:48-03:00\">22\/06\/2024 18:49hs.<\/time><time class=\"modificatedDate\" datetime=\"2024-06-22T19:24:18-03:00\"> Actualizado al 22\/06\/2024 19:24hs.<\/time><\/p>\n<div id=\"storyBody\">\n<div class=\"custom-text \" readability=\"34.344827586207\">\n<p><strong>\u00bfQu\u00e9 tan bien anduvo Agust\u00edn Canapino en la clasificaci\u00f3n de la IndyCar en Laguna Seca?<\/strong> Es f\u00e1cil de reflejarlo: en el d\u00eda en el que hizo <strong>su mejor qualy<\/strong> en la categor\u00eda yanqui, qued\u00f3 un gustito amargo por lo poquito que le falt\u00f3 para pasar el corte y meterse en el Fast 12. De todos modos, <strong><a href=\"https:\/\/www.ole.com.ar\/autos\/theo-pourchaire-indycar-canapino-mensaje-mclaren_0_M9gcHzocvA.html\" target=\"_self\" title=\"en su retorno al auto despu\u00e9s de una fecha de parate\" alt=\"en su retorno al auto despu\u00e9s de una fecha de parate\" rel=\"noopener\">en su retorno al auto despu\u00e9s de una fecha de parate<\/a><\/strong> (el Juncos Hollinger Racing lo baj\u00f3 al verlo desenfocado por el &#8220;abuso online&#8221; posterior al esc\u00e1ndalo con Pourchaire), hay m\u00e1s razones para festejar que para lamentarse.<strong> El Tit\u00e1n est\u00e1 de vuelta.<\/strong><\/p>\n<\/div>\n<div class=\"custom-text \" readability=\"40\">\n<p>El arrecife\u00f1o fue uno de los primeros en salir a la pista junto al primer grupo clasificatorio, en el que hubo monstruos como <strong>Will Power, Scott Dixon, Scott McLaughlin y Romain Grosjean.<\/strong> Contra todo pron\u00f3stico, porque no hab\u00eda peleado por los puestos de vanguardia en los libres, <strong>Canapa les pele\u00f3 de igual a igual y hasta lleg\u00f3 a estar primero<\/strong>.<\/p>\n<\/div>\n<div class=\"sc-e7b891c4-0 jPbnQF\"><img alt=\"La sonrisa de Canapino en Laguna Seca. (Juncos Hollinger Racing)\" src=\"http:\/\/cordobadirecto.com\/wp-content\/uploads\/2024\/06\/agustin-canapino-hizo-su-mejor-clasificacion-en-la-indycar-hoy-en-laguna-seca.jpg\" width=\"720\" height=\"100\" decoding=\"async\" data-nimg=\"future\" loading=\"lazy\"><span class=\"epigraphe\">La sonrisa de Canapino en Laguna Seca. (Juncos Hollinger Racing)<\/span><\/div>\n<div class=\"custom-text \" readability=\"41\">\n<p>A falta de 47 segundos para que terminara la sesi\u00f3n, el l\u00edder era el argentino. Entonces, en los \u00faltimos giros, lo empezaron a adelantar y <strong>se qued\u00f3 afuera del Fast 12<\/strong>, al que se clasifican los seis mejores de cada grupo, por 72 mil\u00e9simas: Dixon lo pas\u00f3 por nada y lo dej\u00f3 en la 7\u00aa colocaci\u00f3n, <strong>por la que largar\u00e1 13\u00b0 en la carrera del domingo<\/strong>. Es la mejor posici\u00f3n de partida de su corta carrera en la IndyCar (super\u00f3 el 15\u00b0 puesto en el IndyGP de este a\u00f1o).<\/p>\n<\/div>\n<div class=\"custom-text \" readability=\"42\">\n<p>En el Fast 6, en el que se pele\u00f3 por la pole position, <strong>el l\u00edder -y quien partir\u00e1 desde el primer caj\u00f3n- fue el espa\u00f1ol \u00c1lex Palou<\/strong>. Le siguieron Kyle Kirkwood, Felix Rosenqvist, Colton Herta, Alexander Rossi y Christian Lundgaard. <strong>Romain Grosjean, el compa\u00f1ero de Canapino en el Juncos, partir\u00e1 desde el 8\u00b0 lugar<\/strong> (fue la mejor clasificaci\u00f3n del a\u00f1o para la estructura).<\/p>\n<\/div>\n<p><h2><strong>Un final para el infarto en la clasificaci\u00f3n de la IndyCar en Laguna Seca<\/strong><\/h2>\n<\/p>\n<div type=\"embed\" class=\"sc-3f46f5ae-0 djVTgz\">\n<div class=\"sc-3f46f5ae-1 fTjZec videoText\" id=\"contentTitleembedjgS3E21s\" type=\"embed\"><svg fill=\"#ffffff\"><symbol id=\"play\" viewBox=\"0 0 512 512\"><path d=\"M512 256C512 397.4 397.4 512 256 512C114.6 512 0 397.4 0 256C0 114.6 114.6 0 256 0C397.4 0 512 114.6 512 256zM176 168V344C176 352.7 180.7 360.7 188.3 364.9C195.8 369.2 205.1 369 212.5 364.5L356.5 276.5C363.6 272.1 368 264.4 368 256C368 247.6 363.6 239.9 356.5 235.5L212.5 147.5C205.1 142.1 195.8 142.8 188.3 147.1C180.7 151.3 176 159.3 176 168V168z\" \/><\/symbol><use xlink:href=\"#play\" \/><\/svg><\/p>\n<div class=\"right\">\n<p>Agust\u00edn Canapino<!-- --> &#8211;<!-- --> <span>&nbsp;<\/span><\/p>\n<h2 class=\"title-vid\">Canapino no pas\u00f3 el corte en la clasificaci\u00f3n por muy poquito<\/h2>\n<\/div>\n<\/div>\n<p><span class=\"back\" id=\"spanBackembedjgS3E21s\"><\/span><\/div>\n<p><h2><strong>D\u00eda, hora y TV de Agust\u00edn Canapino en Laguna Seca<\/strong><\/h2>\n<\/p>\n<div class=\"custom-text \" readability=\"42\">\n<p>Pasada la clasificaci\u00f3n del GP de Monterrey, lo que sigue es lo mejor del fin de semana: este domingo, a las 16, se pondr\u00e1 en marcha el warm up, <strong>y a partir de las 19 de Argentina, la carrera (ser\u00e1 a 95 vueltas)<\/strong>. La final se podr\u00e1 ver en vivo por <strong>Star +<\/strong>, pero tambi\u00e9n vas a poder seguir la previa, el minuto a minuto y el post en <strong>Ol\u00e9<\/strong>.<\/p>\n<\/div>\n<p><h2><strong>El antecedente positivo para el Tit\u00e1n en Laguna Seca<\/strong><\/h2>\n<\/p>\n<div class=\"custom-text \" readability=\"43\">\n<p>El circuito en el que est\u00e1 corriendo el Tit\u00e1n es uno de los que mejor le han sentado: <strong>el a\u00f1o pasado hizo una de sus mejores carreras de la temporada<\/strong>, en la que pele\u00f3 arriba y qued\u00f3 14\u00b0 por un golpe en su aler\u00f3n, y esta vez ir\u00e1 por m\u00e1s. La pista est\u00e1 ubicada en Monterrey, ciudad de California, en la Costa Oeste de Estados Unidos, y forma parte del calendario de la IndyCar por 27\u00aa ocasi\u00f3n. Usada desde 1957 y con 3,6 kil\u00f3metros, tiene una de las curvas m\u00e1s ex\u00f3ticas de la competencia <strong>(el Sacacorchos, de las m\u00e1s emblem\u00e1ticas del mundo del automovilismo)<\/strong> y recibe varios eventos deportivos y musicales durante todo el a\u00f1o.<\/p>\n<\/div>\n<div class=\"sc-e7b891c4-0 jPbnQF\"><img alt=\"En la clasificaci\u00f3n, Canapino termin\u00f3 por delante de Will Power, el puntero del campeonato. Nada mal.\" src=\"http:\/\/cordobadirecto.com\/wp-content\/uploads\/2024\/06\/agustin-canapino-hizo-su-mejor-clasificacion-en-la-indycar-hoy-en-laguna-seca-1.jpg\" width=\"720\" height=\"100\" decoding=\"async\" data-nimg=\"future\" loading=\"lazy\"><span class=\"epigraphe\">En la clasificaci\u00f3n, Canapino termin\u00f3 por delante de Will Power, el puntero del campeonato. Nada mal.<\/span><\/div>\n<div class=\"sc-a7166897-0 exHLBh\" readability=\"6.5\">\n<section readability=\"3\"><picture><img alt=\"Franco Colapinto en Espa\u00f1a: d\u00eda, horario y d\u00f3nde ver la carrera de la F2\" src=\"http:\/\/cordobadirecto.com\/wp-content\/uploads\/2024\/06\/agustin-canapino-hizo-su-mejor-clasificacion-en-la-indycar-hoy-en-laguna-seca-2.jpg\" width=\"290\" height=\"290\" decoding=\"async\" data-nimg=\"future\" loading=\"lazy\"><\/picture>\n<p><span>Mir\u00e1 tambi\u00e9n<\/span><\/p>\n<hr>\n<h3>Franco Colapinto en Espa\u00f1a: d\u00eda, horario y d\u00f3nde ver la carrera de la F2<\/h3>\n<\/p>\n<\/section>\n<\/div>\n<div class=\"sc-a7166897-0 exHLBh\" readability=\"6\">\n<section readability=\"2\"><picture><img alt=\"F1: Norris se qued\u00f3 con la pole y largar\u00e1 adelante en el GP de Barcelona\" src=\"http:\/\/cordobadirecto.com\/wp-content\/uploads\/2024\/06\/agustin-canapino-hizo-su-mejor-clasificacion-en-la-indycar-hoy-en-laguna-seca-3.jpg\" width=\"290\" height=\"290\" decoding=\"async\" data-nimg=\"future\" loading=\"lazy\"><\/picture>\n<p><span>Mir\u00e1 tambi\u00e9n<\/span><\/p>\n<hr>\n<h3>F1: Norris se qued\u00f3 con la pole y largar\u00e1 adelante en el GP de Barcelona<\/h3>\n<\/p>\n<\/section>\n<\/div>\n<div class=\"sc-a7166897-0 exHLBh\" readability=\"6\">\n<section readability=\"2\"><picture><img alt=\"GP de Espa\u00f1a de la F1: hora y d\u00f3nde ver por TV y online la carrera\" src=\"http:\/\/cordobadirecto.com\/wp-content\/uploads\/2024\/06\/agustin-canapino-hizo-su-mejor-clasificacion-en-la-indycar-hoy-en-laguna-seca-4.jpg\" width=\"290\" height=\"290\" decoding=\"async\" data-nimg=\"future\" loading=\"lazy\"><\/picture>\n<p><span>Mir\u00e1 tambi\u00e9n<\/span><\/p>\n<hr>\n<h3>GP de Espa\u00f1a de la F1: hora y d\u00f3nde ver por TV y online la carrera<\/h3>\n<\/p>\n<\/section>\n<\/div>\n<div class=\"sc-a7166897-0 exHLBh\" readability=\"6\">\n<section readability=\"2\"><picture><img alt=\"Lewis Hamilton conoci\u00f3 a su clon en el GP de Espa\u00f1a de la F1\" src=\"http:\/\/cordobadirecto.com\/wp-content\/uploads\/2024\/06\/agustin-canapino-hizo-su-mejor-clasificacion-en-la-indycar-hoy-en-laguna-seca-5.jpg\" width=\"290\" height=\"290\" decoding=\"async\" data-nimg=\"future\" loading=\"lazy\"><\/picture>\n<p><span>Mir\u00e1 tambi\u00e9n<\/span><\/p>\n<hr>\n<h3>Lewis Hamilton conoci\u00f3 a su clon en el GP de Espa\u00f1a de la F1<\/h3>\n<\/p>\n<\/section>\n<\/div>\n<\/div>\n","protected":false},"excerpt":{"rendered":"<p>22\/06\/2024 18:49hs. Actualizado al 22\/06\/2024 19:24hs. \u00bfQu\u00e9 tan bien anduvo Agust\u00edn Canapino en la clasificaci\u00f3n de la IndyCar en Laguna Seca? Es f\u00e1cil de reflejarlo: en el d\u00eda en el que hizo su mejor qualy en la categor\u00eda yanqui, qued\u00f3 un gustito amargo por lo poquito que le falt\u00f3 para pasar el corte y meterse [&hellip;]<\/p>\n","protected":false},"author":1,"featured_media":151700,"comment_status":"closed","ping_status":"closed","sticky":false,"template":"","format":"standard","meta":[],"categories":[21],"tags":[],"_links":{"self":[{"href":"http:\/\/cordobadirecto.com\/index.php\/wp-json\/wp\/v2\/posts\/151699"}],"collection":[{"href":"http:\/\/cordobadirecto.com\/index.php\/wp-json\/wp\/v2\/posts"}],"about":[{"href":"http:\/\/cordobadirecto.com\/index.php\/wp-json\/wp\/v2\/types\/post"}],"author":[{"embeddable":true,"href":"http:\/\/cordobadirecto.com\/index.php\/wp-json\/wp\/v2\/users\/1"}],"replies":[{"embeddable":true,"href":"http:\/\/cordobadirecto.com\/index.php\/wp-json\/wp\/v2\/comments?post=151699"}],"version-history":[{"count":0,"href":"http:\/\/cordobadirecto.com\/index.php\/wp-json\/wp\/v2\/posts\/151699\/revisions"}],"wp:featuredmedia":[{"embeddable":true,"href":"http:\/\/cordobadirecto.com\/index.php\/wp-json\/wp\/v2\/media\/151700"}],"wp:attachment":[{"href":"http:\/\/cordobadirecto.com\/index.php\/wp-json\/wp\/v2\/media?parent=151699"}],"wp:term":[{"taxonomy":"category","embeddable":true,"href":"http:\/\/cordobadirecto.com\/index.php\/wp-json\/wp\/v2\/categories?post=151699"},{"taxonomy":"post_tag","embeddable":true,"href":"http:\/\/cordobadirecto.com\/index.php\/wp-json\/wp\/v2\/tags?post=151699"}],"curies":[{"name":"wp","href":"https:\/\/api.w.org\/{rel}","templated":true}]}}