{"id":151745,"date":"2024-06-20T16:19:17","date_gmt":"2024-06-20T16:19:17","guid":{"rendered":"https:\/\/es.digitaltrends.com\/?p=1030689"},"modified":"2024-06-20T16:19:17","modified_gmt":"2024-06-20T16:19:17","slug":"instagram-cambia-de-manera-sorprendente-sus-videos-en-vivo","status":"publish","type":"post","link":"http:\/\/cordobadirecto.com\/index.php\/2024\/06\/20\/instagram-cambia-de-manera-sorprendente-sus-videos-en-vivo\/","title":{"rendered":"Instagram cambia de manera sorprendente sus videos en vivo"},"content":{"rendered":"<p><a href=\"https:\/\/es.digitaltrends.com\/sociales\/como-ver-instagram-sin-una-cuenta\/\"><strong>Instagram<\/strong> <\/a>quiere respetar a\u00fan m\u00e1s los niveles de privacidad de sus usuarios, por eso, est\u00e1 cambiando de manera sorprendente la manera en que gestiona sus videos en vivo.<\/p>\n<p>La red social perteneciente a Meta, comenzar\u00e1 a promover las transmisiones en vivo para grupos m\u00e1s peque\u00f1os y privados.<\/p>\n<figure id=\"attachment_1030690\" aria-describedby=\"caption-attachment-1030690\" class=\"wp-caption alignnone\"><img src=\"http:\/\/cordobadirecto.com\/wp-content\/uploads\/2024\/06\/instagram-cambia-de-manera-sorprendente-sus-videos-en-vivo.gif\" data-dt-lazy-src=\"https:\/\/es.digitaltrends.com\/wp-content\/uploads\/2024\/06\/Instagram-en-vivo.jpeg?fit=720%2C470&amp;p=1\" onerror=\"dti_load_error(this)\" fetchpriority=\"high\" decoding=\"async\" class=\" size-large wp-image-1030690 h-lightbox is-zoomable dt-lazy-load dt-lazy-pending\" alt=\"Instagram\"><figcaption id=\"caption-attachment-1030690\" class=\"wp-caption-text\"><span class=\"credit\">Digital Trends Espa\u00f1ol<\/span><\/figcaption><\/figure>\n<p>A partir de hoy, los usuarios de Instagram podr\u00e1n organizar transmisiones en vivo solo disponibles para su lista seleccionada de amigos cercanos. Hasta otras tres cuentas pueden unirse a la transmisi\u00f3n en vivo y transmitir con el usuario original.<strong> La funci\u00f3n se implementa a nivel mundial.<\/strong><\/p>\n<p>Esto no era posible hasta el momento, ya que si uno comenzaba una transmisi\u00f3n en vivo, cualquiera pod\u00eda sintonizarla y verla si su cuenta era p\u00fablica, y todos los seguidores pod\u00edan ver la transmisi\u00f3n si ten\u00eda una cuenta privada.<\/p>\n<p>La caracter\u00edstica posiblemente tiene m\u00e1s que ver con una llamada por Messenger o FaceTime que con un video en vivo al estilo influencer, pero va en la l\u00ednea de lo que ha intentando promover Instagram con interacciones m\u00e1s directas entre los usuarios.<\/p>\n<h4 class=\"b-editors-recs-title h-editors-recs-title\"> Recomendaciones del editor<\/h4>\n<p> <span id=\"publisher-md\" itemprop=\"publisher\" itemscope itemtype=\"https:\/\/schema.org\/Organization\"> <span itemprop=\"url\" itemtype=\"https:\/\/schema.org\/Url\" content=\"https:\/\/es.digitaltrends.com\"> <span itemprop=\"logo\" itemscope itemtype=\"https:\/\/schema.org\/ImageObject\"> <meta itemprop=\"url\" content=\"https:\/\/cdn.dtcn.com\/dt\/dt-logo-small.png\"> <meta itemprop=\"width\" content=\"0\"> <meta itemprop=\"height\" content=\"0\"> <\/span> <meta itemprop=\"name\" content=\"Digital Trends Espa\u00f1ol\"> <\/span> <span itemprop=\"image\" itemscope itemtype=\"https:\/\/schema.org\/ImageObject\"> <meta itemprop=\"url\" content=\"https:\/\/es.digitaltrends.com\/wp-content\/uploads\/2024\/06\/Instagram-en-vivo.jpeg?p=1\"> <\/span> <\/span> <\/p>\n","protected":false},"excerpt":{"rendered":"<p>Instagram quiere respetar a\u00fan m\u00e1s los niveles de privacidad de sus usuarios, por eso, est\u00e1 cambiando de manera sorprendente la manera en que gestiona sus videos en vivo. La red social perteneciente a Meta, comenzar\u00e1 a promover las transmisiones en vivo para grupos m\u00e1s peque\u00f1os y privados. Digital Trends Espa\u00f1ol A partir de hoy, los [&hellip;]<\/p>\n","protected":false},"author":1,"featured_media":151746,"comment_status":"closed","ping_status":"closed","sticky":false,"template":"","format":"standard","meta":[],"categories":[26],"tags":[],"_links":{"self":[{"href":"http:\/\/cordobadirecto.com\/index.php\/wp-json\/wp\/v2\/posts\/151745"}],"collection":[{"href":"http:\/\/cordobadirecto.com\/index.php\/wp-json\/wp\/v2\/posts"}],"about":[{"href":"http:\/\/cordobadirecto.com\/index.php\/wp-json\/wp\/v2\/types\/post"}],"author":[{"embeddable":true,"href":"http:\/\/cordobadirecto.com\/index.php\/wp-json\/wp\/v2\/users\/1"}],"replies":[{"embeddable":true,"href":"http:\/\/cordobadirecto.com\/index.php\/wp-json\/wp\/v2\/comments?post=151745"}],"version-history":[{"count":0,"href":"http:\/\/cordobadirecto.com\/index.php\/wp-json\/wp\/v2\/posts\/151745\/revisions"}],"wp:featuredmedia":[{"embeddable":true,"href":"http:\/\/cordobadirecto.com\/index.php\/wp-json\/wp\/v2\/media\/151746"}],"wp:attachment":[{"href":"http:\/\/cordobadirecto.com\/index.php\/wp-json\/wp\/v2\/media?parent=151745"}],"wp:term":[{"taxonomy":"category","embeddable":true,"href":"http:\/\/cordobadirecto.com\/index.php\/wp-json\/wp\/v2\/categories?post=151745"},{"taxonomy":"post_tag","embeddable":true,"href":"http:\/\/cordobadirecto.com\/index.php\/wp-json\/wp\/v2\/tags?post=151745"}],"curies":[{"name":"wp","href":"https:\/\/api.w.org\/{rel}","templated":true}]}}