{"id":15177,"date":"2021-08-23T16:57:36","date_gmt":"2021-08-23T16:57:36","guid":{"rendered":"https:\/\/www.bbc.com\/mundo\/noticias-58181006"},"modified":"2021-08-23T16:57:36","modified_gmt":"2021-08-23T16:57:36","slug":"que-hay-realmente-detras-de-la-falta-de-trabajadores-en-estados-unidos","status":"publish","type":"post","link":"http:\/\/cordobadirecto.com\/index.php\/2021\/08\/23\/que-hay-realmente-detras-de-la-falta-de-trabajadores-en-estados-unidos\/","title":{"rendered":"Qu\u00e9 hay realmente detr\u00e1s de la falta de trabajadores en Estados Unidos"},"content":{"rendered":"<div dir=\"ltr\" class=\"e1j2237y5 bbc-q4ibpr e57qer20\">\n<div class=\"bbc-1atl7vu e1c9i7u14\">\n<ul role=\"list\" class=\"bbc-cdrraw e1c9i7u12\">\n<li role=\"listitem\" class=\"bbc-1a3w4ok e1c9i7u11\">Cecilia Barr\u00eda<\/li>\n<li role=\"listitem\" class=\"bbc-1p92jtu e1c9i7u10\">BBC News Mundo<\/li>\n<\/ul>\n<\/div>\n<\/div>\n<p><time datetime=\"2021-08-23\" class=\"bbc-14xtggo e4zesg50\">4 horas<\/time><\/p>\n<div dir=\"ltr\" class=\"bbc-1ka88fa e57qer20\">\n<figure class=\"bbc-1qdcvv9 e6bmn90\">\n<div dir=\"ltr\" class=\"bbc-172p16q e57qer20\">\n<div dir=\"ltr\" class=\"bbc-189y18v e57qer20\" readability=\"6.5\">\n<div data-e2e=\"image-placeholder\" class=\"bbc-1k5hvrj e1whu0\" readability=\"8\"><img srcset=\"http:\/\/cordobadirecto.com\/wp-content\/uploads\/2021\/08\/que-hay-realmente-detras-de-la-falta-de-trabajadores-en-estados-unidos-12.jpg 240w, http:\/\/cordobadirecto.com\/wp-content\/uploads\/2021\/08\/que-hay-realmente-detras-de-la-falta-de-trabajadores-en-estados-unidos-13.jpg 320w, http:\/\/cordobadirecto.com\/wp-content\/uploads\/2021\/08\/que-hay-realmente-detras-de-la-falta-de-trabajadores-en-estados-unidos-14.jpg 480w, http:\/\/cordobadirecto.com\/wp-content\/uploads\/2021\/08\/que-hay-realmente-detras-de-la-falta-de-trabajadores-en-estados-unidos-15.jpg 624w, http:\/\/cordobadirecto.com\/wp-content\/uploads\/2021\/08\/que-hay-realmente-detras-de-la-falta-de-trabajadores-en-estados-unidos-16.jpg 800w\" alt=\"Camarera\" src=\"http:\/\/cordobadirecto.com\/wp-content\/uploads\/2021\/08\/que-hay-realmente-detras-de-la-falta-de-trabajadores-en-estados-unidos.jpg\" width=\"976\" class=\"bbc-fat2bc e1enwo3v0\"><\/p>\n<p role=\"text\" class=\"bbc-1s1cxbv etq3yw90\"><span class=\"bbc-1gnhmg2 e1yt7oin0\">Fuente de la imagen, <\/span><span lang=\"en-GB\">Getty Images<\/span><\/p>\n<\/div>\n<\/div>\n<\/div>\n<\/figure>\n<\/div>\n<div dir=\"ltr\" class=\"bbc-19j92fr e57qer20\" readability=\"9\">\n<p dir=\"ltr\" class=\"bbc-bm53ic e1cc2ql70\"><b>Cuando aument\u00f3 el flujo de clientes al restaurante familiar Pineapple Grill en Texas, Pomai Uyehara se encontr\u00f3 en serios aprietos: no pod\u00eda conseguir suficientes trabajadores.<\/b><\/p>\n<\/div>\n<div dir=\"ltr\" class=\"bbc-19j92fr e57qer20\" readability=\"9\">\n<p dir=\"ltr\" class=\"bbc-bm53ic e1cc2ql70\">Fue entonces cuando se le ocurri\u00f3 ofrecer un bono de US$300 para el puesto de cocinero y uno de US$150 para los camareros, adem\u00e1s de otros incentivos monetarios seg\u00fan el desempe\u00f1o laboral.<\/p>\n<\/div>\n<div dir=\"ltr\" class=\"bbc-19j92fr e57qer20\" readability=\"7\">\n<p dir=\"ltr\" class=\"bbc-bm53ic e1cc2ql70\">Ese mismo tipo de ofertas para atraer empleados <b>est\u00e1n por todas partes.<\/b><\/p>\n<\/div>\n<div dir=\"ltr\" class=\"bbc-19j92fr e57qer20\" readability=\"13\">\n<p dir=\"ltr\" class=\"bbc-bm53ic e1cc2ql70\">No solo han tenido que subir los salarios, sino que adem\u00e1s las compa\u00f1\u00edas est\u00e1n ofreciendo el pago de carreras universitarias, seguros m\u00e9dicos, horarios m\u00e1s flexibles, bonos y hasta dinero solo por asistir a una entrevista.<\/p>\n<\/div>\n<div dir=\"ltr\" class=\"bbc-1ka88fa e57qer20\">\n<figure class=\"bbc-1qdcvv9 e6bmn90\">\n<div dir=\"ltr\" class=\"bbc-172p16q e57qer20\">\n<div dir=\"ltr\" class=\"bbc-189y18v e57qer20\" readability=\"6.5\">\n<div data-e2e=\"image-placeholder\" class=\"bbc-1k5hvrj e1whu0\" readability=\"8\"><noscript><img srcset=\"http:\/\/cordobadirecto.com\/wp-content\/uploads\/2021\/08\/que-hay-realmente-detras-de-la-falta-de-trabajadores-en-estados-unidos-17.jpg 240w, http:\/\/cordobadirecto.com\/wp-content\/uploads\/2021\/08\/que-hay-realmente-detras-de-la-falta-de-trabajadores-en-estados-unidos-18.jpg 320w, http:\/\/cordobadirecto.com\/wp-content\/uploads\/2021\/08\/que-hay-realmente-detras-de-la-falta-de-trabajadores-en-estados-unidos-19.jpg 480w, http:\/\/cordobadirecto.com\/wp-content\/uploads\/2021\/08\/que-hay-realmente-detras-de-la-falta-de-trabajadores-en-estados-unidos-20.jpg 624w, http:\/\/cordobadirecto.com\/wp-content\/uploads\/2021\/08\/que-hay-realmente-detras-de-la-falta-de-trabajadores-en-estados-unidos-21.jpg 800w\" alt=\"Local de Pollo Tropical en Miami\" src=\"http:\/\/cordobadirecto.com\/wp-content\/uploads\/2021\/08\/que-hay-realmente-detras-de-la-falta-de-trabajadores-en-estados-unidos-1.jpg\" width=\"976\" class=\"bbc-fat2bc e1enwo3v0\"><\/noscript><\/p>\n<p role=\"text\" class=\"bbc-1s1cxbv etq3yw90\"><span class=\"bbc-1gnhmg2 e1yt7oin0\">Fuente de la imagen, <\/span><span lang=\"en-GB\">Cecilia Barr\u00eda\/BBC Mundo<\/span><\/p>\n<\/div>\n<\/div>\n<div dir=\"ltr\" class=\"bbc-3edg7g e57qer20\" readability=\"6.5\"><figcaption dir=\"ltr\" class=\"bbc-1t9zlwf eede9f50\" readability=\"3\"><span class=\"bbc-1gnhmg2 e1yt7oin0\">Pie de foto, <\/span><\/p>\n<p>La cadena de restaurantes Pollo Tropical ofrece en Miami un bono de US$500 para quien quiera trabajar con ellos.<\/p>\n<\/figcaption><\/div>\n<\/div>\n<\/figure>\n<\/div>\n<div dir=\"ltr\" class=\"bbc-19j92fr e57qer20\" readability=\"8\">\n<p dir=\"ltr\" class=\"bbc-bm53ic e1cc2ql70\">Es que a medida que avanza la recuperaci\u00f3n econ\u00f3mica, los negocios necesitan m\u00e1s trabajadores.<\/p>\n<\/div>\n<div dir=\"ltr\" class=\"bbc-19j92fr e57qer20\" readability=\"10\">\n<p dir=\"ltr\" class=\"bbc-bm53ic e1cc2ql70\">Tanto es as\u00ed que las vacantes de empleo en junio <b>alcanzaron un r\u00e9cord <\/b>de 10,1 millones, seg\u00fan cifras del Departamento de Trabajo.<\/p>\n<\/div>\n<div dir=\"ltr\" class=\"bbc-19j92fr e57qer20\" readability=\"12\">\n<p dir=\"ltr\" class=\"bbc-bm53ic e1cc2ql70\">Los que tienen m\u00e1s urgencia de conseguir mano de obra son los restaurantes, hoteles, cadenas de comida, supermercados, negocios de comercio minorista y la industria del esparcimiento.<\/p>\n<\/div>\n<p><h2 id=\"Adi\u00f3s-al-viejo-empleo\" tabindex=\"-1\" class=\"bbc-l3e97o e14hemmw0\">Adi\u00f3s al viejo empleo<\/h2>\n<\/p>\n<div dir=\"ltr\" class=\"bbc-19j92fr e57qer20\" readability=\"10\">\n<p dir=\"ltr\" class=\"bbc-bm53ic e1cc2ql70\">A sus 21 a\u00f1os, Addison Bueide, dice que <b>no volver\u00e1 a su empleo<\/b> como camarera en un club privado en la ciudad de Austin.<\/p>\n<\/div>\n<div dir=\"ltr\" class=\"bbc-19j92fr e57qer20\" readability=\"9\">\n<p dir=\"ltr\" class=\"bbc-bm53ic e1cc2ql70\">&#8220;La pandemia fue realmente dura, especialmente porque mis jefes no se tomaban muy en serio el uso de mascarillas y dejaban que la gente fuera sin ellas&#8221;.<\/p>\n<\/div>\n<div dir=\"ltr\" class=\"bbc-19j92fr e57qer20\" readability=\"10\">\n<p dir=\"ltr\" class=\"bbc-bm53ic e1cc2ql70\">Como ella, hay muchas otras personas cuyo oficio las obliga a trabajar en lugares cerrados o en contacto permanente con clientes, dej\u00e1ndolas expuestas a un mayor nivel de contagio.<\/p>\n<\/div>\n<div dir=\"ltr\" class=\"bbc-19j92fr e57qer20\" readability=\"9\">\n<p dir=\"ltr\" class=\"bbc-bm53ic e1cc2ql70\">Y como ahora la <b>variante delta<\/b> del coronavirus ha provocado un repunte de los casos en el pa\u00eds, el mercado laboral se est\u00e1 moviendo en un terreno bastante impredecible.<\/p>\n<\/div>\n<div dir=\"ltr\" class=\"bbc-19j92fr e57qer20\" readability=\"10\">\n<p dir=\"ltr\" class=\"bbc-bm53ic e1cc2ql70\">&#8220;Todos mis empleados est\u00e1n trabajando 6 \u00f3 7 d\u00edas a la semana porque nos falta personal&#8221;, le cont\u00f3 a BBC Mundo Carlos Gazitua, presidente de la cadena de restaurantes Sergio&#8217;s en Florida.<\/p>\n<\/div>\n<div dir=\"ltr\" class=\"bbc-19j92fr e57qer20\" readability=\"10\">\n<p dir=\"ltr\" class=\"bbc-bm53ic e1cc2ql70\">A los lavaplatos que ha logrado contratar para las cocinas de sus restaurantes les est\u00e1 pagando US$19 por hora, cuando antes de la pandemia los empleados con esa funci\u00f3n no sol\u00edan percibir m\u00e1s de US$12.<\/p>\n<\/div>\n<div dir=\"ltr\" class=\"bbc-19j92fr e57qer20\" readability=\"7\">\n<p dir=\"ltr\" class=\"bbc-bm53ic e1cc2ql70\">El fen\u00f3meno tiene a las autoridades con el radar encendido.<\/p>\n<\/div>\n<div dir=\"ltr\" class=\"bbc-19j92fr e57qer20\" readability=\"13\">\n<p dir=\"ltr\" class=\"bbc-bm53ic e1cc2ql70\">&#8220;Ahora <b>estamos rezagados<\/b> respecto a nuestros pares en la participaci\u00f3n de la fuerza laboral, que no es donde queremos estar como pa\u00eds&#8221;, dijo el presidente de la Reserva Federal, Jerome Powell, en una audiencia del comit\u00e9 bancario del Senado a mediados del julio. <\/p>\n<\/div>\n<div dir=\"ltr\" class=\"bbc-19j92fr e57qer20\" readability=\"8\">\n<p dir=\"ltr\" class=\"bbc-bm53ic e1cc2ql70\">&#8220;Necesitamos trabajar como sociedad para asegurarnos de que las personas encuentren el camino de regreso a la fuerza laboral&#8221;.<\/p>\n<\/div>\n<div dir=\"ltr\" class=\"bbc-1ka88fa e57qer20\">\n<figure class=\"bbc-1qdcvv9 e6bmn90\">\n<div dir=\"ltr\" class=\"bbc-172p16q e57qer20\">\n<div dir=\"ltr\" class=\"bbc-189y18v e57qer20\" readability=\"6.5\">\n<div data-e2e=\"image-placeholder\" class=\"bbc-1k5hvrj e1whu0\" readability=\"8\"><noscript><img srcset=\"http:\/\/cordobadirecto.com\/wp-content\/uploads\/2021\/08\/que-hay-realmente-detras-de-la-falta-de-trabajadores-en-estados-unidos-22.jpg 240w, http:\/\/cordobadirecto.com\/wp-content\/uploads\/2021\/08\/que-hay-realmente-detras-de-la-falta-de-trabajadores-en-estados-unidos-23.jpg 320w, http:\/\/cordobadirecto.com\/wp-content\/uploads\/2021\/08\/que-hay-realmente-detras-de-la-falta-de-trabajadores-en-estados-unidos-24.jpg 480w, http:\/\/cordobadirecto.com\/wp-content\/uploads\/2021\/08\/que-hay-realmente-detras-de-la-falta-de-trabajadores-en-estados-unidos-25.jpg 624w, http:\/\/cordobadirecto.com\/wp-content\/uploads\/2021\/08\/que-hay-realmente-detras-de-la-falta-de-trabajadores-en-estados-unidos-26.jpg 800w\" alt=\"Jerome Powell\" src=\"http:\/\/cordobadirecto.com\/wp-content\/uploads\/2021\/08\/que-hay-realmente-detras-de-la-falta-de-trabajadores-en-estados-unidos-2.jpg\" width=\"976\" class=\"bbc-fat2bc e1enwo3v0\"><\/noscript><\/p>\n<p role=\"text\" class=\"bbc-1s1cxbv etq3yw90\"><span class=\"bbc-1gnhmg2 e1yt7oin0\">Fuente de la imagen, <\/span><span lang=\"en-GB\">Getty Images<\/span><\/p>\n<\/div>\n<\/div>\n<div dir=\"ltr\" class=\"bbc-3edg7g e57qer20\" readability=\"6\"><figcaption dir=\"ltr\" class=\"bbc-1t9zlwf eede9f50\" readability=\"2\"><span class=\"bbc-1gnhmg2 e1yt7oin0\">Pie de foto, <\/span><\/p>\n<p>Jerome Powell explic\u00f3 que el pa\u00eds estaba quedando rezagado frente a sus pares.<\/p>\n<\/figcaption><\/div>\n<\/div>\n<\/figure>\n<\/div>\n<div dir=\"ltr\" class=\"bbc-19j92fr e57qer20\" readability=\"7\">\n<p dir=\"ltr\" class=\"bbc-bm53ic e1cc2ql70\">En el centro del debate sobre las razones que explican el fen\u00f3meno hay dos grandes posturas.<\/p>\n<\/div>\n<div dir=\"ltr\" class=\"bbc-19j92fr e57qer20\" readability=\"8\">\n<p dir=\"ltr\" class=\"bbc-bm53ic e1cc2ql70\">Los que creen que las personas no quieren trabajar porque prefieren vivir de los beneficios sociales que entrega el gobierno a los desempleados a ra\u00edz de la pandemia (US$300 a la semana).<\/p>\n<\/div>\n<div dir=\"ltr\" class=\"bbc-19j92fr e57qer20\" readability=\"7\">\n<p dir=\"ltr\" class=\"bbc-bm53ic e1cc2ql70\">Y los que plantean que el tema es mucho m\u00e1s complejo.<\/p>\n<\/div>\n<div dir=\"ltr\" class=\"bbc-19j92fr e57qer20\" readability=\"10\">\n<p dir=\"ltr\" class=\"bbc-bm53ic e1cc2ql70\">Aunque la mayor parte de los empleos vacantes son aquellos que tradicionalmente han pagado <b>los salarios m\u00e1s bajos<\/b>, ciertamente la escasez de trabajadores ha permeado sectores m\u00e1s amplios de la sociedad.<\/p>\n<\/div>\n<div dir=\"ltr\" class=\"bbc-19j92fr e57qer20\" readability=\"10\">\n<p dir=\"ltr\" class=\"bbc-bm53ic e1cc2ql70\">Precisamente porque no es una masa homog\u00e9nea de personas, las razones para entender este fen\u00f3meno son tan distintas, como las personas que lo est\u00e1n viviendo.<\/p>\n<\/div>\n<div dir=\"ltr\" class=\"bbc-19j92fr e57qer20\" readability=\"9\">\n<p dir=\"ltr\" class=\"bbc-bm53ic e1cc2ql70\">Estas son algunas de las claves detr\u00e1s de la pronunciada escasez de empleados en Estados Unidos, seg\u00fan los expertos consultados por BBC Mundo.<\/p>\n<\/div>\n<p><h2 id=\"1-Salarios-y-condiciones-de-trabajo\" tabindex=\"-1\" class=\"bbc-l3e97o e14hemmw0\">1. Salarios y condiciones de trabajo<\/h2>\n<\/p>\n<div dir=\"ltr\" class=\"bbc-19j92fr e57qer20\" readability=\"8\">\n<p dir=\"ltr\" class=\"bbc-bm53ic e1cc2ql70\">Con tantas vacantes disponibles los trabajadores tienen claro que este es el momento de conseguir un mejor salario por el mismo tipo de trabajo que realizaban antes.<\/p>\n<\/div>\n<div dir=\"ltr\" class=\"bbc-19j92fr e57qer20\" readability=\"9\">\n<p dir=\"ltr\" class=\"bbc-bm53ic e1cc2ql70\">Aunque no hay una ley federal que establezca un pago m\u00ednimo de US$15 la hora, cada vez m\u00e1s empresas se est\u00e1n acercando a ese umbral ante la falta de mano de obra.<\/p>\n<\/div>\n<div dir=\"ltr\" class=\"bbc-1ka88fa e57qer20\">\n<figure class=\"bbc-1qdcvv9 e6bmn90\">\n<div dir=\"ltr\" class=\"bbc-172p16q e57qer20\">\n<div dir=\"ltr\" class=\"bbc-189y18v e57qer20\" readability=\"6.5\">\n<div data-e2e=\"image-placeholder\" class=\"bbc-1k5hvrj e1whu0\" readability=\"8\"><noscript><img srcset=\"http:\/\/cordobadirecto.com\/wp-content\/uploads\/2021\/08\/que-hay-realmente-detras-de-la-falta-de-trabajadores-en-estados-unidos-27.jpg 240w, http:\/\/cordobadirecto.com\/wp-content\/uploads\/2021\/08\/que-hay-realmente-detras-de-la-falta-de-trabajadores-en-estados-unidos-28.jpg 320w, http:\/\/cordobadirecto.com\/wp-content\/uploads\/2021\/08\/que-hay-realmente-detras-de-la-falta-de-trabajadores-en-estados-unidos-29.jpg 480w, http:\/\/cordobadirecto.com\/wp-content\/uploads\/2021\/08\/que-hay-realmente-detras-de-la-falta-de-trabajadores-en-estados-unidos-30.jpg 624w, http:\/\/cordobadirecto.com\/wp-content\/uploads\/2021\/08\/que-hay-realmente-detras-de-la-falta-de-trabajadores-en-estados-unidos-31.jpg 800w\" alt=\"Cocinero\" src=\"http:\/\/cordobadirecto.com\/wp-content\/uploads\/2021\/08\/que-hay-realmente-detras-de-la-falta-de-trabajadores-en-estados-unidos-3.jpg\" width=\"976\" class=\"bbc-fat2bc e1enwo3v0\"><\/noscript><\/p>\n<p role=\"text\" class=\"bbc-1s1cxbv etq3yw90\"><span class=\"bbc-1gnhmg2 e1yt7oin0\">Fuente de la imagen, <\/span><span lang=\"en-GB\">Getty Images<\/span><\/p>\n<\/div>\n<\/div>\n<\/div>\n<\/figure>\n<\/div>\n<div dir=\"ltr\" class=\"bbc-19j92fr e57qer20\" readability=\"7\">\n<p dir=\"ltr\" class=\"bbc-bm53ic e1cc2ql70\">Pero el dinero no lo es todo.<\/p>\n<\/div>\n<div dir=\"ltr\" class=\"bbc-19j92fr e57qer20\" readability=\"14\">\n<p dir=\"ltr\" class=\"bbc-bm53ic e1cc2ql70\">&#8220;La escasez se debe principalmente a que los trabajadores no quieren regresar a lugares de trabajo <b>donde no los respetan, <\/b>no les brindan seguridad, no les dan ning\u00fan beneficio y les pagan bajos salarios&#8221;, le dice a BBC Mundo Victor Narro, director de Proyectos y profesor del centro de Estudios Laborales de la Universidad de California Los \u00c1ngeles (UCLA).<\/p>\n<\/div>\n<div dir=\"ltr\" class=\"bbc-19j92fr e57qer20\" readability=\"7\">\n<p dir=\"ltr\" class=\"bbc-bm53ic e1cc2ql70\">&#8220;Esto tiene m\u00e1s que ver con escasez de buenos trabajos que con escasez de trabajadores&#8221;.<\/p>\n<\/div>\n<p><h2 id=\"2-Beneficios-por-desempleo\" tabindex=\"-1\" class=\"bbc-l3e97o e14hemmw0\">2. Beneficios por desempleo<\/h2>\n<\/p>\n<div dir=\"ltr\" class=\"bbc-19j92fr e57qer20\" readability=\"9\">\n<p dir=\"ltr\" class=\"bbc-bm53ic e1cc2ql70\">Muchos empresarios reclaman que no pueden llenar sus vacantes porque los US$300 que recibe un desempleado a la semana como beneficio del gobierno para enfrentar la pandemia lo incentivan a vivir de la ayuda social en vez de trabajar.<\/p>\n<\/div>\n<div dir=\"ltr\" class=\"bbc-19j92fr e57qer20\" readability=\"8\">\n<p dir=\"ltr\" class=\"bbc-bm53ic e1cc2ql70\">Es por eso que algunos estados republicanos han comenzado a detener el pago del beneficio con miras a estimular el regreso al trabajo.<\/p>\n<\/div>\n<div dir=\"ltr\" class=\"bbc-1ka88fa e57qer20\">\n<figure class=\"bbc-1qdcvv9 e6bmn90\">\n<div dir=\"ltr\" class=\"bbc-172p16q e57qer20\">\n<div dir=\"ltr\" class=\"bbc-189y18v e57qer20\" readability=\"6.5\">\n<div data-e2e=\"image-placeholder\" class=\"bbc-1k5hvrj e1whu0\" readability=\"8\"><noscript><img srcset=\"http:\/\/cordobadirecto.com\/wp-content\/uploads\/2021\/08\/que-hay-realmente-detras-de-la-falta-de-trabajadores-en-estados-unidos-32.jpg 240w, http:\/\/cordobadirecto.com\/wp-content\/uploads\/2021\/08\/que-hay-realmente-detras-de-la-falta-de-trabajadores-en-estados-unidos-33.jpg 320w, http:\/\/cordobadirecto.com\/wp-content\/uploads\/2021\/08\/que-hay-realmente-detras-de-la-falta-de-trabajadores-en-estados-unidos-34.jpg 480w, http:\/\/cordobadirecto.com\/wp-content\/uploads\/2021\/08\/que-hay-realmente-detras-de-la-falta-de-trabajadores-en-estados-unidos-35.jpg 624w, http:\/\/cordobadirecto.com\/wp-content\/uploads\/2021\/08\/que-hay-realmente-detras-de-la-falta-de-trabajadores-en-estados-unidos-36.jpg 800w\" alt=\"Mujeres repartiendo comida\" src=\"http:\/\/cordobadirecto.com\/wp-content\/uploads\/2021\/08\/que-hay-realmente-detras-de-la-falta-de-trabajadores-en-estados-unidos-4.jpg\" width=\"976\" class=\"bbc-fat2bc e1enwo3v0\"><\/noscript><\/p>\n<p role=\"text\" class=\"bbc-1s1cxbv etq3yw90\"><span class=\"bbc-1gnhmg2 e1yt7oin0\">Fuente de la imagen, <\/span><span lang=\"en-GB\">Getty Images<\/span><\/p>\n<\/div>\n<\/div>\n<\/div>\n<\/figure>\n<\/div>\n<div dir=\"ltr\" class=\"bbc-19j92fr e57qer20\" readability=\"9\">\n<p dir=\"ltr\" class=\"bbc-bm53ic e1cc2ql70\">Como es una medida reciente, <b>a\u00fan no hay datos<\/b> para evaluar los efectos de esa pol\u00edtica en las \u00faltimas semanas.<\/p>\n<\/div>\n<div dir=\"ltr\" class=\"bbc-19j92fr e57qer20\" readability=\"16\">\n<p dir=\"ltr\" class=\"bbc-bm53ic e1cc2ql70\">Con todo, un estudio realizado por los economistas del Banco de la Reserva Federal de San Francisco, Nicolas Petrosky-Nadeau y Robert G. Valletta, se\u00f1ala que las ayudas entregadas a partir del a\u00f1o pasado han tenido un efecto disuasorio m\u00ednimo en la b\u00fasqueda de empleo, excepto en los puestos peor pagados (US$11,12 la hora), como los servicios de alimentaci\u00f3n. <\/p>\n<\/div>\n<div dir=\"ltr\" class=\"bbc-19j92fr e57qer20\" readability=\"9\">\n<p dir=\"ltr\" class=\"bbc-bm53ic e1cc2ql70\">M\u00e1s all\u00e1 del debate pol\u00edtico que genera el tema de las <b>ayudas sociales<\/b>, la mayor parte de los economistas coincide en que es uno de los factores en juego.<\/p>\n<\/div>\n<div dir=\"ltr\" class=\"bbc-19j92fr e57qer20\" readability=\"12\">\n<p dir=\"ltr\" class=\"bbc-bm53ic e1cc2ql70\">&#8220;No se puede desconocer que los beneficios han contribuido, aunque tambi\u00e9n es cierto que influye la percepci\u00f3n de riesgo sobre la pandemia o la situaci\u00f3n del cuidado de los ni\u00f1os&#8221;, dice Timothy Bond, profesor del Departamento de Econom\u00eda de la Universidad de Purdue en di\u00e1logo con BBC Mundo.<\/p>\n<\/div>\n<p><h2 id=\"3-El-cuidado-infantil-\" tabindex=\"-1\" class=\"bbc-l3e97o e14hemmw0\">3. El cuidado infantil <\/h2>\n<\/p>\n<div dir=\"ltr\" class=\"bbc-19j92fr e57qer20\" readability=\"8\">\n<p dir=\"ltr\" class=\"bbc-bm53ic e1cc2ql70\">La falta de una adecuada red de cuidado infantil es una de las razones mencionadas por todos los expertos a la hora de resolver el puzzle de los trabajadores ausentes.<\/p>\n<\/div>\n<div dir=\"ltr\" class=\"bbc-19j92fr e57qer20\" readability=\"12\">\n<p dir=\"ltr\" class=\"bbc-bm53ic e1cc2ql70\">&#8220;El distanciamiento f\u00edsico interrumpi\u00f3 completamente las rutinas y estructuras, cerrando escuelas y guarder\u00edas. Esto <b>limit\u00f3 las opciones de cuidado infantil<\/b>&#8220;, le comenta a BBC Mundo Kent Mahoney, vicepresidente ejecutivo de la firma de an\u00e1lisis y consultor\u00eda Proxima. <\/p>\n<\/div>\n<div dir=\"ltr\" class=\"bbc-1ka88fa e57qer20\">\n<figure class=\"bbc-1qdcvv9 e6bmn90\">\n<div dir=\"ltr\" class=\"bbc-172p16q e57qer20\">\n<div dir=\"ltr\" class=\"bbc-189y18v e57qer20\" readability=\"6.5\">\n<div data-e2e=\"image-placeholder\" class=\"bbc-1k5hvrj e1whu0\" readability=\"8\"><noscript><img srcset=\"http:\/\/cordobadirecto.com\/wp-content\/uploads\/2021\/08\/que-hay-realmente-detras-de-la-falta-de-trabajadores-en-estados-unidos-37.jpg 240w, http:\/\/cordobadirecto.com\/wp-content\/uploads\/2021\/08\/que-hay-realmente-detras-de-la-falta-de-trabajadores-en-estados-unidos-38.jpg 320w, http:\/\/cordobadirecto.com\/wp-content\/uploads\/2021\/08\/que-hay-realmente-detras-de-la-falta-de-trabajadores-en-estados-unidos-39.jpg 480w, http:\/\/cordobadirecto.com\/wp-content\/uploads\/2021\/08\/que-hay-realmente-detras-de-la-falta-de-trabajadores-en-estados-unidos-40.jpg 624w, http:\/\/cordobadirecto.com\/wp-content\/uploads\/2021\/08\/que-hay-realmente-detras-de-la-falta-de-trabajadores-en-estados-unidos-41.jpg 800w\" alt=\"Guarder\u00eda\" src=\"http:\/\/cordobadirecto.com\/wp-content\/uploads\/2021\/08\/que-hay-realmente-detras-de-la-falta-de-trabajadores-en-estados-unidos-5.jpg\" width=\"976\" class=\"bbc-fat2bc e1enwo3v0\"><\/noscript><\/p>\n<p role=\"text\" class=\"bbc-1s1cxbv etq3yw90\"><span class=\"bbc-1gnhmg2 e1yt7oin0\">Fuente de la imagen, <\/span><span lang=\"en-GB\">Getty Images<\/span><\/p>\n<\/div>\n<\/div>\n<\/div>\n<\/figure>\n<\/div>\n<div dir=\"ltr\" class=\"bbc-19j92fr e57qer20\" readability=\"7\">\n<p dir=\"ltr\" class=\"bbc-bm53ic e1cc2ql70\">Muchas mujeres salieron de la fuerza laboral y no han vuelto a reintegrarse.<\/p>\n<\/div>\n<div dir=\"ltr\" class=\"bbc-19j92fr e57qer20\" readability=\"10\">\n<p dir=\"ltr\" class=\"bbc-bm53ic e1cc2ql70\">En junio su participaci\u00f3n laboral lleg\u00f3 al 56,2%, muy por debajo del 60% que sol\u00edan tener en las \u00faltimas dos d\u00e9cadas.<\/p>\n<\/div>\n<div dir=\"ltr\" class=\"bbc-19j92fr e57qer20\" readability=\"9\">\n<p dir=\"ltr\" class=\"bbc-bm53ic e1cc2ql70\">A diferencia de otros pa\u00edses del mundo desarrollado, EE. UU. no tiene un sistema de cuidado infantil con amplios <b>subsidios fiscales.<\/b><\/p>\n<\/div>\n<div dir=\"ltr\" class=\"bbc-19j92fr e57qer20\" readability=\"10\">\n<p dir=\"ltr\" class=\"bbc-bm53ic e1cc2ql70\">Se espera que cuando comience el a\u00f1o escolar a fines de agosto o comienzos de septiembre m\u00e1s mujeres se reintegren al empleo, siempre que la variante delta no cambie demasiado la situaci\u00f3n sanitaria actual.<\/p>\n<\/div>\n<p><h2 id=\"4-Miedo-al-contagio-\" tabindex=\"-1\" class=\"bbc-l3e97o e14hemmw0\">4. Miedo al contagio <\/h2>\n<\/p>\n<div dir=\"ltr\" class=\"bbc-19j92fr e57qer20\" readability=\"11\">\n<p dir=\"ltr\" class=\"bbc-bm53ic e1cc2ql70\">La preocupaci\u00f3n por nuevos contagios en industrias donde los empleados est\u00e1n m\u00e1s expuestos como restaurantes, hoteler\u00eda y otros servicios relacionados con turismo y entretenci\u00f3n, hace que muchos no quieran volver a sus antiguos trabajos.<\/p>\n<\/div>\n<div dir=\"ltr\" class=\"bbc-19j92fr e57qer20\" readability=\"8\">\n<p dir=\"ltr\" class=\"bbc-bm53ic e1cc2ql70\">Las cosas se han complicado a\u00fan m\u00e1s ahora que la<b> variante delta se expande por el pa\u00eds<\/b> y se han registrado m\u00e1s contagios en ni\u00f1os que en los meses anteriores.<\/p>\n<\/div>\n<div dir=\"ltr\" class=\"bbc-1ka88fa e57qer20\">\n<figure class=\"bbc-1qdcvv9 e6bmn90\">\n<div dir=\"ltr\" class=\"bbc-172p16q e57qer20\">\n<div dir=\"ltr\" class=\"bbc-189y18v e57qer20\" readability=\"6.5\">\n<div data-e2e=\"image-placeholder\" class=\"bbc-1k5hvrj e1whu0\" readability=\"8\"><noscript><img srcset=\"http:\/\/cordobadirecto.com\/wp-content\/uploads\/2021\/08\/que-hay-realmente-detras-de-la-falta-de-trabajadores-en-estados-unidos-42.jpg 240w, http:\/\/cordobadirecto.com\/wp-content\/uploads\/2021\/08\/que-hay-realmente-detras-de-la-falta-de-trabajadores-en-estados-unidos-43.jpg 320w, http:\/\/cordobadirecto.com\/wp-content\/uploads\/2021\/08\/que-hay-realmente-detras-de-la-falta-de-trabajadores-en-estados-unidos-44.jpg 480w, http:\/\/cordobadirecto.com\/wp-content\/uploads\/2021\/08\/que-hay-realmente-detras-de-la-falta-de-trabajadores-en-estados-unidos-45.jpg 624w, http:\/\/cordobadirecto.com\/wp-content\/uploads\/2021\/08\/que-hay-realmente-detras-de-la-falta-de-trabajadores-en-estados-unidos-46.jpg 800w\" alt=\"Enfermo en hospital\" src=\"http:\/\/cordobadirecto.com\/wp-content\/uploads\/2021\/08\/que-hay-realmente-detras-de-la-falta-de-trabajadores-en-estados-unidos-6.jpg\" width=\"976\" class=\"bbc-fat2bc e1enwo3v0\"><\/noscript><\/p>\n<p role=\"text\" class=\"bbc-1s1cxbv etq3yw90\"><span class=\"bbc-1gnhmg2 e1yt7oin0\">Fuente de la imagen, <\/span><span lang=\"en-GB\">Getty Images<\/span><\/p>\n<\/div>\n<\/div>\n<\/div>\n<\/figure>\n<\/div>\n<div dir=\"ltr\" class=\"bbc-19j92fr e57qer20\" readability=\"9\">\n<p dir=\"ltr\" class=\"bbc-bm53ic e1cc2ql70\">Muchos empleados que consideran que no recibieron las <b>medidas de protecci\u00f3n necesarias <\/b>durante las primeras olas de la pandemia, no desean volver a sus antiguos trabajos.<\/p>\n<\/div>\n<div dir=\"ltr\" class=\"bbc-19j92fr e57qer20\" readability=\"10\">\n<p dir=\"ltr\" class=\"bbc-bm53ic e1cc2ql70\">Por otro lado, si la remuneraci\u00f3n y las condiciones de trabajo no son lo suficientemente atractivas, hay desempleados que prefieren perder los ingresos antes que infectarse.<\/p>\n<\/div>\n<p><h2 id=\"5-Un-deseo-de-mayor-flexibilidad-laboral\" tabindex=\"-1\" class=\"bbc-l3e97o e14hemmw0\">5. Un deseo de mayor flexibilidad laboral<\/h2>\n<\/p>\n<div dir=\"ltr\" class=\"bbc-19j92fr e57qer20\" readability=\"9\">\n<p dir=\"ltr\" class=\"bbc-bm53ic e1cc2ql70\">Aquellos profesionales cuya presencia f\u00edsica no es fundamental para el tipo de trabajo que realizan, est\u00e1n expresando su deseo de tener <b>mayor flexibilidad laboral<\/b>.<\/p>\n<\/div>\n<div dir=\"ltr\" class=\"bbc-19j92fr e57qer20\" readability=\"9\">\n<p dir=\"ltr\" class=\"bbc-bm53ic e1cc2ql70\">Pese a que muchas de las grandes empresas ten\u00edan previsto regresar al sistema laboral desde la oficina, las cosas no han sido tan f\u00e1ciles.<\/p>\n<\/div>\n<div dir=\"ltr\" class=\"bbc-1ka88fa e57qer20\">\n<figure class=\"bbc-1qdcvv9 e6bmn90\">\n<div dir=\"ltr\" class=\"bbc-172p16q e57qer20\">\n<div dir=\"ltr\" class=\"bbc-189y18v e57qer20\" readability=\"6.5\">\n<div data-e2e=\"image-placeholder\" class=\"bbc-1k5hvrj e1whu0\" readability=\"8\"><noscript><img srcset=\"http:\/\/cordobadirecto.com\/wp-content\/uploads\/2021\/08\/que-hay-realmente-detras-de-la-falta-de-trabajadores-en-estados-unidos-47.jpg 240w, http:\/\/cordobadirecto.com\/wp-content\/uploads\/2021\/08\/que-hay-realmente-detras-de-la-falta-de-trabajadores-en-estados-unidos-48.jpg 320w, http:\/\/cordobadirecto.com\/wp-content\/uploads\/2021\/08\/que-hay-realmente-detras-de-la-falta-de-trabajadores-en-estados-unidos-49.jpg 480w, http:\/\/cordobadirecto.com\/wp-content\/uploads\/2021\/08\/que-hay-realmente-detras-de-la-falta-de-trabajadores-en-estados-unidos-50.jpg 624w, http:\/\/cordobadirecto.com\/wp-content\/uploads\/2021\/08\/que-hay-realmente-detras-de-la-falta-de-trabajadores-en-estados-unidos-51.jpg 800w\" alt=\"Personas en teleconferencia\" src=\"http:\/\/cordobadirecto.com\/wp-content\/uploads\/2021\/08\/que-hay-realmente-detras-de-la-falta-de-trabajadores-en-estados-unidos-7.jpg\" width=\"976\" class=\"bbc-fat2bc e1enwo3v0\"><\/noscript><\/p>\n<p role=\"text\" class=\"bbc-1s1cxbv etq3yw90\"><span class=\"bbc-1gnhmg2 e1yt7oin0\">Fuente de la imagen, <\/span><span lang=\"en-GB\">Getty Images<\/span><\/p>\n<\/div>\n<\/div>\n<\/div>\n<\/figure>\n<\/div>\n<div dir=\"ltr\" class=\"bbc-19j92fr e57qer20\" readability=\"11\">\n<p dir=\"ltr\" class=\"bbc-bm53ic e1cc2ql70\">La pandemia le demostr\u00f3 a muchos empleados que pod\u00edan hacer su trabajo desde casa y ahora, que ha llegado el momento de regresar, algunos prefieren buscar un empleo en otro lado que les entregue una mayor flexibilidad.<\/p>\n<\/div>\n<div dir=\"ltr\" class=\"bbc-19j92fr e57qer20\" readability=\"10\">\n<p dir=\"ltr\" class=\"bbc-bm53ic e1cc2ql70\">Es decir, una empresa que permita el <b>teletrabajo o el sistema de trabajo h\u00edbrido<\/b>, donde los empleados deben asistir a la oficina solo algunos d\u00edas a la semana.<\/p>\n<\/div>\n<div dir=\"ltr\" class=\"bbc-19j92fr e57qer20\" readability=\"9\">\n<p dir=\"ltr\" class=\"bbc-bm53ic e1cc2ql70\">Es que los gigantescos cambios que ha vivido la sociedad con la pandemia, tambi\u00e9n han generado otras transformaciones.<\/p>\n<\/div>\n<div dir=\"ltr\" class=\"bbc-19j92fr e57qer20\" readability=\"13\">\n<p dir=\"ltr\" class=\"bbc-bm53ic e1cc2ql70\">Algunos, al estar m\u00e1s tiempo en casa, han cambiado sus prioridades y buscan empleos que les permitan pasar m\u00e1s tiempo con la familia, le dijo a BBC Mundo Anthony Klotz, profesor asociado de gerencia en la Escuela de Negocios Mays de la Texas A&amp;M University.<\/p>\n<\/div>\n<div dir=\"ltr\" class=\"bbc-19j92fr e57qer20\" readability=\"7\">\n<p dir=\"ltr\" class=\"bbc-bm53ic e1cc2ql70\">Y otros han tomado la decisi\u00f3n de aventurarse a cambiar de rubro o iniciar un emprendimiento.<\/p>\n<\/div>\n<p><h2 id=\"6-Boom-de-jubilaciones-\" tabindex=\"-1\" class=\"bbc-l3e97o e14hemmw0\">6. Boom de jubilaciones <\/h2>\n<\/p>\n<div dir=\"ltr\" class=\"bbc-19j92fr e57qer20\" readability=\"11\">\n<p dir=\"ltr\" class=\"bbc-bm53ic e1cc2ql70\">La poblaci\u00f3n en edad de trabajar, definida como aquellos que tienen entre 15 y 64 a\u00f1os, disminuy\u00f3 en 2019 por primera vez en d\u00e9cadas, y luego cay\u00f3 nuevamente el a\u00f1o pasado. <\/p>\n<\/div>\n<div dir=\"ltr\" class=\"bbc-19j92fr e57qer20\" readability=\"10\">\n<p dir=\"ltr\" class=\"bbc-bm53ic e1cc2ql70\">Las jubilaciones de los llamados <i class=\"bbc-h1y5j7 ewc4zcb0\">baby boomers<\/i> (aquellos que nacieron despu\u00e9s de la II Guerra Mundial) se duplicaron en 2020 con respecto al a\u00f1o anterior, seg\u00fan un an\u00e1lisis del Pew Research Center.<\/p>\n<\/div>\n<div dir=\"ltr\" class=\"bbc-1ka88fa e57qer20\">\n<figure class=\"bbc-1qdcvv9 e6bmn90\">\n<div dir=\"ltr\" class=\"bbc-172p16q e57qer20\">\n<div dir=\"ltr\" class=\"bbc-189y18v e57qer20\" readability=\"6.5\">\n<div data-e2e=\"image-placeholder\" class=\"bbc-1k5hvrj e1whu0\" readability=\"8\"><noscript><img srcset=\"http:\/\/cordobadirecto.com\/wp-content\/uploads\/2021\/08\/que-hay-realmente-detras-de-la-falta-de-trabajadores-en-estados-unidos-52.jpg 240w, http:\/\/cordobadirecto.com\/wp-content\/uploads\/2021\/08\/que-hay-realmente-detras-de-la-falta-de-trabajadores-en-estados-unidos-53.jpg 320w, http:\/\/cordobadirecto.com\/wp-content\/uploads\/2021\/08\/que-hay-realmente-detras-de-la-falta-de-trabajadores-en-estados-unidos-54.jpg 480w, http:\/\/cordobadirecto.com\/wp-content\/uploads\/2021\/08\/que-hay-realmente-detras-de-la-falta-de-trabajadores-en-estados-unidos-55.jpg 624w, http:\/\/cordobadirecto.com\/wp-content\/uploads\/2021\/08\/que-hay-realmente-detras-de-la-falta-de-trabajadores-en-estados-unidos-56.jpg 800w\" alt=\"Abuelo y nieta\" src=\"http:\/\/cordobadirecto.com\/wp-content\/uploads\/2021\/08\/que-hay-realmente-detras-de-la-falta-de-trabajadores-en-estados-unidos-8.jpg\" width=\"976\" class=\"bbc-fat2bc e1enwo3v0\"><\/noscript><\/p>\n<p role=\"text\" class=\"bbc-1s1cxbv etq3yw90\"><span class=\"bbc-1gnhmg2 e1yt7oin0\">Fuente de la imagen, <\/span><span lang=\"en-GB\">Getty Images<\/span><\/p>\n<\/div>\n<\/div>\n<\/div>\n<\/figure>\n<\/div>\n<div dir=\"ltr\" class=\"bbc-19j92fr e57qer20\" readability=\"10\">\n<p dir=\"ltr\" class=\"bbc-bm53ic e1cc2ql70\">Algunos decidieron retirarse antes de lo planeado, porque hab\u00edan perdido el empleo y ve\u00edan<b> pocas perspectivas de conseguir uno nuevo<\/b>. O porque no quer\u00edan estar expuestos al virus en condiciones laborales de alto riesgo. <\/p>\n<\/div>\n<div dir=\"ltr\" class=\"bbc-19j92fr e57qer20\" readability=\"8\">\n<p dir=\"ltr\" class=\"bbc-bm53ic e1cc2ql70\">Y un segmento menor decidi\u00f3 retirarse antes de lo planeado aprovechando el buen desempe\u00f1o de las inversiones en la bolsa o la venta de sus casas.<\/p>\n<\/div>\n<div dir=\"ltr\" class=\"bbc-19j92fr e57qer20\" readability=\"9\">\n<p dir=\"ltr\" class=\"bbc-bm53ic e1cc2ql70\">El problema con el retiro anticipado de la fuerza laboral es que la econom\u00eda pierde trabajadores calificados con gran experiencia, algo dif\u00edcil de suplir r\u00e1pidamente.<\/p>\n<\/div>\n<div dir=\"ltr\" class=\"bbc-19j92fr e57qer20\" readability=\"8\">\n<p dir=\"ltr\" class=\"bbc-bm53ic e1cc2ql70\">De todos modos, para algunos economistas no se trata de un factor tan crucial.<\/p>\n<\/div>\n<div dir=\"ltr\" class=\"bbc-19j92fr e57qer20\" readability=\"12\">\n<p dir=\"ltr\" class=\"bbc-bm53ic e1cc2ql70\">&#8220;Las jubilaciones podr\u00edan reforzar la sensaci\u00f3n de escasez, aunque la <b>automatizaci\u00f3n <\/b>la aliviar\u00e1&#8221;, le dice a BBC Mundo Harry Holzer, profesor de Pol\u00edticas P\u00fablicas de la Universidad de Georgetown.<\/p>\n<\/div>\n<div dir=\"ltr\" class=\"bbc-19j92fr e57qer20\" readability=\"9\">\n<p dir=\"ltr\" class=\"bbc-bm53ic e1cc2ql70\">Son tantos los elementos en juego al momento de descifrar el misterio de la escasez de trabajadores que Holzer advierte que a\u00fan no existe la evidencia necesaria para saber cu\u00e1l de todas las causas tiene m\u00e1s peso ni por cu\u00e1nto tiempo podr\u00eda extenderse esta situaci\u00f3n.<\/p>\n<\/div>\n<div dir=\"ltr\" class=\"bbc-1ka88fa e57qer20\">\n<figure class=\"bbc-1qdcvv9 e6bmn90\">\n<div dir=\"ltr\" class=\"bbc-172p16q e57qer20\">\n<div dir=\"ltr\" class=\"bbc-189y18v e57qer20\" readability=\"6.5\">\n<div data-e2e=\"image-placeholder\" class=\"bbc-1k5hvrj e1whu0\" readability=\"8\"><noscript><img srcset=\"http:\/\/cordobadirecto.com\/wp-content\/uploads\/2021\/08\/que-hay-realmente-detras-de-la-falta-de-trabajadores-en-estados-unidos-57.jpg 240w, http:\/\/cordobadirecto.com\/wp-content\/uploads\/2021\/08\/que-hay-realmente-detras-de-la-falta-de-trabajadores-en-estados-unidos-58.jpg 320w, http:\/\/cordobadirecto.com\/wp-content\/uploads\/2021\/08\/que-hay-realmente-detras-de-la-falta-de-trabajadores-en-estados-unidos-59.jpg 480w, http:\/\/cordobadirecto.com\/wp-content\/uploads\/2021\/08\/que-hay-realmente-detras-de-la-falta-de-trabajadores-en-estados-unidos-60.jpg 624w, http:\/\/cordobadirecto.com\/wp-content\/uploads\/2021\/08\/que-hay-realmente-detras-de-la-falta-de-trabajadores-en-estados-unidos-61.jpg 800w\" alt=\"Trabajador de la salud\" src=\"http:\/\/cordobadirecto.com\/wp-content\/uploads\/2021\/08\/que-hay-realmente-detras-de-la-falta-de-trabajadores-en-estados-unidos-9.jpg\" width=\"976\" class=\"bbc-fat2bc e1enwo3v0\"><\/noscript><\/p>\n<p role=\"text\" class=\"bbc-1s1cxbv etq3yw90\"><span class=\"bbc-1gnhmg2 e1yt7oin0\">Fuente de la imagen, <\/span><span lang=\"en-GB\">Getty Images<\/span><\/p>\n<\/div>\n<\/div>\n<\/div>\n<\/figure>\n<\/div>\n<div dir=\"ltr\" class=\"bbc-19j92fr e57qer20\" readability=\"12\">\n<p dir=\"ltr\" class=\"bbc-bm53ic e1cc2ql70\">A estas claves tambi\u00e9n se suman otras causas que pueden ayudar a explicar el fen\u00f3meno, como la <b>falta de habilidades<\/b> requeridas para ciertos tipos de trabajos, la frustraci\u00f3n y el agotamiento de quienes experimentaron demasiada carga laboral durante la pandemia y un aumento de 30% en las muertes por sobredosis en 2020 en medio de la <b>crisis de los opioides.<\/b><\/p>\n<\/div>\n<div dir=\"ltr\" class=\"bbc-19j92fr e57qer20\" readability=\"12\">\n<p dir=\"ltr\" class=\"bbc-bm53ic e1cc2ql70\">Los problemas econ\u00f3micos, el aislamiento y la dificultad para acceder a los servicios de salud contribuyeron a que esta situaci\u00f3n empeorara y, algunos estudios se\u00f1alan que a mayores niveles de adicci\u00f3n, menor es la permanencia de los j\u00f3venes en la fuerza laboral.<\/p>\n<\/div>\n<p><h2 id=\"Qu\u00e9-nos-dice-la-historia\" tabindex=\"-1\" class=\"bbc-l3e97o e14hemmw0\">\u00bfQu\u00e9 nos dice la historia?<\/h2>\n<\/p>\n<div dir=\"ltr\" class=\"bbc-19j92fr e57qer20\" readability=\"14\">\n<p dir=\"ltr\" class=\"bbc-bm53ic e1cc2ql70\">Desde una mirada hist\u00f3rica, Guido Menzio, profesor del Departamento de Econom\u00eda de la Universidad de Nueva York e investigador asociado de la Oficina Nacional de Investigaciones Econ\u00f3micas (NBER, por sus siglas en ingl\u00e9s), sostiene que esta no es la primera vez que ocurre una situaci\u00f3n con estas caracter\u00edsticas.<\/p>\n<\/div>\n<div dir=\"ltr\" class=\"bbc-19j92fr e57qer20\" readability=\"12\">\n<p dir=\"ltr\" class=\"bbc-bm53ic e1cc2ql70\">&#8220;No es un fen\u00f3meno exclusivo de la recuperaci\u00f3n (econ\u00f3mica) actual, sino de las recuperaciones m\u00e1s recientes&#8221;, le dice a BBC Mundo, como las ocurridas despu\u00e9s de la recesi\u00f3n de 1991 o la de 2008-2009.<\/p>\n<\/div>\n<div dir=\"ltr\" class=\"bbc-1ka88fa e57qer20\">\n<figure class=\"bbc-1qdcvv9 e6bmn90\">\n<div dir=\"ltr\" class=\"bbc-172p16q e57qer20\">\n<div dir=\"ltr\" class=\"bbc-189y18v e57qer20\" readability=\"6.5\">\n<div data-e2e=\"image-placeholder\" class=\"bbc-1k5hvrj e1whu0\" readability=\"8\"><noscript><img srcset=\"http:\/\/cordobadirecto.com\/wp-content\/uploads\/2021\/08\/que-hay-realmente-detras-de-la-falta-de-trabajadores-en-estados-unidos-62.jpg 240w, http:\/\/cordobadirecto.com\/wp-content\/uploads\/2021\/08\/que-hay-realmente-detras-de-la-falta-de-trabajadores-en-estados-unidos-63.jpg 320w, http:\/\/cordobadirecto.com\/wp-content\/uploads\/2021\/08\/que-hay-realmente-detras-de-la-falta-de-trabajadores-en-estados-unidos-64.jpg 480w, http:\/\/cordobadirecto.com\/wp-content\/uploads\/2021\/08\/que-hay-realmente-detras-de-la-falta-de-trabajadores-en-estados-unidos-65.jpg 624w, http:\/\/cordobadirecto.com\/wp-content\/uploads\/2021\/08\/que-hay-realmente-detras-de-la-falta-de-trabajadores-en-estados-unidos-66.jpg 800w\" alt=\"Starbucks hiring poster\" src=\"http:\/\/cordobadirecto.com\/wp-content\/uploads\/2021\/08\/que-hay-realmente-detras-de-la-falta-de-trabajadores-en-estados-unidos-10.jpg\" width=\"976\" class=\"bbc-fat2bc e1enwo3v0\"><\/noscript><\/p>\n<p role=\"text\" class=\"bbc-1s1cxbv etq3yw90\"><span class=\"bbc-1gnhmg2 e1yt7oin0\">Fuente de la imagen, <\/span><span lang=\"en-GB\">Getty Images<\/span><\/p>\n<\/div>\n<\/div>\n<\/div>\n<\/figure>\n<\/div>\n<div dir=\"ltr\" class=\"bbc-19j92fr e57qer20\" readability=\"10\">\n<p dir=\"ltr\" class=\"bbc-bm53ic e1cc2ql70\">Seg\u00fan sus investigaciones, una causa constante de la escasez laboral despu\u00e9s de una recesi\u00f3n se relaciona con que existe un grupo de trabajadores (alrededor del 15% de la poblaci\u00f3n activa) que resulta <b>desproporcionadamente afectado<\/b> por la situaci\u00f3n econ\u00f3mica.<\/p>\n<\/div>\n<div dir=\"ltr\" class=\"bbc-19j92fr e57qer20\" readability=\"10\">\n<p dir=\"ltr\" class=\"bbc-bm53ic e1cc2ql70\">Para este grupo, explica Menzio, &#8220;el proceso de reincorporaci\u00f3n al empleo es lento y lleno de tropiezos&#8221;.<\/p>\n<\/div>\n<div dir=\"ltr\" class=\"bbc-19j92fr e57qer20\" readability=\"8\">\n<p dir=\"ltr\" class=\"bbc-bm53ic e1cc2ql70\">Por ahora, el futuro del mercado laboral contin\u00faa transitando por un terreno pedregoso.<\/p>\n<\/div>\n<div dir=\"ltr\" class=\"bbc-19j92fr e57qer20\" readability=\"15\">\n<p dir=\"ltr\" class=\"bbc-bm53ic e1cc2ql70\">&#8220;La variante delta, altamente contagiosa, proyecta una sombra sobre la recuperaci\u00f3n del mercado laboral en los pr\u00f3ximos meses, amenazando con retrasar el regreso de los trabajadores que a\u00fan est\u00e1n al margen debido a <b>problemas de cuidado infantil o problemas de salud<\/b>&#8220;, dijo hace unos d\u00edas Kathy Bostjancic, economista financiera en jefe de Oxford Economics en EE.UU.<\/p>\n<\/div>\n<div dir=\"ltr\" class=\"bbc-1ka88fa e57qer20\">\n<figure class=\"bbc-1qdcvv9 e6bmn90\">\n<div dir=\"ltr\" class=\"bbc-172p16q e57qer20\">\n<div dir=\"ltr\" class=\"bbc-189y18v e57qer20\">\n<div data-e2e=\"image-placeholder\" class=\"bbc-uhmmqj e1whu0\"><noscript><img srcset=\"http:\/\/cordobadirecto.com\/wp-content\/uploads\/2021\/08\/que-hay-realmente-detras-de-la-falta-de-trabajadores-en-estados-unidos.png 240w, http:\/\/cordobadirecto.com\/wp-content\/uploads\/2021\/08\/que-hay-realmente-detras-de-la-falta-de-trabajadores-en-estados-unidos-67.jpg 320w, http:\/\/cordobadirecto.com\/wp-content\/uploads\/2021\/08\/que-hay-realmente-detras-de-la-falta-de-trabajadores-en-estados-unidos-68.jpg 480w, http:\/\/cordobadirecto.com\/wp-content\/uploads\/2021\/08\/que-hay-realmente-detras-de-la-falta-de-trabajadores-en-estados-unidos-69.jpg 624w\" alt=\"line\" src=\"http:\/\/cordobadirecto.com\/wp-content\/uploads\/2021\/08\/que-hay-realmente-detras-de-la-falta-de-trabajadores-en-estados-unidos-11.jpg\" width=\"624\" class=\"bbc-fat2bc e1enwo3v0\"><\/noscript><\/div>\n<\/div>\n<\/div>\n<\/figure>\n<\/div>\n<div dir=\"ltr\" class=\"bbc-19j92fr e57qer20\" readability=\"8\">\n<p dir=\"ltr\" class=\"bbc-bm53ic e1cc2ql70\"><i class=\"bbc-h1y5j7 ewc4zcb0\">Ahora puedes recibir notificaciones de BBC Mundo. Descarga la nueva versi\u00f3n de nuestra app y act\u00edvalas para no perderte nuestro mejor contenido.<\/i><\/p>\n<\/div>\n","protected":false},"excerpt":{"rendered":"<p>Cecilia Barr\u00eda BBC News Mundo 4 horas Fuente de la imagen, Getty Images Cuando aument\u00f3 el flujo de clientes al restaurante familiar Pineapple Grill en Texas, Pomai Uyehara se encontr\u00f3 en serios aprietos: no pod\u00eda conseguir suficientes trabajadores. Fue entonces cuando se le ocurri\u00f3 ofrecer un bono de US$300 para el puesto de cocinero y [&hellip;]<\/p>\n","protected":false},"author":1,"featured_media":15178,"comment_status":"closed","ping_status":"closed","sticky":false,"template":"","format":"standard","meta":[],"categories":[24],"tags":[],"_links":{"self":[{"href":"http:\/\/cordobadirecto.com\/index.php\/wp-json\/wp\/v2\/posts\/15177"}],"collection":[{"href":"http:\/\/cordobadirecto.com\/index.php\/wp-json\/wp\/v2\/posts"}],"about":[{"href":"http:\/\/cordobadirecto.com\/index.php\/wp-json\/wp\/v2\/types\/post"}],"author":[{"embeddable":true,"href":"http:\/\/cordobadirecto.com\/index.php\/wp-json\/wp\/v2\/users\/1"}],"replies":[{"embeddable":true,"href":"http:\/\/cordobadirecto.com\/index.php\/wp-json\/wp\/v2\/comments?post=15177"}],"version-history":[{"count":0,"href":"http:\/\/cordobadirecto.com\/index.php\/wp-json\/wp\/v2\/posts\/15177\/revisions"}],"wp:featuredmedia":[{"embeddable":true,"href":"http:\/\/cordobadirecto.com\/index.php\/wp-json\/wp\/v2\/media\/15178"}],"wp:attachment":[{"href":"http:\/\/cordobadirecto.com\/index.php\/wp-json\/wp\/v2\/media?parent=15177"}],"wp:term":[{"taxonomy":"category","embeddable":true,"href":"http:\/\/cordobadirecto.com\/index.php\/wp-json\/wp\/v2\/categories?post=15177"},{"taxonomy":"post_tag","embeddable":true,"href":"http:\/\/cordobadirecto.com\/index.php\/wp-json\/wp\/v2\/tags?post=15177"}],"curies":[{"name":"wp","href":"https:\/\/api.w.org\/{rel}","templated":true}]}}