{"id":151906,"date":"2024-06-27T22:51:34","date_gmt":"2024-06-27T22:51:34","guid":{"rendered":"https:\/\/cordoba.gob.ar\/?p=59074"},"modified":"2024-06-27T22:51:34","modified_gmt":"2024-06-27T22:51:34","slug":"el-curso-de-liderazgo-para-jovenes-llega-a-todos-los-puntos-de-la-ciudad","status":"publish","type":"post","link":"http:\/\/cordobadirecto.com\/index.php\/2024\/06\/27\/el-curso-de-liderazgo-para-jovenes-llega-a-todos-los-puntos-de-la-ciudad\/","title":{"rendered":"El Curso de Liderazgo para J\u00f3venes llega a todos los puntos de la ciudad"},"content":{"rendered":"<div><img src=\"http:\/\/cordobadirecto.com\/wp-content\/uploads\/2024\/06\/el-curso-de-liderazgo-para-jovenes-llega-a-todos-los-puntos-de-la-ciudad.jpg\" class=\"ff-og-image-inserted\"><\/div>\n<ul>\n<li><strong><strong>El primer encuentro ser\u00e1 este s\u00e1bado a las 10 horas en el CPC Arg\u00fcello.<\/strong><\/strong><br \/>\n<hr>\n<\/li>\n<\/ul>\n<p>Este s\u00e1bado 29 de junio, se realizar\u00e1 el primer encuentro del \u201cPrograma de liderazgo y transformaci\u00f3n social para j\u00f3venes\u201d, una propuesta dirigida a personas de 14 y 30 a\u00f1os que deseen llevar transformaciones a su comunidad.<\/p>\n<p>El programa se realizar\u00e1 en cada uno de los cuatro cuadrantes de la ciudad. Ser\u00e1n cinco jornadas destinadas a que a vecinos que vivan a lo largo y ancho de C\u00f3rdoba puedan participar en alg\u00fan CPC de cercan\u00eda.<\/p>\n<p>El cuadrante noroeste, comprendido por los CPC de Arg\u00fcello, Monse\u00f1or Pablo Cabrera, Mercantil y Col\u00f3n iniciar\u00e1 el cursado en esta oportunidad, que se extender\u00e1 de manera quincenal hasta el 24 de agosto. El espacio anfitri\u00f3n ser\u00e1 en la sede descentralizada de Arg\u00fcello.<\/p>\n<p>El cuadrante suroeste cursar\u00e1 a partir del s\u00e1bado 13 de julio en el CPC Mercado de la Ciudad. Tambi\u00e9n incluye a las jurisdicciones de Villa El Libertador, Jard\u00edn y Ruta 20.<\/p>\n<p>El cuadrante sureste tendr\u00e1 su actividad en el CPC San Vicente y abarca tambi\u00e9n a los CPC de Empalme y Chalet San Felipe. Iniciar\u00e1 el s\u00e1bado 20 de julio.<\/p>\n<p>El cuadrante noreste, por su parte, tendr\u00e1 sus jornadas en el CPC Centro Am\u00e9rica, comprendiendo los CPC de Gui\u00f1az\u00fa, Rancagua, Capdevila y Pueyrred\u00f3n. Empezar\u00e1 el s\u00e1bado 27 de julio.<\/p>\n<p>Los cinco encuentros tendr\u00e1n lugar los s\u00e1bados cada 15 d\u00edas, en el horario de 10 a 13 horas. Son gratuitos con inscripci\u00f3n previa en este <a href=\"https:\/\/docs.google.com\/forms\/d\/e\/1FAIpQLScn9cQy0CJavF3nnwIOsXVnYEnumJB-vMrsbU5Ru3hFKk_loA\/viewform\">enlace<\/a>.<\/p>\n","protected":false},"excerpt":{"rendered":"<p>El primer encuentro ser\u00e1 este s\u00e1bado a las 10 horas en el CPC Arg\u00fcello. Este s\u00e1bado 29 de junio, se realizar\u00e1 el primer encuentro del \u201cPrograma de liderazgo y transformaci\u00f3n social para j\u00f3venes\u201d, una propuesta dirigida a personas de 14 y 30 a\u00f1os que deseen llevar transformaciones a su comunidad. El programa se realizar\u00e1 en [&hellip;]<\/p>\n","protected":false},"author":1,"featured_media":151907,"comment_status":"closed","ping_status":"closed","sticky":false,"template":"","format":"standard","meta":[],"categories":[44],"tags":[],"_links":{"self":[{"href":"http:\/\/cordobadirecto.com\/index.php\/wp-json\/wp\/v2\/posts\/151906"}],"collection":[{"href":"http:\/\/cordobadirecto.com\/index.php\/wp-json\/wp\/v2\/posts"}],"about":[{"href":"http:\/\/cordobadirecto.com\/index.php\/wp-json\/wp\/v2\/types\/post"}],"author":[{"embeddable":true,"href":"http:\/\/cordobadirecto.com\/index.php\/wp-json\/wp\/v2\/users\/1"}],"replies":[{"embeddable":true,"href":"http:\/\/cordobadirecto.com\/index.php\/wp-json\/wp\/v2\/comments?post=151906"}],"version-history":[{"count":0,"href":"http:\/\/cordobadirecto.com\/index.php\/wp-json\/wp\/v2\/posts\/151906\/revisions"}],"wp:featuredmedia":[{"embeddable":true,"href":"http:\/\/cordobadirecto.com\/index.php\/wp-json\/wp\/v2\/media\/151907"}],"wp:attachment":[{"href":"http:\/\/cordobadirecto.com\/index.php\/wp-json\/wp\/v2\/media?parent=151906"}],"wp:term":[{"taxonomy":"category","embeddable":true,"href":"http:\/\/cordobadirecto.com\/index.php\/wp-json\/wp\/v2\/categories?post=151906"},{"taxonomy":"post_tag","embeddable":true,"href":"http:\/\/cordobadirecto.com\/index.php\/wp-json\/wp\/v2\/tags?post=151906"}],"curies":[{"name":"wp","href":"https:\/\/api.w.org\/{rel}","templated":true}]}}