{"id":151939,"date":"2024-06-27T18:50:50","date_gmt":"2024-06-27T18:50:50","guid":{"rendered":"https:\/\/www.ole.com.ar\/autos\/franco-colapinto-austria-dias-horarios-verlo-f2_0_cYuWTKnL59.html"},"modified":"2024-06-27T18:50:50","modified_gmt":"2024-06-27T18:50:50","slug":"franco-colapinto-en-austria-dias-horarios-y-donde-ver-las-carreras-de-la-f2","status":"publish","type":"post","link":"http:\/\/cordobadirecto.com\/index.php\/2024\/06\/27\/franco-colapinto-en-austria-dias-horarios-y-donde-ver-las-carreras-de-la-f2\/","title":{"rendered":"Franco Colapinto en Austria: d\u00edas, horarios y d\u00f3nde ver las carreras de la F2"},"content":{"rendered":"<p><time class=\"createDate\" datetime=\"2024-06-27T15:50:50-03:00\">27\/06\/2024 18:50hs.<\/time><\/p>\n<div id=\"storyBody\">\n<div class=\"custom-text \" readability=\"32.296089385475\">\n<p>Tras el pasado fin de semana en Espa\u00f1a, donde la <strong>F\u00f3rmula 2<\/strong> disput\u00f3 la sexta fecha de la temporada, <strong>Franco Colapinto<\/strong> se prepara para regresar a la acci\u00f3n. <strong><a href=\"https:\/\/www.ole.com.ar\/tema\/oj2K2wlxlU.html\" title=\"All\u00ed logr\u00f3 un segundo puesto en la carrera principal\" alt=\"All\u00ed logr\u00f3 un segundo puesto en la carrera principal\">All\u00ed logr\u00f3 un segundo puesto en la carrera principal<\/a><\/strong>, y ahora, en el circuito Red Bull Ring de Spielberg, donde se disputar\u00e1 el <strong><a href=\"https:\/\/www.ole.com.ar\/autos\/gp-austria-formula1-hora-ver-tv-online_0_vswnj1XHQh.html\" target=\"_blank\" title=\"Gran Premio de Austria\" alt=\"Gran Premio de Austria\" rel=\"noopener\">Gran Premio de Austria<\/a><\/strong>, buscar\u00e1 seguir en las posiciones m\u00e1s altas.<\/p>\n<\/div>\n<p><h2><strong>Franco Colapinto en Austria: hora y c\u00f3mo ver por TV y online las carreras<\/strong><\/h2>\n<\/p>\n<div class=\"custom-text \" readability=\"36\">\n<p>La actividad comenzar\u00e1 este viernes con el primer ensayo a las 5 (horario argentino) y continuar\u00e1 con la clasificaci\u00f3n a las 9.55. El s\u00e1bado se realizar\u00e1 la carrera sprint a las 8.30, y el <strong>domingo <\/strong>se cerrar\u00e1 con la <strong>carrera principal a partir de las 5<\/strong>. Toda la actividad se podr\u00e1 ver en vivo por <strong>Disney+ (ex Star+).<\/strong><\/p>\n<\/div>\n<div class=\"sc-e7b891c4-0 jPbnQF\"><img alt=\"Colapinto junto a BZRP.\" src=\"http:\/\/cordobadirecto.com\/wp-content\/uploads\/2024\/06\/franco-colapinto-en-austria-dias-horarios-y-donde-ver-las-carreras-de-la-f2.jpg\" width=\"720\" height=\"100\" decoding=\"async\" data-nimg=\"future\" loading=\"lazy\"><span class=\"epigraphe\">Colapinto junto a BZRP.<\/span><\/div>\n<p><h2><strong>C\u00f3mo le est\u00e1 yendo a Colapinto en la F2<\/strong><\/h2>\n<\/p>\n<div class=\"custom-text \" readability=\"39\">\n<p>El pilarense de 21 a\u00f1os volvi\u00f3 a subirse al podio en la \u00faltima carrera, luego de un fin de semana en el que vivi\u00f3 altos y bajos. Primero logr\u00f3 una <strong>grand\u00edsima clasificaci\u00f3n para el domingo: entr\u00f3 3\u00b0<\/strong>, pero luego <strong>sufri\u00f3 un sprint para el olvido<\/strong>, en el que larg\u00f3 mal y culmin\u00f3 en el puesto 18\u00b0. Sin embargo, se mantuvo en lo m\u00e1s alto de la final y super\u00f3 la posici\u00f3n en la que arranc\u00f3 para ocupar el segundo escal\u00f3n del lugar del festejo.<\/p>\n<\/div>\n<div class=\"custom-text \" readability=\"39\">\n<p>Gracias a los 18 puntos obtenidos en Barcelona, <strong>Colapinto lleg\u00f3 a las 56 unidades<\/strong> e igual\u00f3 la marca de Dennis Hauger, su compa\u00f1ero en el MP Motorsport, que fue uno de los cuatro que no logr\u00f3 completar la carrera. Ahora bien, <strong>el argentino qued\u00f3 sexto en la tabla <\/strong>mientras que el noruego se ubica un escal\u00f3n m\u00e1s arriba por haber llegado antes a ese puntaje.<\/p>\n<\/div>\n<div class=\"sc-e7b891c4-0 jPbnQF\"><img alt=\"Colapinto est\u00e1 6\u00b0 con 56 puntos en el campeonato de la F\u00f3rmula 2.\" src=\"http:\/\/cordobadirecto.com\/wp-content\/uploads\/2024\/06\/franco-colapinto-en-austria-dias-horarios-y-donde-ver-las-carreras-de-la-f2-1.jpg\" width=\"720\" height=\"100\" decoding=\"async\" data-nimg=\"future\" loading=\"lazy\"><span class=\"epigraphe\">Colapinto est\u00e1 6\u00b0 con 56 puntos en el campeonato de la F\u00f3rmula 2.<\/span><\/div>\n<div class=\"custom-text \" readability=\"31.8820861678\">\n<p><strong><a href=\"https:\/\/www.ole.com.ar\/tema\/xgLJmSp68w.html\" title=\"Su primera victoria en la temporada se dio en el Sprint del GP de Imola\" alt=\"Su primera victoria en la temporada se dio en el Sprint del GP de Imola\">Su primera victoria en la temporada se dio en el Sprint del GP de Imola<\/a><\/strong>, donde protagoniz\u00f3 una gran maniobra en el cierre con la que termin\u00f3 celebrando su primero y \u00fanico triunfo hasta la fecha en la categor\u00eda telonera de la F1 (que tambi\u00e9n correr\u00e1 en Austria este fin de semana). Ahora, los ojos de Colapinto estar\u00e1n puestos en un circuito que ya visit\u00f3 el a\u00f1o pasado con la F\u00f3rmula 3, <strong>donde finaliz\u00f3 4\u00b0 en la carrera principal.<\/strong><\/p>\n<\/div>\n<p><h2><strong>As\u00ed est\u00e1 la tabla de posiciones de la F\u00f3rmula 2<\/strong><\/h2>\n<\/p>\n<div class=\"custom-text \">\n<ol>\n<li>Paul Aron: 100<\/li>\n<li>Isack Hadjar: 91<\/li>\n<li>Zane Maloney: 75<\/li>\n<li>Jak Crawford: 62<\/li>\n<li>Dennis Hauger: 56<\/li>\n<li>Franco Colapinto: 56<\/li>\n<li>Gabriel Bortoleto: 55<\/li>\n<li>Kush Maini: 50<\/li>\n<li>Andrea Kimi Antonelli: 48<\/li>\n<li>Zak O&#8217;Sullivan: 40<\/li>\n<li>Enzo Fittipaldi: 32<\/li>\n<li>Juan Manuel Correa: 30<\/li>\n<li>Pepe Mart\u00ed: 29<\/li>\n<li>Victor Martins: 21<\/li>\n<li>Amaury Cordeel: 19<\/li>\n<li>Ritomo Miyata: 19<\/li>\n<li>Oliver Bearman: 18<\/li>\n<li>Richard Verschoor: 17<\/li>\n<li>Joshua Durksen: 15<\/li>\n<li>Roman Stanek: 13<\/li>\n<li>Taylor Barnard: 10<\/li>\n<li>Rafael Villagomes: 8<\/li>\n<\/ol>\n<\/div>\n<div class=\"sc-e7b891c4-0 jPbnQF\"><img alt=\"El a\u00f1o pasado, con la F3, termin\u00f3 4\u00b0 en la pista austr\u00edaca.\" src=\"http:\/\/cordobadirecto.com\/wp-content\/uploads\/2024\/06\/franco-colapinto-en-austria-dias-horarios-y-donde-ver-las-carreras-de-la-f2-2.jpg\" width=\"720\" height=\"100\" decoding=\"async\" data-nimg=\"future\" loading=\"lazy\"><span class=\"epigraphe\">El a\u00f1o pasado, con la F3, termin\u00f3 4\u00b0 en la pista austr\u00edaca.<\/span><\/div>\n<div class=\"sc-a7166897-0 exHLBh\" readability=\"7\">\n<section readability=\"4\"><picture><img alt=\"Colapinto, tras el podio en Barcelona: saludo con Bizarrap y la historia detr\u00e1s de la amistad\" src=\"http:\/\/cordobadirecto.com\/wp-content\/uploads\/2024\/06\/franco-colapinto-en-austria-dias-horarios-y-donde-ver-las-carreras-de-la-f2-3.jpg\" width=\"290\" height=\"290\" decoding=\"async\" data-nimg=\"future\" loading=\"lazy\"><\/picture>\n<p><span>Mir\u00e1 tambi\u00e9n<\/span><\/p>\n<hr>\n<h3>Colapinto, tras el podio en Barcelona: saludo con Bizarrap y la historia detr\u00e1s de la amistad<\/h3>\n<\/p>\n<\/section>\n<\/div>\n<div class=\"sc-a7166897-0 exHLBh\" readability=\"6.5\">\n<section readability=\"3\"><picture><img alt=\"Colapinto y una carrera excelente en la F2 en Espa\u00f1a: sum\u00f3 otro podio y subi\u00f3 en la tabla\" src=\"http:\/\/cordobadirecto.com\/wp-content\/uploads\/2024\/06\/franco-colapinto-en-austria-dias-horarios-y-donde-ver-las-carreras-de-la-f2-4.jpg\" width=\"290\" height=\"290\" decoding=\"async\" data-nimg=\"future\" loading=\"lazy\"><\/picture>\n<p><span>Mir\u00e1 tambi\u00e9n<\/span><\/p>\n<hr>\n<h3>Colapinto y una carrera excelente en la F2 en Espa\u00f1a: sum\u00f3 otro podio y subi\u00f3 en la tabla<\/h3>\n<\/p>\n<\/section>\n<\/div>\n<div class=\"sc-a7166897-0 exHLBh\" readability=\"6.5\">\n<section readability=\"3\"><picture><img alt=\"Colapinto larg\u00f3 mal, tuvo problemas y vivi\u00f3 una Sprint de F2 para el olvido\" src=\"http:\/\/cordobadirecto.com\/wp-content\/uploads\/2024\/06\/franco-colapinto-en-austria-dias-horarios-y-donde-ver-las-carreras-de-la-f2-5.jpg\" width=\"290\" height=\"290\" decoding=\"async\" data-nimg=\"future\" loading=\"lazy\"><\/picture>\n<p><span>Mir\u00e1 tambi\u00e9n<\/span><\/p>\n<hr>\n<h3>Colapinto larg\u00f3 mal, tuvo problemas y vivi\u00f3 una Sprint de F2 para el olvido<\/h3>\n<\/p>\n<\/section>\n<\/div>\n<div class=\"sc-a7166897-0 exHLBh\" readability=\"7\">\n<section readability=\"4\"><picture><img alt=\"La autoexigencia de Colapinto: &quot;Tendr\u00eda que haber hecho la pole, la c... de su madre&quot;\" src=\"http:\/\/cordobadirecto.com\/wp-content\/uploads\/2024\/06\/franco-colapinto-en-austria-dias-horarios-y-donde-ver-las-carreras-de-la-f2-6.jpg\" width=\"290\" height=\"290\" decoding=\"async\" data-nimg=\"future\" loading=\"lazy\"><\/picture>\n<p><span>Mir\u00e1 tambi\u00e9n<\/span><\/p>\n<hr>\n<h3>La autoexigencia de Colapinto: &#8220;Tendr\u00eda que haber hecho la pole, la c&#8230; de su madre&#8221;<\/h3>\n<\/p>\n<\/section>\n<\/div>\n<\/div>\n","protected":false},"excerpt":{"rendered":"<p>27\/06\/2024 18:50hs. Tras el pasado fin de semana en Espa\u00f1a, donde la F\u00f3rmula 2 disput\u00f3 la sexta fecha de la temporada, Franco Colapinto se prepara para regresar a la acci\u00f3n. All\u00ed logr\u00f3 un segundo puesto en la carrera principal, y ahora, en el circuito Red Bull Ring de Spielberg, donde se disputar\u00e1 el Gran Premio [&hellip;]<\/p>\n","protected":false},"author":1,"featured_media":151940,"comment_status":"closed","ping_status":"closed","sticky":false,"template":"","format":"standard","meta":[],"categories":[21],"tags":[],"_links":{"self":[{"href":"http:\/\/cordobadirecto.com\/index.php\/wp-json\/wp\/v2\/posts\/151939"}],"collection":[{"href":"http:\/\/cordobadirecto.com\/index.php\/wp-json\/wp\/v2\/posts"}],"about":[{"href":"http:\/\/cordobadirecto.com\/index.php\/wp-json\/wp\/v2\/types\/post"}],"author":[{"embeddable":true,"href":"http:\/\/cordobadirecto.com\/index.php\/wp-json\/wp\/v2\/users\/1"}],"replies":[{"embeddable":true,"href":"http:\/\/cordobadirecto.com\/index.php\/wp-json\/wp\/v2\/comments?post=151939"}],"version-history":[{"count":0,"href":"http:\/\/cordobadirecto.com\/index.php\/wp-json\/wp\/v2\/posts\/151939\/revisions"}],"wp:featuredmedia":[{"embeddable":true,"href":"http:\/\/cordobadirecto.com\/index.php\/wp-json\/wp\/v2\/media\/151940"}],"wp:attachment":[{"href":"http:\/\/cordobadirecto.com\/index.php\/wp-json\/wp\/v2\/media?parent=151939"}],"wp:term":[{"taxonomy":"category","embeddable":true,"href":"http:\/\/cordobadirecto.com\/index.php\/wp-json\/wp\/v2\/categories?post=151939"},{"taxonomy":"post_tag","embeddable":true,"href":"http:\/\/cordobadirecto.com\/index.php\/wp-json\/wp\/v2\/tags?post=151939"}],"curies":[{"name":"wp","href":"https:\/\/api.w.org\/{rel}","templated":true}]}}