{"id":151953,"date":"2024-06-28T13:43:12","date_gmt":"2024-06-28T13:43:12","guid":{"rendered":"https:\/\/cordoba.gob.ar\/?p=59087"},"modified":"2024-06-28T13:43:12","modified_gmt":"2024-06-28T13:43:12","slug":"passerini-la-construccion-de-una-ciudad-inteligente-no-es-solo-la-incorporacion-de-tecnologia-atras-tiene-que-haber-una-concepcion-inteligente-para-gobernar","status":"publish","type":"post","link":"http:\/\/cordobadirecto.com\/index.php\/2024\/06\/28\/passerini-la-construccion-de-una-ciudad-inteligente-no-es-solo-la-incorporacion-de-tecnologia-atras-tiene-que-haber-una-concepcion-inteligente-para-gobernar\/","title":{"rendered":"Passerini: \u201cLa construcci\u00f3n de una Ciudad Inteligente no es solo la incorporaci\u00f3n de tecnolog\u00eda, atr\u00e1s tiene que haber una concepci\u00f3n inteligente para gobernar"},"content":{"rendered":"<div><img src=\"http:\/\/cordobadirecto.com\/wp-content\/uploads\/2024\/06\/passerini-la-construccion-de-una-ciudad-inteligente-no-es-solo-la-incorporacion-de-tecnologia-atras-tiene-que-haber-una-concepcion-inteligente-para-gobernar.jpg\" class=\"ff-og-image-inserted\"><\/div>\n<ul>\n<li><strong>El intendente de La Docta disert\u00f3 en la Smart City Expo de Santiago del Estero, el evento m\u00e1s influyente sobre innovaci\u00f3n urbano.<\/strong><\/li>\n<li><strong>Como cada a\u00f1o, el evento convoc\u00f3 a l\u00edderes y especialistas de gobiernos, organizaciones de la sociedad civil, fundaciones, instituciones acad\u00e9micas y empresas de la regi\u00f3n y el mundo.<\/strong><\/li>\n<\/ul>\n<hr>\n<p>El intendente de la ciudad de C\u00f3rdoba, Daniel Passerini, expuso la realidad y las pol\u00edticas p\u00fablicas implementadas en la Capital Provincial en la Smart City Expo de Santiago del Estero, el evento m\u00e1s influyente en materia de innovaci\u00f3n urbana.<\/p>\n<p>\u201cLa construcci\u00f3n de una Ciudad Inteligente no es solo la incorporaci\u00f3n de tecnolog\u00eda, atr\u00e1s tiene que haber una concepci\u00f3n inteligente para gobernar. Pero fundamentalmente se trata de obtener datos que est\u00e9n respaldados en evidencia cient\u00edfica, y en base a ellos ejecutar pol\u00edticas p\u00fablicas que est\u00e9n centradas en las personas. Por eso nuestro norte de la gesti\u00f3n es conectar, integrar y humanizar\u201d, inici\u00f3 Passerini en la Sala Principal Mam\u00e1 Antula de F\u00f3rum Santiago del Estero.<\/p>\n<p>En relaci\u00f3n al pensamiento de una ciudad que sea inteligente, Passerini marc\u00f3 que las pol\u00edticas ya no se piensan en los l\u00edmites geogr\u00e1ficos demarcados en los mapas, sino que trascienden hacia las \u00e1reas metropolitanas: \u201cCon el gobernador, Mart\u00edn Llaryora, avanzamos en la conformaci\u00f3n del Ente Metropolitano. Ahora con mi funci\u00f3n de intendente estamos poniendo en marcha acciones\u201d.<\/p>\n<p>El mandatario ejemplific\u00f3 con el tratamiento de los residuos s\u00f3lidos urbanos: \u201ctenemos una planta de enterramiento que le resuelve el problema a 25 municipios. Ah\u00ed constituimos el Parque Industrial de Econom\u00eda Circular, que recupera el 30% de la basura con empresas privadas de prestigio multinacional para que vuelvan a ser materias primas\u201d.<\/p>\n<p>\u201cDonde falta gobierno inteligente es a nivel federal\u201d, sentenci\u00f3 Passerini al hablar de la tem\u00e1tica del transporte y la concentraci\u00f3n de recursos financieros en el Amba y Caba. \u201cSe vence el pliego vigente desde hace una d\u00e9cada, y tomamos la decisi\u00f3n de instaurar uno nuevo que sea pensado de manera metropolitana. El concepto de Ciudad Inteligente tambi\u00e9n aplica a la integraci\u00f3n de ciudades\u201d.<\/p>\n<p>En relaci\u00f3n al \u00e1mbito metropolitano, tambi\u00e9n mencion\u00f3 al sistema de salud: \u201cAcordamos compartir el servicio de emergencias, la atenci\u00f3n prehospitalaria y estamos integr\u00e1ndolo con los hospitales\u201d.<\/p>\n<p>\u201cAntes, la organizaci\u00f3n del gobierno divid\u00eda las competencias (Econom\u00eda, Salud, Pol\u00edticas Sociales, etc), hoy el desaf\u00edo es integrarlas, convencer al personal de que ese es el camino y capacitarlos\u201d, se\u00f1al\u00f3.<\/p>\n<p>En ese sentido, el primero del Ejecutivo se\u00f1al\u00f3: \u201cPara mejorar el sistema de transporte aplicamos inteligencia artificial a los sem\u00e1foros. As\u00ed conocemos cu\u00e1ntos autos pasan por minuto, infracciones, y dem\u00e1s. Con esos datos dise\u00f1amos un mejor recorrido del transporte, planificamos metropolitanamente y tendemos a disminuir el uso de motocicleta, que es el m\u00e9todo alternativo cuando el transporte no funciona. As\u00ed reducimos la contaminaci\u00f3n ambiental y la siniestralidad y prevenimos un problema de salud p\u00fablica\u201d.<\/p>\n<p>C\u00f3rdoba es la ciudad m\u00e1s grande de Argentina, un gran desaf\u00edo a la hora de ejecutar obras y brindar acceso a servicios. \u201cCreemos que la obra p\u00fablica y privada tienen que ser el motor del desarrollo, estamos muy preocupados por este desentendimiento con el gobierno nacional\u201d.<\/p>\n<p>\u201cLlevamos muchos a\u00f1os donde se chocaron programas nacionales, provinciales y municipales. Los \u00fanicos damnificados son los ciudadanos. Tenemos que complementar acciones, optimizar recursos y direccionar acciones que le sirvan a la gente\u201d, cerr\u00f3 Passerini.<\/p>\n<p>Comparti\u00f3 la exposici\u00f3n con el intendente de Rosario, Pablo Javkin, bajo la moderaci\u00f3n del representante de Argentina, Paraguay, Uruguay, Rep\u00fablica Dominicana y Costa Rica, Fira Barcelona, Espa\u00f1a, Rafael Velkanovich. El panel se titulaba \u201cSesi\u00f3n intendentes: ciudades de gran densidad de la regi\u00f3n centro\u201d.<\/p>\n<p>Se encontraba presente el gobernador de la Provincia de Santiago del Estero, Gerardo Zamora; la intendenta de la localidad anfitriona, Norma Funes; y el secretario de Ciudad Inteligente y Transformaci\u00f3n Digital, Ignacio Gei.<\/p>\n<p><strong>Smart City Expo<\/strong><\/p>\n<p>Bajo el lema \u201cTerritorios que innovan, comunidades que se transforman\u201d, Santiago del Estero recibe por tercer a\u00f1o consecutivo a delegaciones del pa\u00eds y el mundo durante este 26 y 27 de julio.<\/p>\n<p>Este evento, el m\u00e1s influyente sobre innovaci\u00f3n urbana, es parte del ciclo de encuentros que se realiza cada a\u00f1o en ciudades como Nueva York, Curitiba, M\u00e9rida y Riyadh, entre otras y cuenta con la organizaci\u00f3n de FIRA Barcelona y el Smart City Expo World Congress.<\/p>\n<p>Tiene foco en 3 ejes: territorios sustentables, gobierno inteligente y Econom\u00eda 4.0.<\/p>\n<p>Adem\u00e1s del intendente de la ciudad, representando a C\u00f3rdoba expusieron el secretario de Ciudad Inteligente y Transformaci\u00f3n Digital de C\u00f3rdoba, Ignacio Gei; y el subsecretario de Innovaci\u00f3n y Transformaci\u00f3n Digital Ariel Vercellone.<\/p>\n","protected":false},"excerpt":{"rendered":"<p>El intendente de La Docta disert\u00f3 en la Smart City Expo de Santiago del Estero, el evento m\u00e1s influyente sobre innovaci\u00f3n urbano. Como cada a\u00f1o, el evento convoc\u00f3 a l\u00edderes y especialistas de gobiernos, organizaciones de la sociedad civil, fundaciones, instituciones acad\u00e9micas y empresas de la regi\u00f3n y el mundo. El intendente de la ciudad [&hellip;]<\/p>\n","protected":false},"author":1,"featured_media":151954,"comment_status":"closed","ping_status":"closed","sticky":false,"template":"","format":"standard","meta":[],"categories":[44],"tags":[],"_links":{"self":[{"href":"http:\/\/cordobadirecto.com\/index.php\/wp-json\/wp\/v2\/posts\/151953"}],"collection":[{"href":"http:\/\/cordobadirecto.com\/index.php\/wp-json\/wp\/v2\/posts"}],"about":[{"href":"http:\/\/cordobadirecto.com\/index.php\/wp-json\/wp\/v2\/types\/post"}],"author":[{"embeddable":true,"href":"http:\/\/cordobadirecto.com\/index.php\/wp-json\/wp\/v2\/users\/1"}],"replies":[{"embeddable":true,"href":"http:\/\/cordobadirecto.com\/index.php\/wp-json\/wp\/v2\/comments?post=151953"}],"version-history":[{"count":0,"href":"http:\/\/cordobadirecto.com\/index.php\/wp-json\/wp\/v2\/posts\/151953\/revisions"}],"wp:featuredmedia":[{"embeddable":true,"href":"http:\/\/cordobadirecto.com\/index.php\/wp-json\/wp\/v2\/media\/151954"}],"wp:attachment":[{"href":"http:\/\/cordobadirecto.com\/index.php\/wp-json\/wp\/v2\/media?parent=151953"}],"wp:term":[{"taxonomy":"category","embeddable":true,"href":"http:\/\/cordobadirecto.com\/index.php\/wp-json\/wp\/v2\/categories?post=151953"},{"taxonomy":"post_tag","embeddable":true,"href":"http:\/\/cordobadirecto.com\/index.php\/wp-json\/wp\/v2\/tags?post=151953"}],"curies":[{"name":"wp","href":"https:\/\/api.w.org\/{rel}","templated":true}]}}