{"id":151983,"date":"2024-06-28T21:17:10","date_gmt":"2024-06-28T21:17:10","guid":{"rendered":"https:\/\/www.ole.com.ar\/autos\/alarma-red-bull-sancion-max-verstappen-10-posiciones-formula-1_0_qxu2PIsFRu.html"},"modified":"2024-06-28T21:17:10","modified_gmt":"2024-06-28T21:17:10","slug":"alarma-en-red-bull-la-sancion-a-max-verstappen-que-le-costara-10-posiciones","status":"publish","type":"post","link":"http:\/\/cordobadirecto.com\/index.php\/2024\/06\/28\/alarma-en-red-bull-la-sancion-a-max-verstappen-que-le-costara-10-posiciones\/","title":{"rendered":"Alarma en Red Bull: la sanci\u00f3n a Max Verstappen que le costar\u00e1 10 posiciones"},"content":{"rendered":"<p><time class=\"createDate\" datetime=\"2024-06-28T18:17:10-03:00\">28\/06\/2024 21:17hs.<\/time><\/p>\n<div id=\"storyBody\">\n<div class=\"custom-text \" readability=\"35.552062868369\">\n<p>La <strong>F\u00f3rmula 1 <\/strong>empez\u00f3 con la actividad para el <strong>Gran Premio de Austria, <\/strong>que se llevar\u00e1 a cabo este fin de semana. Pasadas ya las primeras dos pr\u00e1cticas y la clasificaci\u00f3n del Sprint Shootout, el hombre de la jornada fue <strong>Max Verstappen<\/strong>. No solamente por <a href=\"https:\/\/www.ole.com.ar\/usa\/automovilismo\/gp-austria-clasificacion-max-verstappen-sprint_0_SUVuchM3bC.html\" target=\"_self\" title=\"terminar primero y ganarse la pole del Sprint\" alt=\"terminar primero y ganarse la pole del Sprint\" rel=\"noopener\">terminar primero y ganarse la pole del Sprint<\/a>, sino porque adem\u00e1s deber\u00e1 hacer cambios en su auto por un <strong>problema que lo sac\u00f3 de la pista <\/strong>en medio de los giros, y que derivar\u00e1 en una sanci\u00f3n que deber\u00e1 cumplir con posiciones en la grilla de salida.<\/p>\n<\/div>\n<div class=\"custom-text \" readability=\"38\">\n<p>El neerland\u00e9s (1m4s686), que en la qualy Shootout para el Sprint del s\u00e1bado fue seguido de Lando Norris (+0s093) y Oscar Piastri (0s301), <strong>qued\u00f3 con su monoplaza totalmente parado debido a una falla en un sensor del motor mientras pasaba por la recta de boxes<\/strong> cuando restaban 27 minutos para el final del primer entrenamiento. En efecto, provoc\u00f3 la <strong>bandera roja<\/strong>.<\/p>\n<\/div>\n<div class=\"sc-e7b891c4-0 jPbnQF\"><img alt=\"Verstappen tiene un problema en puerta.\" src=\"http:\/\/cordobadirecto.com\/wp-content\/uploads\/2024\/06\/alarma-en-red-bull-la-sancion-a-max-verstappen-que-le-costara-10-posiciones.jpg\" width=\"720\" height=\"100\" decoding=\"async\" data-nimg=\"future\" loading=\"lazy\"><span class=\"epigraphe\">Verstappen tiene un problema en puerta.<\/span><\/div>\n<div class=\"custom-text \" readability=\"36\">\n<p>El RB20 de Verstappen fue empujado y <strong>estuvo parado en boxes tan solo cinco minutos <\/strong>hasta que reiniciaron el sistema y se largaron de nuevo los giros a la pista con la bandera verde. &#8220;Es grandioso estar primero frente a la gente local y en el gran premio en casa&#8221;, asegur\u00f3 el ganador de siete de las 19 carreras que van de la temporada.<\/p>\n<\/div>\n<div class=\"custom-text \" readability=\"40\">\n<p>El problema en puerta en el que tienen que estar ocupados los de RB es que <strong>ya le cambiaron el motor Honda al auto cuatro veces, y al haber una posible quinta, la F\u00f3rmula 1 sancionar\u00e1 al piloto con 10 posiciones en la parrilla<\/strong>. Todav\u00eda no est\u00e1 confirmado, pero el propio Christian Horner, jefe del equipo, asegur\u00f3 que es un final muy posible: &#8220;Creo que <strong>es inevitable que tengamos que cambiar de motor<\/strong> en alg\u00fan momento&#8221;.<\/p>\n<\/div>\n<div class=\"custom-text \" readability=\"39\">\n<p>La escuder\u00eda austr\u00edaca corre en su casa, en el Red Bull Ring, y con el tres veces campe\u00f3n de la F1 al volante, dej\u00f3 atr\u00e1s a los dos McLarren de Norris y Piastri. <strong>Checo P\u00e9rez, el coequiper de Mad Max, fue s\u00e9ptimo<\/strong>.<\/p>\n<\/div>\n<div class=\"sc-e7b891c4-0 jPbnQF\"><img alt=\"MadMax quiere su cuarto Mundial.\" src=\"http:\/\/cordobadirecto.com\/wp-content\/uploads\/2024\/06\/alarma-en-red-bull-la-sancion-a-max-verstappen-que-le-costara-10-posiciones-1.jpg\" width=\"720\" height=\"100\" decoding=\"async\" data-nimg=\"future\" loading=\"lazy\"><span class=\"epigraphe\">MadMax quiere su cuarto Mundial.<\/span><\/div>\n<div class=\"custom-text \" readability=\"34.620689655172\">\n<p>Este s\u00e1bado, desde las 7, se realizar\u00e1 la <strong>carrera sprint<\/strong>, y m\u00e1s tarde, a las 11, ser\u00e1 la <strong>clasificaci\u00f3n<\/strong>. Finalmente, <strong>el domingo cerrar\u00e1 con <a href=\"https:\/\/www.ole.com.ar\/autos\/gp-austria-formula1-hora-ver-tv-online_0_vswnj1XHQh.html\" target=\"_self\" title=\"la carrera principal a partir de las 10\" alt=\"la carrera principal a partir de las 10\" rel=\"noopener\">la carrera principal a partir de las 10<\/a><\/strong>. Toda la acci\u00f3n se podr\u00e1 ver en vivo por la pantalla <strong>Fox Sports <\/strong>y por la plataforma <strong>Disney+ <\/strong>(ex Star+).<\/p>\n<\/div>\n<p><h2>El futuro de Verstappen en Red Bull<\/h2>\n<\/p>\n<div class=\"custom-text \" readability=\"35\">\n<p>El tricampe\u00f3n del mundo con la escuder\u00eda austr\u00edaca confirm\u00f3 con qu\u00e9 equipo correr\u00e1 en la M\u00e1xima en la pr\u00f3xima temporada: &#8220;<strong>Estamos trabajando en el auto del pr\u00f3ximo a\u00f1o<\/strong>. Creo que cuando est\u00e1n tan enfocado en eso, eso significa que tambi\u00e9n competir\u00e1s con el equipo&#8221;.<\/p>\n<\/div>\n<div class=\"sc-e7b891c4-0 jPbnQF\"><img alt=\"Verstappen ya dijo que sigue en Red Bull.\" src=\"http:\/\/cordobadirecto.com\/wp-content\/uploads\/2024\/06\/alarma-en-red-bull-la-sancion-a-max-verstappen-que-le-costara-10-posiciones-2.jpg\" width=\"720\" height=\"100\" decoding=\"async\" data-nimg=\"future\" loading=\"lazy\"><span class=\"epigraphe\">Verstappen ya dijo que sigue en Red Bull.<\/span><\/div>\n<p><h2>Los principales resultados del sprint shootout de la F1 en Austria<\/h2>\n<\/p>\n<div class=\"custom-text \" readability=\"32\">\n<p>1. Max Verstappen (Red Bull)<\/p>\n<\/div>\n<div class=\"custom-text \" readability=\"32\">\n<p>2. Lando Norris (McLaren)<\/p>\n<\/div>\n<div class=\"custom-text \" readability=\"32\">\n<p>3. Oscar Piastri (McLaren)<\/p>\n<\/div>\n<div class=\"custom-text \" readability=\"32\">\n<p>4. George Russell (Mercedes)<\/p>\n<\/div>\n<div class=\"custom-text \" readability=\"32\">\n<p>5. Carlos Sainz (Ferrari)<\/p>\n<\/div>\n<div class=\"custom-text \" readability=\"32\">\n<p>6. Lewis Hamilton (Mercedes)<\/p>\n<\/div>\n<div class=\"custom-text \" readability=\"32\">\n<p>7. Sergio P\u00e9rez (Red Bull)<\/p>\n<\/div>\n<div class=\"custom-text \">\n<p>8. Esteban Ocon (Alpine)<\/p>\n<\/div>\n<div class=\"custom-text \">\n<p>9.Pierre Gasly (Alpine)<\/p>\n<\/div>\n<div class=\"custom-text \" readability=\"32\">\n<p>10. Charles Leclerc (Ferrari)<\/p>\n<\/div>\n<div class=\"sc-a7166897-0 exHLBh\" readability=\"6\">\n<section readability=\"2\"><picture><img alt=\"Verstappen lider\u00f3 en la clasificaci\u00f3n de la carrera sprint del GP de Austria\" src=\"http:\/\/cordobadirecto.com\/wp-content\/uploads\/2024\/06\/alarma-en-red-bull-la-sancion-a-max-verstappen-que-le-costara-10-posiciones-3.jpg\" width=\"290\" height=\"290\" decoding=\"async\" data-nimg=\"future\" loading=\"lazy\"><\/picture>\n<p><span>Mir\u00e1 tambi\u00e9n<\/span><\/p>\n<hr>\n<h3>Verstappen lider\u00f3 en la clasificaci\u00f3n de la carrera sprint del GP de Austria<\/h3>\n<\/p>\n<\/section>\n<\/div>\n<div class=\"sc-a7166897-0 exHLBh\" readability=\"6\">\n<section readability=\"2\"><picture><img alt=\"GP de Austria de la F1: hora y d\u00f3nde ver por TV y online\" src=\"http:\/\/cordobadirecto.com\/wp-content\/uploads\/2024\/06\/alarma-en-red-bull-la-sancion-a-max-verstappen-que-le-costara-10-posiciones-4.jpg\" width=\"290\" height=\"290\" decoding=\"async\" data-nimg=\"future\" loading=\"lazy\"><\/picture>\n<p><span>Mir\u00e1 tambi\u00e9n<\/span><\/p>\n<hr>\n<h3>GP de Austria de la F1: hora y d\u00f3nde ver por TV y online<\/h3>\n<\/p>\n<\/section>\n<\/div>\n<div class=\"sc-a7166897-0 exHLBh\" readability=\"7\">\n<section readability=\"4\"><picture><img alt=\"Con dos nuevos confirmados para 2025, \u00bfc\u00f3mo qued\u00f3 la parrilla de la F1 y qu\u00e9 asientos hay libres?\" src=\"http:\/\/cordobadirecto.com\/wp-content\/uploads\/2024\/06\/alarma-en-red-bull-la-sancion-a-max-verstappen-que-le-costara-10-posiciones-5.jpg\" width=\"290\" height=\"290\" decoding=\"async\" data-nimg=\"future\" loading=\"lazy\"><\/picture>\n<p><span>Mir\u00e1 tambi\u00e9n<\/span><\/p>\n<hr>\n<h3>Con dos nuevos confirmados para 2025, \u00bfc\u00f3mo qued\u00f3 la parrilla de la F1 y qu\u00e9 asientos hay libres?<\/h3>\n<\/p>\n<\/section>\n<\/div>\n<div class=\"sc-a7166897-0 exHLBh\" readability=\"6\">\n<section readability=\"2\"><picture><img alt=\"Ni Sainz ni Gasly: el joven piloto que eligi\u00f3 RB para reemplazar a Ricciardo\" src=\"http:\/\/cordobadirecto.com\/wp-content\/uploads\/2024\/06\/alarma-en-red-bull-la-sancion-a-max-verstappen-que-le-costara-10-posiciones-6.jpg\" width=\"290\" height=\"290\" decoding=\"async\" data-nimg=\"future\" loading=\"lazy\"><\/picture>\n<p><span>Mir\u00e1 tambi\u00e9n<\/span><\/p>\n<hr>\n<h3>Ni Sainz ni Gasly: el joven piloto que eligi\u00f3 RB para reemplazar a Ricciardo<\/h3>\n<\/p>\n<\/section>\n<\/div>\n<\/div>\n","protected":false},"excerpt":{"rendered":"<p>28\/06\/2024 21:17hs. La F\u00f3rmula 1 empez\u00f3 con la actividad para el Gran Premio de Austria, que se llevar\u00e1 a cabo este fin de semana. Pasadas ya las primeras dos pr\u00e1cticas y la clasificaci\u00f3n del Sprint Shootout, el hombre de la jornada fue Max Verstappen. No solamente por terminar primero y ganarse la pole del Sprint, [&hellip;]<\/p>\n","protected":false},"author":1,"featured_media":151984,"comment_status":"closed","ping_status":"closed","sticky":false,"template":"","format":"standard","meta":[],"categories":[21],"tags":[],"_links":{"self":[{"href":"http:\/\/cordobadirecto.com\/index.php\/wp-json\/wp\/v2\/posts\/151983"}],"collection":[{"href":"http:\/\/cordobadirecto.com\/index.php\/wp-json\/wp\/v2\/posts"}],"about":[{"href":"http:\/\/cordobadirecto.com\/index.php\/wp-json\/wp\/v2\/types\/post"}],"author":[{"embeddable":true,"href":"http:\/\/cordobadirecto.com\/index.php\/wp-json\/wp\/v2\/users\/1"}],"replies":[{"embeddable":true,"href":"http:\/\/cordobadirecto.com\/index.php\/wp-json\/wp\/v2\/comments?post=151983"}],"version-history":[{"count":0,"href":"http:\/\/cordobadirecto.com\/index.php\/wp-json\/wp\/v2\/posts\/151983\/revisions"}],"wp:featuredmedia":[{"embeddable":true,"href":"http:\/\/cordobadirecto.com\/index.php\/wp-json\/wp\/v2\/media\/151984"}],"wp:attachment":[{"href":"http:\/\/cordobadirecto.com\/index.php\/wp-json\/wp\/v2\/media?parent=151983"}],"wp:term":[{"taxonomy":"category","embeddable":true,"href":"http:\/\/cordobadirecto.com\/index.php\/wp-json\/wp\/v2\/categories?post=151983"},{"taxonomy":"post_tag","embeddable":true,"href":"http:\/\/cordobadirecto.com\/index.php\/wp-json\/wp\/v2\/tags?post=151983"}],"curies":[{"name":"wp","href":"https:\/\/api.w.org\/{rel}","templated":true}]}}