{"id":151985,"date":"2024-06-28T21:12:26","date_gmt":"2024-06-28T21:12:26","guid":{"rendered":"https:\/\/www.ole.com.ar\/informacion-general\/suspendieron-categoria-murio-somaschini-lorenzo-superbike_0_GHOKxHJixx.html"},"modified":"2024-06-28T21:12:26","modified_gmt":"2024-06-28T21:12:26","slug":"suspendieron-la-categoria-en-la-que-murio-somaschini","status":"publish","type":"post","link":"http:\/\/cordobadirecto.com\/index.php\/2024\/06\/28\/suspendieron-la-categoria-en-la-que-murio-somaschini\/","title":{"rendered":"Suspendieron la categor\u00eda en la que muri\u00f3 Somaschini"},"content":{"rendered":"<p><time class=\"createDate\" datetime=\"2024-06-28T18:12:26-03:00\">28\/06\/2024 21:12hs.<\/time><\/p>\n<div id=\"storyBody\">\n<div class=\"custom-text \" readability=\"35.724465558195\">\n<p>Hace poco m\u00e1s de diez d\u00edas,<a href=\"https:\/\/www.ole.com.ar\/informacion-general\/informacion-general-lorenzo-somaschini-nene-moto-muerte-fallecimiento-accidente_0_KV3Bg4oVW5.html\" target=\"_self\" title=\" la muerte del motociclista Lorenzo Somaschini\" alt=\" la muerte del motociclista Lorenzo Somaschini\" rel=\"noopener\"> la muerte del motociclista Lorenzo Somaschini<\/a>, argentino de 9 a\u00f1os, a causa de un accidente en un entrenamiento, gener\u00f3 mucho dolor en el mundo del motociclismo. Y la dirigencia tom\u00f3 una decisi\u00f3n contundente: la SuperBike <strong>anunci\u00f3 la suspensi\u00f3n de la Honda Junior Cup, <\/strong>la categor\u00eda que permit\u00eda inscribirse a ni\u00f1os de al menos ocho a\u00f1os en motos que alcanzaran la marca de 150 km\/h. <\/p>\n<\/div>\n<div class=\"custom-text \" readability=\"38\">\n<p>Desde 2013, tres a\u00f1os despu\u00e9s de la creaci\u00f3n de SuperBike Brasil, los j\u00f3venes corredores pueden participar de la Copa Honda Junior, que permite la participaci\u00f3n de ni\u00f1os desde ocho a\u00f1os hasta adolescentes de 16 a\u00f1os. En la categor\u00eda, las motos pueden alcanzar los 150 kil\u00f3metros por hora. <\/p>\n<\/div>\n<div class=\"custom-text \" readability=\"34\">\n<p>El ni\u00f1o argentino sufri\u00f3 un grave accidente durante un entrenamiento en Interlagos, sucumbi\u00f3 a las heridas y falleci\u00f3 el 17 de junio.<\/p>\n<\/div>\n<div class=\"custom-text \" readability=\"36\">\n<p>La Confederaci\u00f3n Brasile\u00f1a de Motociclismo (CBM) fue contactada por el sitio Globo Esporte y afirm\u00f3 , a trav\u00e9s de un comunicado oficial, que SuperBike Brasil no es una competencia aprobada por la entidad.<\/p>\n<\/div>\n<div class=\"custom-text \" readability=\"39\">\n<p>&#8220;CBM desea aclarar que la competici\u00f3n SuperBike Brasil, en la que ocurri\u00f3 el accidente, no est\u00e1 aprobada por esta entidad, seg\u00fan nota oficial ampliamente publicada el 27 de marzo de 2024 y enviada por carta a los hip\u00f3dromos y entidades relacionadas. CBM no tiene v\u00ednculos con la organizaci\u00f3n del evento en cuesti\u00f3n&#8221;, se afirm\u00f3.<\/p>\n<\/div>\n<div class=\"custom-text \" readability=\"42\">\n<p> La ca\u00edda del argentino de nueve a\u00f1os se produjo en la curva Pinheirinho, un tramo de baja velocidad. &#8220;Desde el punto de vista t\u00e9cnico, deber\u00eda haber sido una ca\u00edda m\u00e1s, sin consecuencias ni relevancia. Como no tenemos im\u00e1genes, no podemos decir exactamente qu\u00e9 pas\u00f3; Las marcas en la motocicleta indican que simplemente se volc\u00f3 a baja velocidad y se arrastr\u00f3 por el suelo, otra indicaci\u00f3n de que la velocidad era baja. Por tanto, todav\u00eda no sabemos c\u00f3mo decir c\u00f3mo un accidente de estas caracter\u00edsticas pudo haber sido tan grave&#8221;, explic\u00f3 Superbike.<\/p>\n<\/div>\n<div class=\"sc-e7b891c4-0 jPbnQF\"><img alt=\"Lorenzo ten\u00eda nueve a\u00f1os.\" src=\"http:\/\/cordobadirecto.com\/wp-content\/uploads\/2024\/06\/suspendieron-la-categoria-en-la-que-murio-somaschini.jpg\" width=\"720\" height=\"100\" decoding=\"async\" data-nimg=\"future\" loading=\"lazy\"><span class=\"epigraphe\">Lorenzo ten\u00eda nueve a\u00f1os.<\/span><\/div>\n<p><h2><strong>El comunicado de Superbike<\/strong><\/h2>\n<\/p>\n<div class=\"custom-text \" readability=\"37\">\n<p>SuperBike Brasil anuncia la suspensi\u00f3n de la categor\u00eda Honda Jr Cup La decisi\u00f3n, tomada de com\u00fan acuerdo con los patrocinadores y por tiempo indefinido, tiene como objetivo analizar en detalle qu\u00e9 medidas y cambios deben implementarse para aumentar la seguridad de los corredores en la categor\u00eda-escuela.<\/p>\n<\/div>\n<p><h2><strong>La historia de Lorenzo Somaschini<\/strong><\/h2>\n<\/p>\n<div class=\"custom-text \" readability=\"37\">\n<p>Lorenzo Somaschini fue un piloto oriundo de la ciudad de Rosario que en abril del 2024 debut\u00f3, con tan s\u00f3lo 9 a\u00f1os, en el Campeonato Argentino de Motociclismo de Velocidad, motivo por el que fue noticia en las \u00faltimas semanas.<\/p>\n<\/div>\n<div class=\"custom-text \" readability=\"39\">\n<p>Su pasi\u00f3n por las motos surgi\u00f3 gracias a su padre, quien detect\u00f3 sus condiciones r\u00e1pidamente y lo ayud\u00f3 a encausarlas. &#8220;Manejo desde los cuatro a\u00f1os. Mi pap\u00e1 andaba en moto, a los dos a\u00f1os me llev\u00f3 al Super y me empez\u00f3 a gustar. Mi sue\u00f1o es llegar al MotoGP, ser campe\u00f3n del mundo&#8221;, reconoci\u00f3 el nene dos meses antes de sufrir el accidente en di\u00e1logo con Paseo Tuerca.<\/p>\n<\/div>\n<div class=\"custom-text \" readability=\"40\">\n<p>A su vez, tiempo atr\u00e1s, tambi\u00e9n hab\u00eda detallado lo que sinti\u00f3 la primera vez que subi\u00f3 a una moto. &#8220;Un d\u00eda mi pap\u00e1 me llev\u00f3 al s\u00faper a cargar nafta, no me acuerdo bien, pero dimos una vuelta en una 125 cent\u00edmetros c\u00fabicos que era de mi abuelo y me encant\u00f3. Ah\u00ed me agarr\u00f3 eso que no s\u00e9 c\u00f3mo explicarlo. Me gust\u00f3 mucho y me empezaron a fascinar las motos&#8221;, record\u00f3 en una entrevista que le dio al diario La Capital.<\/p>\n<\/div>\n<div class=\"sc-e7b891c4-0 jPbnQF\"><img alt=\"Lorenzo Somaschini, el piloto argentino fallecido. (FOTO: Instagram)\" src=\"http:\/\/cordobadirecto.com\/wp-content\/uploads\/2024\/06\/suspendieron-la-categoria-en-la-que-murio-somaschini-1.jpg\" width=\"720\" height=\"100\" decoding=\"async\" data-nimg=\"future\" loading=\"lazy\"><span class=\"epigraphe\">Lorenzo Somaschini, el piloto argentino fallecido. (FOTO: Instagram)<\/span><\/div>\n<\/div>\n","protected":false},"excerpt":{"rendered":"<p>28\/06\/2024 21:12hs. Hace poco m\u00e1s de diez d\u00edas, la muerte del motociclista Lorenzo Somaschini, argentino de 9 a\u00f1os, a causa de un accidente en un entrenamiento, gener\u00f3 mucho dolor en el mundo del motociclismo. Y la dirigencia tom\u00f3 una decisi\u00f3n contundente: la SuperBike anunci\u00f3 la suspensi\u00f3n de la Honda Junior Cup, la categor\u00eda que permit\u00eda [&hellip;]<\/p>\n","protected":false},"author":1,"featured_media":151986,"comment_status":"closed","ping_status":"closed","sticky":false,"template":"","format":"standard","meta":[],"categories":[21],"tags":[],"_links":{"self":[{"href":"http:\/\/cordobadirecto.com\/index.php\/wp-json\/wp\/v2\/posts\/151985"}],"collection":[{"href":"http:\/\/cordobadirecto.com\/index.php\/wp-json\/wp\/v2\/posts"}],"about":[{"href":"http:\/\/cordobadirecto.com\/index.php\/wp-json\/wp\/v2\/types\/post"}],"author":[{"embeddable":true,"href":"http:\/\/cordobadirecto.com\/index.php\/wp-json\/wp\/v2\/users\/1"}],"replies":[{"embeddable":true,"href":"http:\/\/cordobadirecto.com\/index.php\/wp-json\/wp\/v2\/comments?post=151985"}],"version-history":[{"count":0,"href":"http:\/\/cordobadirecto.com\/index.php\/wp-json\/wp\/v2\/posts\/151985\/revisions"}],"wp:featuredmedia":[{"embeddable":true,"href":"http:\/\/cordobadirecto.com\/index.php\/wp-json\/wp\/v2\/media\/151986"}],"wp:attachment":[{"href":"http:\/\/cordobadirecto.com\/index.php\/wp-json\/wp\/v2\/media?parent=151985"}],"wp:term":[{"taxonomy":"category","embeddable":true,"href":"http:\/\/cordobadirecto.com\/index.php\/wp-json\/wp\/v2\/categories?post=151985"},{"taxonomy":"post_tag","embeddable":true,"href":"http:\/\/cordobadirecto.com\/index.php\/wp-json\/wp\/v2\/tags?post=151985"}],"curies":[{"name":"wp","href":"https:\/\/api.w.org\/{rel}","templated":true}]}}