{"id":151991,"date":"2024-06-28T17:04:53","date_gmt":"2024-06-28T17:04:53","guid":{"rendered":"https:\/\/www.redeszone.net\/?post_type=noticias&amp;p=824160"},"modified":"2024-06-28T17:04:53","modified_gmt":"2024-06-28T17:04:53","slug":"revisa-esto-en-tu-casa-para-que-no-se-vaya-la-luz-en-los-meses-de-verano","status":"publish","type":"post","link":"http:\/\/cordobadirecto.com\/index.php\/2024\/06\/28\/revisa-esto-en-tu-casa-para-que-no-se-vaya-la-luz-en-los-meses-de-verano\/","title":{"rendered":"Revisa esto en tu casa para que no se vaya la luz en los meses de verano"},"content":{"rendered":"<div never readability=\"17\">\n<p>No siempre tenemos el mismo consumo de energ\u00eda, ni tampoco requerimos de la misma potencia. \u00bfQu\u00e9 significa esto? Hay meses, especialmente en los que la temperatura es m\u00e1s extrema, en los que utilizamos electrodom\u00e9sticos que tienen un mayor consumo de energ\u00eda. Por ejemplo, podemos nombrar el <strong>aire acondicionado<\/strong>. Adem\u00e1s, no solo vamos a tenerlos mucho tiempo encendidos, sino que van a necesitar de una cierta potencia. Y s\u00ed, eso puede hacer que se apague la luz continuamente.<\/p>\n<\/div>\n<div readability=\"65.795830337886\"><span readability=\"28\"><\/p>\n<p>Te vamos a explicar qu\u00e9 debes tener en cuenta para este verano, as\u00ed como algunos consejos para que utilices tus aparatos correctamente. El objetivo es que puedas ahorrar energ\u00eda, sin que ello suponga prescindir de mantener la casa a buena temperatura. A veces, tendr\u00e1s que hacer algunos <strong>cambios en la tarifa<\/strong> que tienes contratada.<\/p>\n<h2>Qu\u00e9 potencia vas a necesitar<\/h2>\n<p>El punto clave es conocer qu\u00e9 <strong>potencia<\/strong> puedes necesitar. Se mide en kW y es algo que puede ser menor o mayor, seg\u00fan tengas contratado. Generalmente, suele estar entre 3 y 6 kW. En funci\u00f3n de cu\u00e1ntas personas vivan en una vivienda, el tama\u00f1o de la misma, la cantidad de aparatos o el tipo, tendr\u00e1s que contratar m\u00e1s o menos.<\/p>\n<p>\u00bfQu\u00e9 ocurre? En verano vas a usar aire acondicionado. Incluso puede que <strong>m\u00e1s de uno al mismo tiempo<\/strong>. Vas a tener que revisar qu\u00e9 potencia necesitas y ver si tienes o no que cambiar lo que ya tienes contratado. Por ejemplo, si tuvieras contratados 3,5 kW de potencia, pero al usar aires acondicionados vas a ver que pasar\u00e1s de 4 kW f\u00e1cilmente, puedes sufrir apagones de luz. En ese caso, tendr\u00edas que contratar algo m\u00e1s.<\/p>\n<p><\/span> <span readability=\"44.613622664256\"><\/p>\n<p>Esto, como decimos, depender\u00e1 de diferentes factores. No es lo mismo usar un aire acondicionado nuevo, eficiente, que tener un modelo muy antiguo. Tampoco ser\u00e1 lo mismo si ya tienes una base de consumo bastante elevada, si, por ejemplo, utilizas al mismo tiempo electrodom\u00e9sticos como un lavavajillas, horno, lavadora\u2026<\/p>\n<p><img loading=\"lazy\" decoding=\"async\" class=\"aligncenter size-full wp-image-791499\" src=\"http:\/\/cordobadirecto.com\/wp-content\/uploads\/2024\/06\/revisa-esto-en-tu-casa-para-que-no-se-vaya-la-luz-en-los-meses-de-verano.jpg\" alt=\"Usar aire acondicionado en verano\" width=\"1200\" height=\"720\"><\/p>\n<h2>Utiliza bien tus aparatos<\/h2>\n<p>Debes revisar muy bien el <strong>funcionamiento de los aparatos<\/strong>. Aseg\u00farate de que los tienes bien configurados, ya que en ocasiones podr\u00e1s elegir entre diferentes modos. Esto puede suponer un ahorro importante. Por ejemplo, en el caso del aire acondicionado, no ser\u00e1 lo mismo ponerlo a 18 grados en verano que a 25.<\/p>\n<p>El objetivo debe ser siempre hacer un uso correcto de <strong>cualquier electrodom\u00e9stico<\/strong> que tengas en casa. Adem\u00e1s, tambi\u00e9n debes controlar el entorno. \u00bfA qu\u00e9 nos referimos con esto? Si volvemos al ejemplo del aire acondicionado, aseg\u00farate de que no tienes ventanas abiertas mientras lo mantienes encendido o que no tienes cerca aparatos que puedan ser incompatibles (por ejemplo, un horno cerca de un frigor\u00edfico).<\/p>\n<p>Al utilizar bien los aparatos, tambi\u00e9n vas a evitar consumir m\u00e1s potencia de la necesaria. Eso ayudar\u00e1 a evitar apagones en verano. Por ejemplo, intenta evitar poner al mismo tiempo la lavadora, el lavavajillas y el horno, si ya tienes encendido el aire acondicionado. Reducir\u00e1s el riesgo de apagones.<\/p>\n<p>En definitiva, cuando vayas a preparar tu vivienda para el verano, y encender aires acondicionados, ten en cuenta la potencia que podr\u00edas necesitar. Tal vez necesites contratar algo m\u00e1s y evitar as\u00ed problemas. Puedes ver <a href=\"https:\/\/www.redeszone.net\/noticias\/power\/cuanta-potencia-contratar-aire-acondicionado\/\">cu\u00e1nta potencia contratar para tener varios aires<\/a>.<\/p>\n<p> <\/span><\/div>\n","protected":false},"excerpt":{"rendered":"<p>No siempre tenemos el mismo consumo de energ\u00eda, ni tampoco requerimos de la misma potencia. \u00bfQu\u00e9 significa esto? Hay meses, especialmente en los que la temperatura es m\u00e1s extrema, en los que utilizamos electrodom\u00e9sticos que tienen un mayor consumo de energ\u00eda. Por ejemplo, podemos nombrar el aire acondicionado. Adem\u00e1s, no solo vamos a tenerlos mucho [&hellip;]<\/p>\n","protected":false},"author":1,"featured_media":151992,"comment_status":"closed","ping_status":"closed","sticky":false,"template":"","format":"standard","meta":[],"categories":[42],"tags":[],"_links":{"self":[{"href":"http:\/\/cordobadirecto.com\/index.php\/wp-json\/wp\/v2\/posts\/151991"}],"collection":[{"href":"http:\/\/cordobadirecto.com\/index.php\/wp-json\/wp\/v2\/posts"}],"about":[{"href":"http:\/\/cordobadirecto.com\/index.php\/wp-json\/wp\/v2\/types\/post"}],"author":[{"embeddable":true,"href":"http:\/\/cordobadirecto.com\/index.php\/wp-json\/wp\/v2\/users\/1"}],"replies":[{"embeddable":true,"href":"http:\/\/cordobadirecto.com\/index.php\/wp-json\/wp\/v2\/comments?post=151991"}],"version-history":[{"count":0,"href":"http:\/\/cordobadirecto.com\/index.php\/wp-json\/wp\/v2\/posts\/151991\/revisions"}],"wp:featuredmedia":[{"embeddable":true,"href":"http:\/\/cordobadirecto.com\/index.php\/wp-json\/wp\/v2\/media\/151992"}],"wp:attachment":[{"href":"http:\/\/cordobadirecto.com\/index.php\/wp-json\/wp\/v2\/media?parent=151991"}],"wp:term":[{"taxonomy":"category","embeddable":true,"href":"http:\/\/cordobadirecto.com\/index.php\/wp-json\/wp\/v2\/categories?post=151991"},{"taxonomy":"post_tag","embeddable":true,"href":"http:\/\/cordobadirecto.com\/index.php\/wp-json\/wp\/v2\/tags?post=151991"}],"curies":[{"name":"wp","href":"https:\/\/api.w.org\/{rel}","templated":true}]}}