{"id":151995,"date":"2024-06-29T15:54:10","date_gmt":"2024-06-29T15:54:10","guid":{"rendered":"http:\/\/cordobadirecto.com\/index.php\/2024\/06\/29\/el-fmi-respaldo-las-medidas-economicas-anunciadas-por-caputo-y-bausili-perfil\/"},"modified":"2024-06-29T15:54:10","modified_gmt":"2024-06-29T15:54:10","slug":"el-fmi-respaldo-las-medidas-economicas-anunciadas-por-caputo-y-bausili-perfil","status":"publish","type":"post","link":"http:\/\/cordobadirecto.com\/index.php\/2024\/06\/29\/el-fmi-respaldo-las-medidas-economicas-anunciadas-por-caputo-y-bausili-perfil\/","title":{"rendered":"El FMI respald\u00f3 las medidas econ\u00f3micas anunciadas por Caputo y Bausili &#8211; Perfil"},"content":{"rendered":"<p>En un <b>nuevo<\/b> gui\u00f1o hacia el gobierno de Javier Milei, el Fondo Monetario Internacional (FMI) respald\u00f3 el <b>nuevo<\/b> &#8230; <b>C\u00f3rdoba<\/b> alcanz\u00f3 un <b>nuevo<\/b> r\u00e9cord&nbsp;&#8230; <\/p>\n","protected":false},"excerpt":{"rendered":"<p>En un nuevo gui\u00f1o hacia el gobierno de Javier Milei, el Fondo Monetario Internacional (FMI) respald\u00f3 el nuevo &#8230; C\u00f3rdoba alcanz\u00f3 un nuevo r\u00e9cord&nbsp;&#8230;<\/p>\n","protected":false},"author":1,"featured_media":0,"comment_status":"closed","ping_status":"closed","sticky":false,"template":"","format":"standard","meta":[],"categories":[40],"tags":[],"_links":{"self":[{"href":"http:\/\/cordobadirecto.com\/index.php\/wp-json\/wp\/v2\/posts\/151995"}],"collection":[{"href":"http:\/\/cordobadirecto.com\/index.php\/wp-json\/wp\/v2\/posts"}],"about":[{"href":"http:\/\/cordobadirecto.com\/index.php\/wp-json\/wp\/v2\/types\/post"}],"author":[{"embeddable":true,"href":"http:\/\/cordobadirecto.com\/index.php\/wp-json\/wp\/v2\/users\/1"}],"replies":[{"embeddable":true,"href":"http:\/\/cordobadirecto.com\/index.php\/wp-json\/wp\/v2\/comments?post=151995"}],"version-history":[{"count":0,"href":"http:\/\/cordobadirecto.com\/index.php\/wp-json\/wp\/v2\/posts\/151995\/revisions"}],"wp:attachment":[{"href":"http:\/\/cordobadirecto.com\/index.php\/wp-json\/wp\/v2\/media?parent=151995"}],"wp:term":[{"taxonomy":"category","embeddable":true,"href":"http:\/\/cordobadirecto.com\/index.php\/wp-json\/wp\/v2\/categories?post=151995"},{"taxonomy":"post_tag","embeddable":true,"href":"http:\/\/cordobadirecto.com\/index.php\/wp-json\/wp\/v2\/tags?post=151995"}],"curies":[{"name":"wp","href":"https:\/\/api.w.org\/{rel}","templated":true}]}}