{"id":151996,"date":"2024-06-29T19:56:19","date_gmt":"2024-06-29T19:56:19","guid":{"rendered":"https:\/\/cordoba.gob.ar\/?p=59147"},"modified":"2024-06-29T19:56:19","modified_gmt":"2024-06-29T19:56:19","slug":"passerini-en-un-abrigo-al-corazon-esto-es-un-abrazo-solidario-a-mucha-gente-que-sufre","status":"publish","type":"post","link":"http:\/\/cordobadirecto.com\/index.php\/2024\/06\/29\/passerini-en-un-abrigo-al-corazon-esto-es-un-abrazo-solidario-a-mucha-gente-que-sufre\/","title":{"rendered":"Passerini en Un Abrigo al Coraz\u00f3n: \u201cEsto es un abrazo solidario a mucha gente que sufre\u201d"},"content":{"rendered":"<div><img src=\"http:\/\/cordobadirecto.com\/wp-content\/uploads\/2024\/06\/passerini-en-un-abrigo-al-corazon-esto-es-un-abrazo-solidario-a-mucha-gente-que-sufre.jpg\" class=\"ff-og-image-inserted\"><\/div>\n<p data-pm-slice=\"1 1 []\">El intendente de la ciudad de C\u00f3rdoba, Daniel Passerini, a miles de personas que participaron de la campa\u00f1a \u201cUn abrigo al coraz\u00f3n\u201d que se llev\u00f3 a cabo en el espacio Quality.<\/p>\n<p>En este contexto, Passerini expres\u00f3:<em> \u201cEstoy muy contento de que tanta gente est\u00e9 participando del evento. Este abrigo que estamos construyendo es un monumento a la solidaridad\u201d<\/em>.<\/p>\n<p>Durante la jornada se tejieron una gran cantidad de cuadraditos de lana que posteriormente se unir\u00e1n para la confecci\u00f3n de frazadas destinadas por el Comit\u00e9 Interreligioso por la Paz (Comipaz) a los cordobeses que m\u00e1s las necesiten.<\/p>\n<p>Los asistentes, adem\u00e1s de colaborar y dejar todo su cari\u00f1o en cada puntada, disfrutaron de sorteos y de la actuaci\u00f3n de Facundo Toro, Los Nombradores del Alba, Los de Alberdi, Alma Tierra y el humor de Marcos Ontivero.<\/p>\n<p>Al igual que a\u00f1os anteriores, esta campa\u00f1a fue organizada por la Municipalidad de C\u00f3rdoba, el Gobierno de la Provincia de manera conjunta con Cadena 3 y el Comipaz.<\/p>\n<p>Durante la fr\u00eda jornada, los asistentes recibieron el calor de un rico desayuno para seguir con la labor de confeccionar frazadas para quienes lo necesitan.<\/p>\n<p>Este a\u00f1o adem\u00e1s de la lana, a los asistentes se les entregaron agujas para que puedan llevar adelante el trabjo de tejer.<\/p>\n<p>Cabe destacar que los cuadrados que se tejieron durante la jornada, ser\u00e1n transformados en colchas los d\u00edas miercoles 3, jueves 4 y viernes 5 de julio, de 15:00 a 18:00 horas, en el templo Jud\u00edo Beit Israel (Alvear 254). Para quienes asitan a colaborar con esta tarea, se les solicita llevar agujas para coser.<\/p>\n","protected":false},"excerpt":{"rendered":"<p>El intendente de la ciudad de C\u00f3rdoba, Daniel Passerini, a miles de personas que participaron de la campa\u00f1a \u201cUn abrigo al coraz\u00f3n\u201d que se llev\u00f3 a cabo en el espacio Quality. En este contexto, Passerini expres\u00f3: \u201cEstoy muy contento de que tanta gente est\u00e9 participando del evento. Este abrigo que estamos construyendo es un monumento [&hellip;]<\/p>\n","protected":false},"author":1,"featured_media":151997,"comment_status":"closed","ping_status":"closed","sticky":false,"template":"","format":"standard","meta":[],"categories":[44],"tags":[],"_links":{"self":[{"href":"http:\/\/cordobadirecto.com\/index.php\/wp-json\/wp\/v2\/posts\/151996"}],"collection":[{"href":"http:\/\/cordobadirecto.com\/index.php\/wp-json\/wp\/v2\/posts"}],"about":[{"href":"http:\/\/cordobadirecto.com\/index.php\/wp-json\/wp\/v2\/types\/post"}],"author":[{"embeddable":true,"href":"http:\/\/cordobadirecto.com\/index.php\/wp-json\/wp\/v2\/users\/1"}],"replies":[{"embeddable":true,"href":"http:\/\/cordobadirecto.com\/index.php\/wp-json\/wp\/v2\/comments?post=151996"}],"version-history":[{"count":0,"href":"http:\/\/cordobadirecto.com\/index.php\/wp-json\/wp\/v2\/posts\/151996\/revisions"}],"wp:featuredmedia":[{"embeddable":true,"href":"http:\/\/cordobadirecto.com\/index.php\/wp-json\/wp\/v2\/media\/151997"}],"wp:attachment":[{"href":"http:\/\/cordobadirecto.com\/index.php\/wp-json\/wp\/v2\/media?parent=151996"}],"wp:term":[{"taxonomy":"category","embeddable":true,"href":"http:\/\/cordobadirecto.com\/index.php\/wp-json\/wp\/v2\/categories?post=151996"},{"taxonomy":"post_tag","embeddable":true,"href":"http:\/\/cordobadirecto.com\/index.php\/wp-json\/wp\/v2\/tags?post=151996"}],"curies":[{"name":"wp","href":"https:\/\/api.w.org\/{rel}","templated":true}]}}