{"id":151998,"date":"2024-06-29T18:29:57","date_gmt":"2024-06-29T18:29:57","guid":{"rendered":"https:\/\/cordoba.gob.ar\/?p=59058"},"modified":"2024-06-29T18:29:57","modified_gmt":"2024-06-29T18:29:57","slug":"el-jardin-botanico-recibira-la-visita-del-reconocido-ingeniero-eduardo-cerda-para-una-charla-sobre-agroecologia","status":"publish","type":"post","link":"http:\/\/cordobadirecto.com\/index.php\/2024\/06\/29\/el-jardin-botanico-recibira-la-visita-del-reconocido-ingeniero-eduardo-cerda-para-una-charla-sobre-agroecologia\/","title":{"rendered":"El Jard\u00edn Bot\u00e1nico recibir\u00e1 la visita del reconocido ingeniero Eduardo Cerd\u00e1 para una charla sobre Agroecolog\u00eda"},"content":{"rendered":"<div><img src=\"http:\/\/cordobadirecto.com\/wp-content\/uploads\/2024\/06\/el-jardin-botanico-recibira-la-visita-del-reconocido-ingeniero-eduardo-cerda-para-una-charla-sobre-agroecologia.jpg\" class=\"ff-og-image-inserted\"><\/div>\n<ul class=\"ak-ul\" data-pm-slice=\"3 1 []\">\n<li><strong>Ser\u00e1 este lunes 1\u00b0 de julio de manera presencial desde las 10 horas.<\/strong><\/li>\n<\/ul>\n<hr>\n<p>La Municipalidad de C\u00f3rdoba recibir\u00e1 en el Jard\u00edn Bot\u00e1nico de la ciudad al ingeniero agr\u00f3nomo Eduardo Cerd\u00e1, especialista en agroecolog\u00eda, quien disertar\u00e1 sobre el paradigma productivo que ofrece la Agroecolog\u00eda para la producci\u00f3n de alimentos y otros productos sostenibles y resilientes con el ambiente.<\/p>\n<p>\u201cAgroecolog\u00eda: una soluci\u00f3n sana, segura y rentable\u201d tendr\u00e1 lugar el pr\u00f3ximo lunes 1\u00b0 de julio en el auditorio Delia Caminotti del Jard\u00edn Bot\u00e1nico y tendr\u00e1 inicio a las 10 horas.<\/p>\n<p>La entrada es libre y gratuita, pero requiere de inscripci\u00f3n previa mediante el siguiente<a href=\"https:\/\/forms.gle\/G4T6rMWr81HPgoFw8\"> link<\/a><\/p>\n<p>En la charla se abordar\u00e1n las experiencias de m\u00faltiples municipios, organizaciones no gubernamentales, acad\u00e9micos, cient\u00edficos y productores en torno a la producci\u00f3n de alimentos ecol\u00f3gicos y amigables con el entorno natural y sus recursos.<\/p>\n<p>El ingeniero agr\u00f3nomo Eduardo Cerd\u00e1 es presidente de la Red Nacional de Municipios y Comunidades que Fomentan la Agroecolog\u00eda (RENAMA) y exdirector nacional de Agroecolog\u00eda, con casi 40 a\u00f1os de experiencia en desarrollo de proyectos productivos y educativos en torno a la agroecolog\u00eda.<\/p>\n<p>En la actualidad, RENAMA involucra m\u00e1s de 30 gobiernos locales de todo el pa\u00eds que se encuentran generando las condiciones para el fortalecimiento de la agroecolog\u00eda como opci\u00f3n sostenible para la producci\u00f3n de alimentos.<\/p>\n<p><strong>El compromiso de C\u00f3rdoba con la agroecolog\u00eda<\/strong><\/p>\n<p>En la ciudad de C\u00f3rdoba, est\u00e1 actualmente en tratamiento un proyecto de Ordenanza que promueve la producci\u00f3n y comercializaci\u00f3n agroecol\u00f3gica de una variada cantidad de actores sociales que ya producen alimentos y otros productos bajo este paradigma.<\/p>\n<p>Este proyecto, adem\u00e1s, es fruto de un verdadero trabajo en conjunto entre la Municipalidad de C\u00f3rdoba, a trav\u00e9s de sus secretar\u00edas de Ambiente Sustentable y Econom\u00eda Circular y de Pol\u00edticas Sociales y Desarrollo Humano; junto con la Feria Agroecol\u00f3gica de C\u00f3rdoba, la Subsecretar\u00eda provincial de Agricultura Familiar, el Concejo Deliberante de C\u00f3rdoba, la Facultad de Agronom\u00eda de la Universidad Nacional de C\u00f3rdoba, el INTI y asociaciones de productores locales.<\/p>\n","protected":false},"excerpt":{"rendered":"<p>Ser\u00e1 este lunes 1\u00b0 de julio de manera presencial desde las 10 horas. La Municipalidad de C\u00f3rdoba recibir\u00e1 en el Jard\u00edn Bot\u00e1nico de la ciudad al ingeniero agr\u00f3nomo Eduardo Cerd\u00e1, especialista en agroecolog\u00eda, quien disertar\u00e1 sobre el paradigma productivo que ofrece la Agroecolog\u00eda para la producci\u00f3n de alimentos y otros productos sostenibles y resilientes con [&hellip;]<\/p>\n","protected":false},"author":1,"featured_media":151999,"comment_status":"closed","ping_status":"closed","sticky":false,"template":"","format":"standard","meta":[],"categories":[44],"tags":[],"_links":{"self":[{"href":"http:\/\/cordobadirecto.com\/index.php\/wp-json\/wp\/v2\/posts\/151998"}],"collection":[{"href":"http:\/\/cordobadirecto.com\/index.php\/wp-json\/wp\/v2\/posts"}],"about":[{"href":"http:\/\/cordobadirecto.com\/index.php\/wp-json\/wp\/v2\/types\/post"}],"author":[{"embeddable":true,"href":"http:\/\/cordobadirecto.com\/index.php\/wp-json\/wp\/v2\/users\/1"}],"replies":[{"embeddable":true,"href":"http:\/\/cordobadirecto.com\/index.php\/wp-json\/wp\/v2\/comments?post=151998"}],"version-history":[{"count":0,"href":"http:\/\/cordobadirecto.com\/index.php\/wp-json\/wp\/v2\/posts\/151998\/revisions"}],"wp:featuredmedia":[{"embeddable":true,"href":"http:\/\/cordobadirecto.com\/index.php\/wp-json\/wp\/v2\/media\/151999"}],"wp:attachment":[{"href":"http:\/\/cordobadirecto.com\/index.php\/wp-json\/wp\/v2\/media?parent=151998"}],"wp:term":[{"taxonomy":"category","embeddable":true,"href":"http:\/\/cordobadirecto.com\/index.php\/wp-json\/wp\/v2\/categories?post=151998"},{"taxonomy":"post_tag","embeddable":true,"href":"http:\/\/cordobadirecto.com\/index.php\/wp-json\/wp\/v2\/tags?post=151998"}],"curies":[{"name":"wp","href":"https:\/\/api.w.org\/{rel}","templated":true}]}}