{"id":152031,"date":"2024-06-29T15:04:15","date_gmt":"2024-06-29T15:04:15","guid":{"rendered":"https:\/\/www.ole.com.ar\/autos\/max-verstappen-f1-formula-1-clasificacion-carrera-sprint-practica-gp-austria-2024-hoy_0_sjVpTPfjfi.html"},"modified":"2024-06-29T15:04:15","modified_gmt":"2024-06-29T15:04:15","slug":"max-verstappen-capo-total-en-austria-hizo-la-pole-position-en-la-clasificacion-de-la-f1","status":"publish","type":"post","link":"http:\/\/cordobadirecto.com\/index.php\/2024\/06\/29\/max-verstappen-capo-total-en-austria-hizo-la-pole-position-en-la-clasificacion-de-la-f1\/","title":{"rendered":"Max Verstappen, capo total en Austria: hizo la pole position en la clasificaci\u00f3n de la F1"},"content":{"rendered":"<p><time class=\"createDate\" datetime=\"2024-06-29T12:04:15-03:00\">29\/06\/2024 15:04hs.<\/time><time class=\"modificatedDate\" datetime=\"2024-06-29T15:11:24-03:00\"> Actualizado al 29\/06\/2024 18:11hs.<\/time><\/p>\n<div id=\"storyBody\">\n<div class=\"custom-text \" readability=\"37.805940594059\">\n<p>El nombre del circuito deb\u00eda tomarse como un aviso:<strong> Red Bull Ring<\/strong>. Y cuando el Red Bull de Max Verstappen est\u00e1 en el ring, no hay forma de que los McLaren, Ferrari y Mercedes compitan. Hasta este s\u00e1bado, <a href=\"https:\/\/www.ole.com.ar\/autos\/max-verstappen-f1-formula-1-carrera-sprint-gp-austria-mclaren_0_sOnWQWheze.html\" target=\"_self\" title=\"en el que se disputaron la carrera sprint y la clasificaci\u00f3n\" alt=\"en el que se disputaron la carrera sprint y la clasificaci\u00f3n\" rel=\"noopener\">en el que se disputaron la carrera sprint y la clasificaci\u00f3n<\/a>, fue todo del piloto neerland\u00e9s: <strong>la pr\u00e1ctica, el sprint shootout, la carrera corta y la qualy de la F1<\/strong>, en la que sus perseguidores no le pudieron hacer ni cosquillas. A falta de la final del domingo, <strong>Mad Max ya es el capo de Austria<\/strong>.<\/p>\n<\/div>\n<div class=\"custom-text \" readability=\"39\">\n<p><strong>No hac\u00eda falta llegar a la Q3 para saber que el tricampe\u00f3n ser\u00eda el poleman en el GP de Austria<\/strong>. Y va m\u00e1s all\u00e1 de sus resultados a lo largo del fin de semana, con un triunfazo en el sprint unas horas antes y su superioridad en las tandas cronometradas del viernes: el rendimiento del Red Bull en la qualy fue arrollador, <strong>sac\u00e1ndole alrededor de medio segundo a su perseguidor m\u00e1s cercano desde la Q2. <\/strong>Una diferencia que ni la mejor vuelta de un McLaren, actualmente el que m\u00e1s le compite, podr\u00eda recortar.<\/p>\n<\/div>\n<div class=\"sc-e7b891c4-0 jPbnQF\"><img alt=\"Verstappen fue imparable en Austria. Le queda una sola sesi\u00f3n por dominar: la carrera principal. (AP)\" src=\"http:\/\/cordobadirecto.com\/wp-content\/uploads\/2024\/06\/max-verstappen-capo-total-en-austria-hizo-la-pole-position-en-la-clasificacion-de-la-f1.jpg\" width=\"720\" height=\"100\" decoding=\"async\" data-nimg=\"future\" loading=\"lazy\"><span class=\"epigraphe\">Verstappen fue imparable en Austria. Le queda una sola sesi\u00f3n por dominar: la carrera principal. (AP)<\/span><\/div>\n<div class=\"custom-text \" readability=\"43\">\n<p>&#8220;<strong>Sin importar lo bien que lo hici\u00e9ramos, Max fue inalcanzable<\/strong>. Cuando ves el ritmo de hoy, te das cuenta de que vamos a tener que darlo todo y algo m\u00e1s para competir&#8221;, dijo un resignado <strong>Lando Norris<\/strong>, que termin\u00f3 a cuatro d\u00e9cimas y al igual que en el sprint largar\u00e1 a la par de Max. En tanto, en la fila de atr\u00e1s habr\u00e1 otras dos escuder\u00edas: <strong>Mercedes, con el tercer puesto de George Russell, y Ferrari, con el cuarto lugar de Carlos Sainz.<\/strong><\/p>\n<\/div>\n<p><h2><strong>Los resultados de la clasificaci\u00f3n en Austria<\/strong><\/h2>\n<\/p>\n<div class=\"custom-text \">\n<ol>\n<li>Verstappen \/ 1m4s314<\/li>\n<li>Norris \/ +0s404<\/li>\n<li>Russell \/ +0s526<\/li>\n<li>Sainz \/ +0s537<\/li>\n<li>Hamilton \/ +0s589<\/li>\n<li>Leclerc \/ +0s730<\/li>\n<li>Piastri \/ +0s734<\/li>\n<li>P\u00e9rez \/ +0s888<\/li>\n<li>Hulkenberg \/ +1s071<\/li>\n<li>Ocon \/ +1s569<\/li>\n<li>Ricciardo<\/li>\n<li>Magnussen<\/li>\n<li>Gasly<\/li>\n<li>Tsunoda<\/li>\n<li>Alonso<\/li>\n<li>Albon<\/li>\n<li>Stroll<\/li>\n<li>Bottas<\/li>\n<li>Sargeant<\/li>\n<li>Zhou<\/li>\n<\/ol>\n<\/div>\n<p><h2><strong>Horario y d\u00f3nde ver la carrera de la F1 en Austria<\/strong><\/h2>\n<\/p>\n<div class=\"custom-text \" readability=\"35\">\n<p>El fin de semana de la F\u00f3rmula 1 concluir\u00e1 este domingo con la carrera principal, que comenzar\u00e1 <strong>a las 10 de Argentina<\/strong>. Toda la acci\u00f3n se podr\u00e1 ver en vivo por la pantalla de <strong>Fox Sports<\/strong> y por la plataforma <strong>Disney+<\/strong> (ex Star+).<\/p>\n<\/div>\n<div class=\"sc-e7b891c4-0 jPbnQF\"><img alt=\"En la carrera sprint, los McLaren pusieron bajo presi\u00f3n a Verstappen. (EFE)\" src=\"http:\/\/cordobadirecto.com\/wp-content\/uploads\/2024\/06\/max-verstappen-capo-total-en-austria-hizo-la-pole-position-en-la-clasificacion-de-la-f1-1.jpg\" width=\"720\" height=\"100\" decoding=\"async\" data-nimg=\"future\" loading=\"lazy\"><span class=\"epigraphe\">En la carrera sprint, los McLaren pusieron bajo presi\u00f3n a Verstappen. (EFE)<\/span><\/div>\n<div class=\"sc-a7166897-0 exHLBh\" readability=\"6.5\">\n<section readability=\"3\"><picture><img alt=\"F1: Max Verstappen aprovech\u00f3 la pelea de los McLaren y gan\u00f3 la carrera sprint en Austria\" src=\"http:\/\/cordobadirecto.com\/wp-content\/uploads\/2024\/06\/max-verstappen-capo-total-en-austria-hizo-la-pole-position-en-la-clasificacion-de-la-f1-2.jpg\" width=\"290\" height=\"290\" decoding=\"async\" data-nimg=\"future\" loading=\"lazy\"><\/picture>\n<p><span>Mir\u00e1 tambi\u00e9n<\/span><\/p>\n<hr>\n<h3>F1: Max Verstappen aprovech\u00f3 la pelea de los McLaren y gan\u00f3 la carrera sprint en Austria<\/h3>\n<\/p>\n<\/section>\n<\/div>\n<div class=\"sc-a7166897-0 exHLBh\" readability=\"7\">\n<section readability=\"4\"><picture><img alt=\"Trompo ag\u00f3nico y carrera arruinada: el sprint de Franco Colapinto en Austria, por la F2\" src=\"http:\/\/cordobadirecto.com\/wp-content\/uploads\/2024\/06\/max-verstappen-capo-total-en-austria-hizo-la-pole-position-en-la-clasificacion-de-la-f1-3.jpg\" width=\"290\" height=\"290\" decoding=\"async\" data-nimg=\"future\" loading=\"lazy\"><\/picture>\n<p><span>Mir\u00e1 tambi\u00e9n<\/span><\/p>\n<hr>\n<h3>Trompo ag\u00f3nico y carrera arruinada: el sprint de Franco Colapinto en Austria, por la F2<\/h3>\n<\/p>\n<\/section>\n<\/div>\n<div class=\"sc-a7166897-0 exHLBh\" readability=\"6\">\n<section readability=\"2\"><picture><img alt=\"GP de Austria de la F1: hora y d\u00f3nde ver por TV y online\" src=\"http:\/\/cordobadirecto.com\/wp-content\/uploads\/2024\/06\/max-verstappen-capo-total-en-austria-hizo-la-pole-position-en-la-clasificacion-de-la-f1-4.jpg\" width=\"290\" height=\"290\" decoding=\"async\" data-nimg=\"future\" loading=\"lazy\"><\/picture>\n<p><span>Mir\u00e1 tambi\u00e9n<\/span><\/p>\n<hr>\n<h3>GP de Austria de la F1: hora y d\u00f3nde ver por TV y online<\/h3>\n<\/p>\n<\/section>\n<\/div>\n<div class=\"sc-a7166897-0 exHLBh\" readability=\"6\">\n<section readability=\"2\"><picture><img alt=\"Alarma en Red Bull: la sanci\u00f3n a Max Verstappen que le costar\u00e1 10 posiciones\" src=\"http:\/\/cordobadirecto.com\/wp-content\/uploads\/2024\/06\/max-verstappen-capo-total-en-austria-hizo-la-pole-position-en-la-clasificacion-de-la-f1-5.jpg\" width=\"290\" height=\"290\" decoding=\"async\" data-nimg=\"future\" loading=\"lazy\"><\/picture>\n<p><span>Mir\u00e1 tambi\u00e9n<\/span><\/p>\n<hr>\n<h3>Alarma en Red Bull: la sanci\u00f3n a Max Verstappen que le costar\u00e1 10 posiciones<\/h3>\n<\/p>\n<\/section>\n<\/div>\n<div class=\"sc-a7166897-0 exHLBh\" readability=\"7\">\n<section readability=\"4\"><picture><img alt=\"Max Verstappen empez\u00f3 a adue\u00f1arse del GP de Austria: gan\u00f3 el sprint shootout de hoy, por la F1\" src=\"http:\/\/cordobadirecto.com\/wp-content\/uploads\/2024\/06\/max-verstappen-capo-total-en-austria-hizo-la-pole-position-en-la-clasificacion-de-la-f1-6.jpg\" width=\"290\" height=\"290\" decoding=\"async\" data-nimg=\"future\" loading=\"lazy\"><\/picture>\n<p><span>Mir\u00e1 tambi\u00e9n<\/span><\/p>\n<hr>\n<h3>Max Verstappen empez\u00f3 a adue\u00f1arse del GP de Austria: gan\u00f3 el sprint shootout de hoy, por la F1<\/h3>\n<\/p>\n<\/section>\n<\/div>\n<\/div>\n","protected":false},"excerpt":{"rendered":"<p>29\/06\/2024 15:04hs. Actualizado al 29\/06\/2024 18:11hs. El nombre del circuito deb\u00eda tomarse como un aviso: Red Bull Ring. Y cuando el Red Bull de Max Verstappen est\u00e1 en el ring, no hay forma de que los McLaren, Ferrari y Mercedes compitan. Hasta este s\u00e1bado, en el que se disputaron la carrera sprint y la clasificaci\u00f3n, [&hellip;]<\/p>\n","protected":false},"author":1,"featured_media":152032,"comment_status":"closed","ping_status":"closed","sticky":false,"template":"","format":"standard","meta":[],"categories":[21],"tags":[],"_links":{"self":[{"href":"http:\/\/cordobadirecto.com\/index.php\/wp-json\/wp\/v2\/posts\/152031"}],"collection":[{"href":"http:\/\/cordobadirecto.com\/index.php\/wp-json\/wp\/v2\/posts"}],"about":[{"href":"http:\/\/cordobadirecto.com\/index.php\/wp-json\/wp\/v2\/types\/post"}],"author":[{"embeddable":true,"href":"http:\/\/cordobadirecto.com\/index.php\/wp-json\/wp\/v2\/users\/1"}],"replies":[{"embeddable":true,"href":"http:\/\/cordobadirecto.com\/index.php\/wp-json\/wp\/v2\/comments?post=152031"}],"version-history":[{"count":0,"href":"http:\/\/cordobadirecto.com\/index.php\/wp-json\/wp\/v2\/posts\/152031\/revisions"}],"wp:featuredmedia":[{"embeddable":true,"href":"http:\/\/cordobadirecto.com\/index.php\/wp-json\/wp\/v2\/media\/152032"}],"wp:attachment":[{"href":"http:\/\/cordobadirecto.com\/index.php\/wp-json\/wp\/v2\/media?parent=152031"}],"wp:term":[{"taxonomy":"category","embeddable":true,"href":"http:\/\/cordobadirecto.com\/index.php\/wp-json\/wp\/v2\/categories?post=152031"},{"taxonomy":"post_tag","embeddable":true,"href":"http:\/\/cordobadirecto.com\/index.php\/wp-json\/wp\/v2\/tags?post=152031"}],"curies":[{"name":"wp","href":"https:\/\/api.w.org\/{rel}","templated":true}]}}