{"id":152033,"date":"2024-06-29T09:31:00","date_gmt":"2024-06-29T09:31:00","guid":{"rendered":"https:\/\/www.ole.com.ar\/autos\/franco-colapinto-carrera-sprint-f2-formula-2-vivo-hoy-hora-ver-tv-online-gp-austria_0_IgL3ORg24Q.html"},"modified":"2024-06-29T09:31:00","modified_gmt":"2024-06-29T09:31:00","slug":"trompo-agonico-y-carrera-arruinada-el-sprint-de-franco-colapinto-en-austria-por-la-f2","status":"publish","type":"post","link":"http:\/\/cordobadirecto.com\/index.php\/2024\/06\/29\/trompo-agonico-y-carrera-arruinada-el-sprint-de-franco-colapinto-en-austria-por-la-f2\/","title":{"rendered":"Trompo ag\u00f3nico y carrera arruinada: el sprint de Franco Colapinto en Austria, por la F2"},"content":{"rendered":"<p><time class=\"createDate\" datetime=\"2024-06-29T06:31:00-03:00\">29\/06\/2024 09:31hs.<\/time><time class=\"modificatedDate\" datetime=\"2024-06-29T12:22:31-03:00\"> Actualizado al 29\/06\/2024 15:22hs.<\/time><\/p>\n<div id=\"storyBody\" readability=\"58.201093560146\">\n<div class=\"sc-19aa7123-0 eTWyWV\" readability=\"15\">\n<p>Cuando pas\u00f3 la recta principal por pen\u00faltima vez, todo indicaba que ser\u00eda un s\u00e1bado de fiesta para<strong> Franco Colapinto<\/strong>. Hab\u00eda hecho una carrera seria, guardado gomas, apretado cuando tuvo que hacerlo y escalado dos posiciones para meter un 5\u00b0 puesto sensacional&#8230; pero todo se ech\u00f3 a perder en la \u00faltima vuelta: <strong>el argentino<\/strong> <strong>hizo un trompo ag\u00f3nico luego de haber peleado con su compa\u00f1ero de equipo, Dennis Hauger, y qued\u00f3 11\u00b0.<\/strong><\/p>\n<\/div>\n<div class=\"sc-19aa7123-0 eTWyWV\" readability=\"21\">\n<p>Ese error en el final duele, sobre todo, <strong>porque el piloto del MP Motorsport hab\u00eda hecho una carrera inteligent\u00edsima.<\/strong> Cuando se dio cuenta de que no pod\u00eda pelearle a Bortoleto, que manej\u00f3 un misil -no por nada luch\u00f3 por entrar en el podio hasta la bandera a cuadros-, se abri\u00f3. Cuando no lo atacaron, administr\u00f3. Cuando tuvo alg\u00fan auto a merced, como pas\u00f3 con Barnard, esper\u00f3 al momento correcto y reci\u00e9n ah\u00ed meti\u00f3 la trompa. Pero al final, en la agon\u00eda del sprint, <strong>entr\u00f3 en juego la ambici\u00f3n, el no querer perder un valioso 5\u00b0 puesto, y termin\u00f3 perdi\u00e9ndolo todo.<\/strong><\/p>\n<\/div>\n<div class=\"sc-e7b891c4-0 jPbnQF\"><img alt=\"Colapinto pec\u00f3 de ambicioso, pele\u00f3 un poco m\u00e1s all\u00e1 de los l\u00edmites y lo pag\u00f3 caro.\" src=\"http:\/\/cordobadirecto.com\/wp-content\/uploads\/2024\/06\/trompo-agonico-y-carrera-arruinada-el-sprint-de-franco-colapinto-en-austria-por-la-f2.jpg\" width=\"720\" height=\"100\" decoding=\"async\" data-nimg=\"future\" loading=\"lazy\"><span class=\"epigraphe\">Colapinto pec\u00f3 de ambicioso, pele\u00f3 un poco m\u00e1s all\u00e1 de los l\u00edmites y lo pag\u00f3 caro.<\/span><\/div>\n<div class=\"sc-19aa7123-0 eTWyWV\" readability=\"18\">\n<p>Un Hauger que antes lo hab\u00eda ayudado al quitarle a Durksen de encima -el paraguayo estaba por arrebatarle la posici\u00f3n a Franco- <strong>fue a buscarlo para pasarlo.<\/strong> Tras la segunda recta, en la que el DRS hizo el trabajo, el noruego se tir\u00f3 por afuera y el argentino se defendi\u00f3 con u\u00f1as, dientes y algo m\u00e1s: <strong>primero, le cerr\u00f3 la puerta y lo dej\u00f3 casi sin pista, y al salir de la curva,<\/strong> <strong>lo barri\u00f3 hacia afuera. <\/strong>Finalmente, su compa\u00f1ero se recompuso y sigui\u00f3, mientras que Colapinto patin\u00f3 en una acelerada y entr\u00f3 en trompo.<\/p>\n<\/div>\n<div class=\"sc-19aa7123-0 eTWyWV\" readability=\"17\">\n<p><strong>&#8220;\u00bfCu\u00e1l es el problema con \u00e9l?&#8221;<\/strong>, fue el estallido de Hauger. Sin vueltas, el pibe de 21 a\u00f1os reconoci\u00f3 su error:<strong> &#8220;Mala m\u00eda, perdimos bastantes puntos por eso&#8221;<\/strong>. Y as\u00ed concluy\u00f3 un s\u00e1bado que pintaba b\u00e1rbaro para Franco y que, como hace una semana en Espa\u00f1a, termin\u00f3 en decepci\u00f3n. Que el domingo, tambi\u00e9n como el finde pasado, termine en festejos: <strong>partir\u00e1 4\u00b0 en la final que se largar\u00e1 a las 5.<\/strong><\/p>\n<\/div>\n<p><h2><strong>La pelea de Colapinto con su compa\u00f1ero en la \u00faltima vuelta<\/strong><\/h2>\n<\/p>\n<div type=\"embed\" class=\"sc-3f46f5ae-0 djVTgz\">\n<div class=\"sc-3f46f5ae-1 fTjZec videoText\" id=\"contentTitleembedr0XEeTro\" type=\"embed\"><svg fill=\"#ffffff\"><symbol id=\"play\" viewBox=\"0 0 512 512\"><path d=\"M512 256C512 397.4 397.4 512 256 512C114.6 512 0 397.4 0 256C0 114.6 114.6 0 256 0C397.4 0 512 114.6 512 256zM176 168V344C176 352.7 180.7 360.7 188.3 364.9C195.8 369.2 205.1 369 212.5 364.5L356.5 276.5C363.6 272.1 368 264.4 368 256C368 247.6 363.6 239.9 356.5 235.5L212.5 147.5C205.1 142.1 195.8 142.8 188.3 147.1C180.7 151.3 176 159.3 176 168V168z\" \/><\/symbol><use xlink:href=\"#play\" \/><\/svg><\/p>\n<div class=\"right\">\n<p>Franco Colapinto<!-- --> &#8211;<!-- --> <span>&nbsp;<\/span><\/p>\n<h2 class=\"title-vid\">Pelea con su compa\u00f1ero y trompo de Colapinto en la sprint de la F2 en Austria<\/h2>\n<\/div>\n<\/div>\n<p><span class=\"back\" id=\"spanBackembedr0XEeTro\"><\/span><\/div>\n<p><h2><strong>El resumen de la carrera de Franco Colapinto en Austria, por la F2<\/strong><\/h2>\n<\/p>\n<article class=\"sc-2fb8051d-2 bFtITN\" readability=\"1\"><time>29\/06\/2024, <span>13:30<\/span><\/time><\/p>\n<div class=\"groupItems\" id=\"Post0\" readability=\"32\">\n<p><h2><strong>As\u00ed qued\u00f3 la tabla de la F2<\/strong><\/h2>\n<\/p>\n<div class=\"sc-19aa7123-0 eTWyWV\">\n<ol>\n<li>Aron &#8211; 107 puntos<\/li>\n<li>Hadjar &#8211; 91<\/li>\n<li>Maloney &#8211; 75<\/li>\n<li>Crawford &#8211; 65<\/li>\n<li>Hauger &#8211; 60<\/li>\n<li>Bortoleto &#8211; 60<\/li>\n<li>Colapinto &#8211; 56<\/li>\n<li>Maini &#8211; 52<\/li>\n<li>Antonelli &#8211; 48<\/li>\n<li>O&#8217;Sullivan &#8211; 40<\/li>\n<\/ol>\n<\/div>\n<\/div>\n<\/article>\n<article class=\"sc-2fb8051d-2 kzQHEt\" readability=\"1\"><time>29\/06\/2024, <span>13:10<\/span><\/time><\/p>\n<div class=\"groupItems\" id=\"Post1\" readability=\"32\">\n<p><h2><strong>Las posiciones finales del sprint de la F2 en Austria<\/strong><\/h2>\n<\/p>\n<div class=\"sc-19aa7123-0 eTWyWV\">\n<ol>\n<li>Bearman<\/li>\n<li>Marti<\/li>\n<li>Aron<\/li>\n<li>Bortoleto<\/li>\n<li>Hauger<\/li>\n<li>Crawford<\/li>\n<li>Maini<\/li>\n<li>Durksen<\/li>\n<li>O&#8217;Sullivan<\/li>\n<li>Martins<\/li>\n<li>Colapinto<\/li>\n<li>Barnard<\/li>\n<li>Hadjar<\/li>\n<li>Fittipaldi<\/li>\n<li>Antonelli<\/li>\n<li>Correa<\/li>\n<li>Maloney<\/li>\n<li>Cordeel<\/li>\n<li>Villag\u00f3mez<\/li>\n<li>Verschoor<\/li>\n<li>Stanek<\/li>\n<li>Miyata<\/li>\n<\/ol>\n<\/div>\n<\/div>\n<\/article>\n<article class=\"sc-2fb8051d-2 bFtITN\" readability=\"0.89045383411581\"><time>29\/06\/2024, <span>12:50<\/span><\/time><\/p>\n<div class=\"groupItems\" id=\"Post2\" readability=\"31.948553054662\">\n<p><h2><strong>La autocr\u00edtica de Colapinto por su error en la \u00faltima vuelta<\/strong><\/h2>\n<\/p>\n<div class=\"sc-19aa7123-0 eTWyWV\" readability=\"13\">\n<p>&#8220;Ven\u00eda patinando mucho, y en la \u00faltima vuelta aceler\u00e9 un poco de m\u00e1s y se me gir\u00f3. <strong>Mala m\u00eda, lamentablemente perdimos bastantes puntos por eso. <\/strong>Al final no ten\u00eda ritmo y me qued\u00e9 sin gomas. Entender\u00e9 qu\u00e9 podemos mejorar, hay que pensar en ma\u00f1ana&#8221;, fue la palabra de Colapinto.<\/p>\n<\/div>\n<\/div>\n<\/article>\n<article class=\"sc-2fb8051d-2 bFtITN\" readability=\"1\"><time>29\/06\/2024, <span>12:12<\/span><\/time><\/p>\n<div class=\"groupItems\" id=\"Post3\" readability=\"36\">\n<p><h2><strong>Termin\u00f3 la carrera sprint de la F2<\/strong><\/h2>\n<\/p>\n<div class=\"sc-19aa7123-0 eTWyWV\" readability=\"13\">\n<p>Bearman gan\u00f3 la carrera (fue seguido por Marti y Aron). Colapinto, que estaba consiguiendo un gran 5\u00b0 puesto, encerr\u00f3 a su compa\u00f1ero cuando defend\u00eda la posici\u00f3n y, por un toque, <strong>hizo un trompo y termin\u00f3 11\u00b0.<\/strong><\/p>\n<\/div>\n<div class=\"sc-e7b891c4-0 jPbnQF\"><img alt=\"Franco Colapinto no pudo redondear una buena sprint. (MP Motorsport)\" src=\"http:\/\/cordobadirecto.com\/wp-content\/uploads\/2024\/06\/trompo-agonico-y-carrera-arruinada-el-sprint-de-franco-colapinto-en-austria-por-la-f2-1.jpg\" width=\"720\" height=\"100\" decoding=\"async\" data-nimg=\"future\" loading=\"lazy\"><span class=\"epigraphe\">Franco Colapinto no pudo redondear una buena sprint. (MP Motorsport)<\/span><\/div>\n<\/div>\n<\/article>\n<article class=\"sc-2fb8051d-2 kzQHEt\" readability=\"1\"><time>29\/06\/2024, <span>12:09<\/span><\/time><\/p>\n<div class=\"groupItems\" id=\"Post4\" readability=\"35\">\n<p><h2><strong>Vuelta 28\/28 | Colapinto cay\u00f3 al 11\u00b0 puesto<\/strong><\/h2>\n<\/p>\n<div class=\"sc-19aa7123-0 eTWyWV\" readability=\"11\">\n<p>Cuando peleaba por defender la posici\u00f3n con su compa\u00f1ero, Hauger, <strong>el argentino sufri\u00f3 un toque, hizo un trompo y perdi\u00f3 seis posiciones.<\/strong><\/p>\n<\/div>\n<\/div>\n<\/article>\n<article class=\"sc-2fb8051d-2 kzQHEt\" readability=\"1\"><time>29\/06\/2024, <span>12:08<\/span><\/time><\/p>\n<div class=\"groupItems\" id=\"Post5\" readability=\"34.5\">\n<p><h2><strong>Vuelta 26\/28 | \u00a1Colapinto es el nuevo 5\u00b0 de la carrera!<\/strong><\/h2>\n<\/p>\n<div class=\"sc-19aa7123-0 eTWyWV\" readability=\"10\">\n<p>El argentino pas\u00f3 a Maini, quien larg\u00f3 primero en la sprint, <strong>y se posicion\u00f3 5\u00b0 a falta de dos vueltas.<\/strong><\/p>\n<\/div>\n<\/div>\n<\/article>\n<article class=\"sc-2fb8051d-2 kzQHEt\" readability=\"1\"><time>29\/06\/2024, <span>12:01<\/span><\/time><\/p>\n<div class=\"groupItems\" id=\"Post6\" readability=\"35\">\n<p><h2><strong>Vuelta 22\/28 | El compa\u00f1ero de Colapinto lleg\u00f3 al rescate<\/strong><\/h2>\n<\/p>\n<div class=\"sc-19aa7123-0 eTWyWV\" readability=\"11\">\n<p>Hauger, compa del argentino en el MP Motorsport, se peg\u00f3 al aler\u00f3n trasero de Durksen y<strong> le dio aire a Colapinto (6\u00b0), que ahora pudo sacar algo de distancia.<\/strong><\/p>\n<\/div>\n<\/div>\n<\/article>\n<article class=\"sc-2fb8051d-2 kzQHEt\" readability=\"1\"><time>29\/06\/2024, <span>11:59<\/span><\/time><\/p>\n<div class=\"groupItems\" id=\"Post7\" readability=\"34.5\">\n<p><h2><strong>Vuelta 20\/28 | Colapinto se defiende de Durksen<\/strong><\/h2>\n<\/p>\n<div class=\"sc-19aa7123-0 eTWyWV\" readability=\"10\">\n<p>El paraguayo ya le mostr\u00f3 el auto al pilarense,<strong> que pudo aguantarlo en la segunda recta y mantenerse 6\u00b0. <\/strong>Con el DRS activado en la m\u00e1quina de su perseguidor, va a estar dif\u00edcil.<\/p>\n<\/div>\n<\/div>\n<\/article>\n<article class=\"sc-2fb8051d-2 kzQHEt\" readability=\"1.5\"><time>29\/06\/2024, <span>11:54<\/span><\/time><\/p>\n<div class=\"groupItems\" id=\"Post8\" readability=\"36\">\n<p><h2><strong>Vuelta 16\/28 | Colapinto, entre alejarse de Durksen y arrimarse a Bortoleto<\/strong><\/h2>\n<\/p>\n<div class=\"sc-19aa7123-0 eTWyWV\" readability=\"11\">\n<p><strong>Franco est\u00e1 a 2s500 del brasile\u00f1o Bortoleto, 5\u00b0 en el sprint<\/strong>, y 1s200 por delante del paraguayo Durksen, quien le est\u00e1 recortando distancias a cuentagotas. <\/p>\n<\/div>\n<\/div>\n<\/article>\n<article class=\"sc-2fb8051d-2 bFtITN\" readability=\"0.76666666666667\"><time>29\/06\/2024, <span>11:50<\/span><\/time><\/p>\n<div class=\"groupItems\" id=\"Post9\" readability=\"24.08480565371\">\n<p><h2><strong>(VIDEO) El adelantamiento de Colapinto a Barnard<\/strong><\/h2>\n<\/p>\n<\/div>\n<\/article>\n<article class=\"sc-2fb8051d-2 kzQHEt\" readability=\"1\"><time>29\/06\/2024, <span>11:47<\/span><\/time><\/p>\n<div class=\"groupItems\" id=\"Post10\" readability=\"34\">\n<p><h2><strong>Vuelta 11\/28 | \u00a1Colapinto se comi\u00f3 a Barnard!<\/strong><\/h2>\n<\/p>\n<div class=\"sc-19aa7123-0 eTWyWV\" readability=\"9\">\n<p>El argentino se enchuf\u00f3 al aler\u00f3n trasero de Barnard en la segunda recta y lo pas\u00f3 en la curva 3. <strong>Ahora, Colapinto est\u00e1 6\u00b0.<\/strong><\/p>\n<\/div>\n<\/div>\n<\/article>\n<article class=\"sc-2fb8051d-2 kzQHEt\" readability=\"1\"><time>29\/06\/2024, <span>11:42<\/span><\/time><\/p>\n<div class=\"groupItems\" id=\"Post11\" readability=\"36.5\">\n<p><h2><strong>Vuelta 7\/28 | Triple pelea delante de Colapinto<\/strong><\/h2>\n<\/p>\n<div class=\"sc-19aa7123-0 eTWyWV\" readability=\"14\">\n<p>Aron, Barnard y Bortoleto (4\u00b0, 5\u00b0 y 6\u00b0, respectivamente) est\u00e1n muy cerquita y pas\u00e1ndose entre ellos. Si hay alg\u00fan toquecito,<strong> Colapinto, que marcha 7\u00b0, lo puede aprovechar&#8230;<\/strong><\/p>\n<\/div>\n<\/div>\n<\/article>\n<article class=\"sc-2fb8051d-2 bFtITN\" readability=\"0.7781954887218\"><time>29\/06\/2024, <span>11:40<\/span><\/time><\/p>\n<div class=\"groupItems\" id=\"Post12\" readability=\"24.417670682731\">\n<p><h2><strong>(VIDEO) La largada de la carrera sprint <\/strong><\/h2>\n<\/p>\n<\/div>\n<\/article>\n<article class=\"sc-2fb8051d-2 kzQHEt\" readability=\"1\"><time>29\/06\/2024, <span>11:38<\/span><\/time><\/p>\n<div class=\"groupItems\" id=\"Post13\" readability=\"34.5\">\n<p><h2><strong>Vuelta 4\/28 | Bearman lidera la carrera<\/strong><\/h2>\n<\/p>\n<div class=\"sc-19aa7123-0 eTWyWV\" readability=\"10\">\n<p>El piloto de Prema, que se puso primero por la floja partida de Maini, hizo la vuelta r\u00e1pida y se aleja en la cima. <strong>Colapinto sigue 7\u00b0.<\/strong><\/p>\n<\/div>\n<\/div>\n<\/article>\n<article class=\"sc-2fb8051d-2 kzQHEt\" readability=\"1\"><time>29\/06\/2024, <span>11:35<\/span><\/time><\/p>\n<div class=\"groupItems\" id=\"Post14\" readability=\"34.5\">\n<p><h2><strong>Vuelta 2\/28 | Bortoleto pas\u00f3 a Colapinto<\/strong><\/h2>\n<\/p>\n<div class=\"sc-19aa7123-0 eTWyWV\" readability=\"10\">\n<p>El pilarense no pudo aguantar al brasile\u00f1o en la recta y, llegada la curva 3,<strong> perdi\u00f3 la posici\u00f3n y qued\u00f3 7\u00b0.<\/strong><\/p>\n<\/div>\n<\/div>\n<\/article>\n<article class=\"sc-2fb8051d-2 bFtITN\" readability=\"1\"><time>29\/06\/2024, <span>11:34<\/span><\/time><\/p>\n<div class=\"groupItems\" id=\"Post15\" readability=\"33.5\">\n<p><h2><strong>\u00a1Se larg\u00f3 la carrera sprint de la F2 en Austria!<\/strong><\/h2>\n<\/p>\n<div class=\"sc-19aa7123-0 eTWyWV\" readability=\"8\">\n<p>Grand\u00edsima largada de Colapinto, que se defendi\u00f3 con \u00e9xito de los ataques y <strong>se puso 6\u00b0.<\/strong><\/p>\n<\/div>\n<div class=\"sc-e7b891c4-0 jPbnQF\"><img alt=\"Franco Colapinto ya acelera en el Red Bull Ring. (MP Motorsport)\" src=\"http:\/\/cordobadirecto.com\/wp-content\/uploads\/2024\/06\/trompo-agonico-y-carrera-arruinada-el-sprint-de-franco-colapinto-en-austria-por-la-f2-2.jpg\" width=\"720\" height=\"100\" decoding=\"async\" data-nimg=\"future\" loading=\"lazy\"><span class=\"epigraphe\">Franco Colapinto ya acelera en el Red Bull Ring. (MP Motorsport)<\/span><\/div>\n<\/div>\n<\/article>\n<article class=\"sc-2fb8051d-2 kzQHEt\" readability=\"1\"><time>29\/06\/2024, <span>11:30<\/span><\/time><\/p>\n<div class=\"groupItems\" id=\"Post16\" readability=\"33.5\">\n<p><h2><strong>Empez\u00f3 la vuelta previa: falta muy poquito para el inicio<\/strong><\/h2>\n<\/p>\n<div class=\"sc-19aa7123-0 eTWyWV\" readability=\"8\">\n<p>Las luces del sem\u00e1foro, a un giro de apagarse y darle arranque a la carrera sprint de la F2.<\/p>\n<\/div>\n<\/div>\n<\/article>\n<article class=\"sc-2fb8051d-2 kzQHEt\" readability=\"0.896\"><time>29\/06\/2024, <span>11:20<\/span><\/time><\/p>\n<div class=\"groupItems\" id=\"Post17\" readability=\"28.513966480447\">\n<p><h2><strong>El mensaje de Colapinto tras su 4\u00b0 puesto en la qualy<\/strong><\/h2>\n<\/p>\n<div class=\"custom-embedhtml\" readability=\"6.1019736842105\">\n<blockquote class=\"twitter-tweet\" readability=\"6.1019736842105\">\n<p lang=\"es\" dir=\"ltr\">Tranquilossss que al final siempre llega esa vuelta jaja \ud83e\uddd8<br \/>D\u00eda dif\u00edcil pero lo pudimos sacar adelante. Falt\u00f3 un poco de confianza para estar m\u00e1s fino..<br \/>Segunda fila para el domingo. <br \/>Vamos x buenos puntitossss \ud83d\udc99\ud83c\udde6\ud83c\uddf7 <a href=\"https:\/\/t.co\/LQ9HxMQLbt\">pic.twitter.com\/LQ9HxMQLbt<\/a><\/p>\n<p>\u2014 Franco Colapinto (@FranColapinto) <a href=\"https:\/\/twitter.com\/FranColapinto\/status\/1806739009537732753?ref_src=twsrc%5Etfw\">June 28, 2024<\/a><\/p><\/blockquote><\/div>\n<\/div>\n<\/article>\n<article class=\"sc-2fb8051d-2 kzQHEt\" readability=\"0.75909090909091\"><time>29\/06\/2024, <span>11:05<\/span><\/time><\/p>\n<div class=\"groupItems\" id=\"Post18\" readability=\"23.645320197044\">\n<p><h2><strong>La grilla completa para la carrera sprint de la F2<\/strong><\/h2>\n<\/p>\n<\/div>\n<\/article>\n<article class=\"sc-2fb8051d-2 kzQHEt\" readability=\"0.74146341463415\"><time>29\/06\/2024, <span>10:45<\/span><\/time><\/p>\n<div class=\"groupItems\" id=\"Post19\" readability=\"22.978723404255\">\n<p><h2><strong>El equipo de Colapinto ya palpita el sprint<\/strong><\/h2>\n<\/p>\n<\/div>\n<\/article>\n<article class=\"sc-2fb8051d-2 kzQHEt\" readability=\"1\"><time>29\/06\/2024, <span>10:30<\/span><\/time><\/p>\n<div class=\"groupItems\" id=\"Post20\" readability=\"36\">\n<p><h2><strong>Colapinto viene de un gran fin de semana en Barcelona<\/strong><\/h2>\n<\/p>\n<div class=\"sc-19aa7123-0 eTWyWV\" readability=\"13\">\n<p>El piloto del MP Motorsport mostr\u00f3 un buen rendimiento en el GP de Espa\u00f1a, <strong>comenzando por una buena qualy en la que acab\u00f3 3\u00b0<\/strong>. Aunque no cumpli\u00f3 en la carrera sprint, en la que cay\u00f3 en la grilla, fue sancionado y termin\u00f3 18\u00b0, <strong>meti\u00f3 un grand\u00edsimo 2\u00b0 puesto en la principal<\/strong>. <\/p>\n<\/div>\n<div class=\"sc-e7b891c4-0 jPbnQF\"><img alt=\"Colapinto suma 56 unidades en el campeonato de la F\u00f3rmula 2. Est\u00e1 6\u00b0.\" src=\"http:\/\/cordobadirecto.com\/wp-content\/uploads\/2024\/06\/trompo-agonico-y-carrera-arruinada-el-sprint-de-franco-colapinto-en-austria-por-la-f2-3.jpg\" width=\"720\" height=\"100\" decoding=\"async\" data-nimg=\"future\" loading=\"lazy\"><span class=\"epigraphe\">Colapinto suma 56 unidades en el campeonato de la F\u00f3rmula 2. Est\u00e1 6\u00b0.<\/span><\/div>\n<\/div>\n<\/article>\n<article class=\"sc-2fb8051d-2 kzQHEt\" readability=\"1\"><time>29\/06\/2024, <span>10:01<\/span><\/time><\/p>\n<div class=\"groupItems\" id=\"Post21\" readability=\"35.5\">\n<p><h2><strong>\u00bfC\u00f3mo viene Colapinto en la F2?<\/strong><\/h2>\n<\/p>\n<div class=\"sc-19aa7123-0 eTWyWV\" readability=\"12\">\n<p>En su a\u00f1o debut en la categor\u00eda, es el segundo mejor rookie (detr\u00e1s de Paul Aron, l\u00edder del campeonato) y ya tiene un triunfo en su haber (el Sprint de Imola). <strong>Con 56 puntos, marcha en la sexta posici\u00f3n de la tabla.<\/strong><\/p>\n<\/div>\n<\/div>\n<\/article>\n<article class=\"sc-2fb8051d-2 kzQHEt\" readability=\"1.5\"><time>29\/06\/2024, <span>09:40<\/span><\/time><\/p>\n<div class=\"groupItems\" id=\"Post22\" readability=\"37\">\n<p><h2><strong>La palabra de Colapinto, tras la clasificaci\u00f3n<\/strong><\/h2>\n<\/p>\n<div class=\"sc-19aa7123-0 eTWyWV\" readability=\"13\">\n<p>&#8220;Es una buena posici\u00f3n para las dos carreras y hay que trabajar para dejar la mejor puesta a punto para cada una de las carreras y tratar de ajustar muy bien el auto, porque es un circuito que tiene varias posibilidades de sobrepaso, hay tres zonas se DRS seguidas. <strong>Tenemos muy buenas posibilidades<\/strong>&#8220;, le dijo a ESPN.<\/p>\n<\/div>\n<div class=\"sc-e7b891c4-0 jPbnQF\"><img alt=\"Franco Colapinto, piloto argentino en la F\u00f3rmula 2. (MP Motorsport)\" src=\"http:\/\/cordobadirecto.com\/wp-content\/uploads\/2024\/06\/trompo-agonico-y-carrera-arruinada-el-sprint-de-franco-colapinto-en-austria-por-la-f2-4.jpg\" width=\"720\" height=\"100\" decoding=\"async\" data-nimg=\"future\" loading=\"lazy\"><span class=\"epigraphe\">Franco Colapinto, piloto argentino en la F\u00f3rmula 2. (MP Motorsport)<\/span><\/div>\n<\/div>\n<\/article>\n<article class=\"sc-2fb8051d-2 kzQHEt\" readability=\"1\"><time>29\/06\/2024, <span>09:20<\/span><\/time><\/p>\n<div class=\"groupItems\" id=\"Post23\" readability=\"36.5\">\n<p><h2><strong>\u00bfEn qu\u00e9 posici\u00f3n largar\u00e1 Colapinto el Sprint?<\/strong><\/h2>\n<\/p>\n<div class=\"sc-19aa7123-0 eTWyWV\" readability=\"14\">\n<p>Pese a haber marcado el cuarto mejor tiempo en la qualy del viernes, <strong>el pilarense de 21 a\u00f1os partir\u00e1 desde el 7\u00b0 lugar producto del sistema de grilla invertida<\/strong> (el poleman larga 10\u00b0, el 2\u00b0 sale 9\u00b0, el 3\u00b0 arranca 8\u00b0, y as\u00ed sucesivamente). Kush Maini y Oliver Bearman picar\u00e1n desde la primera fila.<\/p>\n<\/div>\n<\/div>\n<\/article>\n<article class=\"sc-2fb8051d-2 bFtITN\" readability=\"1\"><time>29\/06\/2024, <span>09:00<\/span><\/time><\/p>\n<div class=\"groupItems\" id=\"Post24\" readability=\"35\">\n<p><h2> <strong>Hora y d\u00f3nde ver el Sprint del GP de Austria de la F2<\/strong><\/h2>\n<\/p>\n<div class=\"sc-19aa7123-0 eTWyWV\" readability=\"11\">\n<p>Este s\u00e1bado, <strong>desde las 8.30<\/strong>, se realizar\u00e1 la carrera sprint, a 28 vueltas. Toda la actividad se podr\u00e1 ver en vivo por Disney+ (ex Star+).<\/p>\n<\/div>\n<\/div>\n<\/article>\n<\/div>\n","protected":false},"excerpt":{"rendered":"<p>29\/06\/2024 09:31hs. Actualizado al 29\/06\/2024 15:22hs. Cuando pas\u00f3 la recta principal por pen\u00faltima vez, todo indicaba que ser\u00eda un s\u00e1bado de fiesta para Franco Colapinto. Hab\u00eda hecho una carrera seria, guardado gomas, apretado cuando tuvo que hacerlo y escalado dos posiciones para meter un 5\u00b0 puesto sensacional&#8230; pero todo se ech\u00f3 a perder en la [&hellip;]<\/p>\n","protected":false},"author":1,"featured_media":152034,"comment_status":"closed","ping_status":"closed","sticky":false,"template":"","format":"standard","meta":[],"categories":[21],"tags":[],"_links":{"self":[{"href":"http:\/\/cordobadirecto.com\/index.php\/wp-json\/wp\/v2\/posts\/152033"}],"collection":[{"href":"http:\/\/cordobadirecto.com\/index.php\/wp-json\/wp\/v2\/posts"}],"about":[{"href":"http:\/\/cordobadirecto.com\/index.php\/wp-json\/wp\/v2\/types\/post"}],"author":[{"embeddable":true,"href":"http:\/\/cordobadirecto.com\/index.php\/wp-json\/wp\/v2\/users\/1"}],"replies":[{"embeddable":true,"href":"http:\/\/cordobadirecto.com\/index.php\/wp-json\/wp\/v2\/comments?post=152033"}],"version-history":[{"count":0,"href":"http:\/\/cordobadirecto.com\/index.php\/wp-json\/wp\/v2\/posts\/152033\/revisions"}],"wp:featuredmedia":[{"embeddable":true,"href":"http:\/\/cordobadirecto.com\/index.php\/wp-json\/wp\/v2\/media\/152034"}],"wp:attachment":[{"href":"http:\/\/cordobadirecto.com\/index.php\/wp-json\/wp\/v2\/media?parent=152033"}],"wp:term":[{"taxonomy":"category","embeddable":true,"href":"http:\/\/cordobadirecto.com\/index.php\/wp-json\/wp\/v2\/categories?post=152033"},{"taxonomy":"post_tag","embeddable":true,"href":"http:\/\/cordobadirecto.com\/index.php\/wp-json\/wp\/v2\/tags?post=152033"}],"curies":[{"name":"wp","href":"https:\/\/api.w.org\/{rel}","templated":true}]}}